{"id":604175,"date":"2023-12-12T00:06:17","date_gmt":"2023-12-12T06:06:17","guid":{"rendered":"https:\/\/www.diarioimagen.net\/?p=604175"},"modified":"2023-12-12T22:47:39","modified_gmt":"2023-12-13T04:47:39","slug":"cuenta-uaemex-con-agentes-de-cambio-y-lideres-potenciales-en-personas-egresadas-de-posgrado","status":"publish","type":"post","link":"https:\/\/www.diarioimagen.net\/?p=604175","title":{"rendered":"Cuenta UAEM\u00e9x con agentes de cambio y l\u00edderes potenciales, en personas egresadas de posgrado"},"content":{"rendered":"<p>&nbsp;<\/p>\n<ul>\n<li><strong><em>En el Aula Magna \u201cLic. Adolfo L\u00f3pez Mateos\u201d del Edificio de Rector\u00eda, se realiz\u00f3 la ceremonia de Entrega de Grados de Maestr\u00eda y Doctorado Oto\u00f1o 2023<\/em><\/strong><\/li>\n<\/ul>\n<p><strong>\u00a0<\/strong><\/p>\n<div id=\"attachment_604254\" style=\"width: 470px\" class=\"wp-caption aligncenter\"><a href=\"https:\/\/www.diarioimagen.net\/?attachment_id=604254\" rel=\"attachment wp-att-604254\"><img loading=\"lazy\" decoding=\"async\" aria-describedby=\"caption-attachment-604254\" class=\"size-full wp-image-604254\" src=\"https:\/\/www.diarioimagen.net\/wp-content\/uploads\/2023\/12\/uaem-cuenta-con-agentes.jpg\" alt=\"\" width=\"460\" height=\"270\" \/><\/a><p id=\"caption-attachment-604254\" class=\"wp-caption-text\">El rector de la UAEM\u00e9x, Carlos Eduardo Barrera D\u00edaz, dijo que esta casa de estudios ofrece m\u00e1s de 100 programas de posgrado, de los cuales 46 son especialidades, 41 son maestr\u00edas y 22 son doctorados.<\/p><\/div>\n<p>&nbsp;<\/p>\n<p><strong>Toluca, Estado de M\u00e9xico.<\/strong>\u2014 El rector de la Universidad Aut\u00f3noma del Estado de M\u00e9xico (UAEM\u00e9x), Carlos Eduardo Barrera D\u00edaz, encabez\u00f3 la ceremonia de Entrega de Grados de Maestr\u00eda y Doctorado Oto\u00f1o 2023, en la cual reconoci\u00f3 la dedicaci\u00f3n y compromiso que demostraron las y los graduados durante sus a\u00f1os de estudio.<\/p>\n<p>En el Aula Magna \u201cLic. Adolfo L\u00f3pez Mateos\u201d del Edificio de Rector\u00eda, Barrera D\u00edaz expres\u00f3 que las personas que se graduaron de posgrado cuentan con un alto nivel de especializaci\u00f3n en sus respectivas \u00e1reas de conocimiento, adem\u00e1s de que desarrollaron habilidadde pensamiento cr\u00edtico, resoluci\u00f3n de problemas y capacidad de adaptarse a entornos desafiantes.<\/p>\n<p>\u201cEsta universidad espera de ustedes su actuaci\u00f3n como agentes de cambio, como l\u00edderes potenciales y promotores del conocimiento. Sus acciones y decisiones afectar\u00e1n a su entorno inmediato y a la sociedad en general\u201d, afirm\u00f3 el rector de la UAEM\u00e9x.<\/p>\n<p>Barrera D\u00edaz detall\u00f3 que actualmente la UAEM\u00e9x ofrece m\u00e1s de 100 programas de posgrado, de los cuales, 46 son especialidades, 41 son maestr\u00edas y 22 son doctorados. De ese total, 79 forman parte del Sistema Nacional de Posgrados del Consejo Nacional de Humanidades, Ciencias y Tecnolog\u00eda (CONAHCyT) y 21 fueron certificados por la Comisi\u00f3n Interinstitucional para la Formaci\u00f3n de Recursos Humanos en el \u00c1rea de la Salud.<\/p>\n<p>En ese sentido, afirm\u00f3 que las y los graduados representan un activo muy importante para la sociedad, as\u00ed como para la academia, para las empresas o en los emprendimientos que realizan porque cuentan con conocimiento profundo y especializado, as\u00ed como herramientas investigativas.<\/p>\n<p>Barrera D\u00edaz, en compa\u00f1\u00eda de la secretar\u00eda de Investigaci\u00f3n y Estudios Avanzados, Martha Patricia Zaraza Delgado, entreg\u00f3 los grados a cada uno de los graduados.<\/p>\n<p>En tanto, la investigadora de la Facultad de Ciencias de la UAEM\u00e9x e invitada de honor en la ceremonia, Lorena Romero Salazar, expres\u00f3 a las y los asistentes que se distinguen por su pertinencia y vigencia social, por lo que los exhort\u00f3 a colaborar con otras \u00e1reas del conocimiento y disciplinas, as\u00ed como a orientar a quienes est\u00e1n por incursionar en los estudios de posgrado.<\/p>\n<p>\u201cLa creatividad no tiene l\u00edmites y se fortalece al sumarse a los lenguajes y metodolog\u00edas de otras personas y otros campus\u201d, dijo.<\/p>\n<p>Al acto acudieron el director de Investigaci\u00f3n de la UAEM\u00e9x, Juan Roberto Calder\u00f3n Maya, la graduada con el mejor promedio de doctorado, Berenice Becerril Carbajal; integrantes del gabinete y comunidad universitaria, as\u00ed como familiares de los graduados de posgrado.<\/p>\n","protected":false},"excerpt":{"rendered":"<p>El rector de la Universidad Aut\u00f3noma del Estado de M\u00e9xico (UAEM\u00e9x), Carlos Eduardo Barrera D\u00edaz, encabez\u00f3 la ceremonia de Entrega de Grados de Maestr\u00eda y Doctorado Oto\u00f1o 2023, en la cual reconoci\u00f3 la dedicaci\u00f3n y compromiso que demostraron las y los graduados durante sus a\u00f1os de estudio.<\/p>\n","protected":false},"author":3,"featured_media":604254,"comment_status":"open","ping_status":"open","sticky":false,"template":"","format":"standard","meta":{"_monsterinsights_skip_tracking":false,"_monsterinsights_sitenote_active":false,"_monsterinsights_sitenote_note":"","_monsterinsights_sitenote_category":0,"footnotes":""},"categories":[5],"tags":[99051,77815,67878],"class_list":["post-604175","post","type-post","status-publish","format-standard","has-post-thumbnail","hentry","category-estado-de-mexico","tag-cabio","tag-posgrado","tag-uaemex"],"_links":{"self":[{"href":"https:\/\/www.diarioimagen.net\/index.php?rest_route=\/wp\/v2\/posts\/604175","targetHints":{"allow":["GET"]}}],"collection":[{"href":"https:\/\/www.diarioimagen.net\/index.php?rest_route=\/wp\/v2\/posts"}],"about":[{"href":"https:\/\/www.diarioimagen.net\/index.php?rest_route=\/wp\/v2\/types\/post"}],"author":[{"embeddable":true,"href":"https:\/\/www.diarioimagen.net\/index.php?rest_route=\/wp\/v2\/users\/3"}],"replies":[{"embeddable":true,"href":"https:\/\/www.diarioimagen.net\/index.php?rest_route=%2Fwp%2Fv2%2Fcomments&post=604175"}],"version-history":[{"count":0,"href":"https:\/\/www.diarioimagen.net\/index.php?rest_route=\/wp\/v2\/posts\/604175\/revisions"}],"wp:featuredmedia":[{"embeddable":true,"href":"https:\/\/www.diarioimagen.net\/index.php?rest_route=\/wp\/v2\/media\/604254"}],"wp:attachment":[{"href":"https:\/\/www.diarioimagen.net\/index.php?rest_route=%2Fwp%2Fv2%2Fmedia&parent=604175"}],"wp:term":[{"taxonomy":"category","embeddable":true,"href":"https:\/\/www.diarioimagen.net\/index.php?rest_route=%2Fwp%2Fv2%2Fcategories&post=604175"},{"taxonomy":"post_tag","embeddable":true,"href":"https:\/\/www.diarioimagen.net\/index.php?rest_route=%2Fwp%2Fv2%2Ftags&post=604175"}],"curies":[{"name":"wp","href":"https:\/\/api.w.org\/{rel}","templated":true}]}}