{"id":604179,"date":"2023-12-12T00:04:21","date_gmt":"2023-12-12T06:04:21","guid":{"rendered":"https:\/\/www.diarioimagen.net\/?p=604179"},"modified":"2023-12-12T01:30:59","modified_gmt":"2023-12-12T07:30:59","slug":"seguiremos-trabajando-por-la-unidad-y-la-4t-jonas-sandoval","status":"publish","type":"post","link":"https:\/\/www.diarioimagen.net\/?p=604179","title":{"rendered":"Seguiremos trabajando por la unidad y la 4T: Jon\u00e1s Sandoval"},"content":{"rendered":"<p>&nbsp;<\/p>\n<ul>\n<li><em><strong>Aspirante a la alcald\u00eda de Tlalnepantla<\/strong><\/em><\/li>\n<\/ul>\n<p><strong>\u00a0<\/strong><\/p>\n<h6>Arturo Baena<\/h6>\n<p>&nbsp;<\/p>\n<div id=\"attachment_604274\" style=\"width: 470px\" class=\"wp-caption aligncenter\"><a href=\"https:\/\/www.diarioimagen.net\/?attachment_id=604274\" rel=\"attachment wp-att-604274\"><img loading=\"lazy\" decoding=\"async\" aria-describedby=\"caption-attachment-604274\" class=\"size-full wp-image-604274\" src=\"https:\/\/www.diarioimagen.net\/wp-content\/uploads\/2023\/12\/seguiremos-trabajando.jpg\" alt=\"\" width=\"460\" height=\"270\" \/><\/a><p id=\"caption-attachment-604274\" class=\"wp-caption-text\">Jon\u00e1s Sandoval Orozco refrenda su compromiso de trabajar para y por las familias tlalnepantlenses.<\/p><\/div>\n<p>&nbsp;<\/p>\n<p><strong>Tlalnepantla, Estado de M\u00e9xico.\u2014<\/strong> La fuerza y convicci\u00f3n de nuestro movimiento se encuentran en la unidad. Vamos a seguir trabajando para la Cuarta Transformaci\u00f3n (4T), el Estado de M\u00e9xico, con la maestra Delfina G\u00f3mez y dar continuidad al gobierno federal, con la doctora Claudia Sheinbaum, ese es y seguir\u00e1 siendo nuestro compromiso.<\/p>\n<p>Afirm\u00f3 lo anterior Jon\u00e1s Sandoval Orozco, fuerte aspirante a la presidencia municipal de esta localidad por Morena, luego de refrendar su compromiso de trabajar para y por las familias tlalnepantlenses.<\/p>\n<p>Sandoval Orozco remarc\u00f3 que el liderazgo y visi\u00f3n de la gobernadora mexiquense, Delfina G\u00f3mez y de\u00a0 Claudia Sheinbaum, quienes son pilares fundamentales para consolidar un Estado de M\u00e9xico y una Naci\u00f3n m\u00e1s justa, igualitaria y pr\u00f3spera para todos los mexicanos.<\/p>\n<p>El pol\u00edtico mexiquense manifest\u00f3 su compromiso de trabajar en la defensa y promoci\u00f3n de los valores y principios de la Cuarta Transformaci\u00f3n.\u00a0 \u201cEs fundamental fortalecer la participaci\u00f3n ciudadana y garantizar que las voces de la sociedad sean escuchadas en la construcci\u00f3n de pol\u00edticas que verdaderamente respondan a sus necesidades y aspiraciones\u201d, reiter\u00f3.<\/p>\n<p>El aspirante a la alcald\u00eda de Tlalnepantla dijo que hay compromiso y determinaci\u00f3n, conscientes de que la unidad es la fortaleza. \u201cSeguiremos avanzando con paso firme, convencidos de que el futuro que anhelamos se construye con unidad y esfuerzo colectivo por un proyecto de Naci\u00f3n 2024-2030\u201d.<\/p>\n","protected":false},"excerpt":{"rendered":"<p>La fuerza y convicci\u00f3n de nuestro movimiento se encuentran en la unidad. Vamos a seguir trabajando para la Cuarta Transformaci\u00f3n (4T), el Estado de M\u00e9xico, con la maestra Delfina G\u00f3mez y dar continuidad al gobierno federal, con la doctora Claudia Sheinbaum, ese es y seguir\u00e1 siendo nuestro compromiso.<\/p>\n","protected":false},"author":3,"featured_media":604274,"comment_status":"open","ping_status":"open","sticky":false,"template":"","format":"standard","meta":{"_monsterinsights_skip_tracking":false,"_monsterinsights_sitenote_active":false,"_monsterinsights_sitenote_note":"","_monsterinsights_sitenote_category":0,"footnotes":""},"categories":[5],"tags":[43675,98984,169],"class_list":["post-604179","post","type-post","status-publish","format-standard","has-post-thumbnail","hentry","category-estado-de-mexico","tag-estado-de-mexico","tag-jonas-sandoval-orozco","tag-tlalnepantla"],"_links":{"self":[{"href":"https:\/\/www.diarioimagen.net\/index.php?rest_route=\/wp\/v2\/posts\/604179","targetHints":{"allow":["GET"]}}],"collection":[{"href":"https:\/\/www.diarioimagen.net\/index.php?rest_route=\/wp\/v2\/posts"}],"about":[{"href":"https:\/\/www.diarioimagen.net\/index.php?rest_route=\/wp\/v2\/types\/post"}],"author":[{"embeddable":true,"href":"https:\/\/www.diarioimagen.net\/index.php?rest_route=\/wp\/v2\/users\/3"}],"replies":[{"embeddable":true,"href":"https:\/\/www.diarioimagen.net\/index.php?rest_route=%2Fwp%2Fv2%2Fcomments&post=604179"}],"version-history":[{"count":0,"href":"https:\/\/www.diarioimagen.net\/index.php?rest_route=\/wp\/v2\/posts\/604179\/revisions"}],"wp:featuredmedia":[{"embeddable":true,"href":"https:\/\/www.diarioimagen.net\/index.php?rest_route=\/wp\/v2\/media\/604274"}],"wp:attachment":[{"href":"https:\/\/www.diarioimagen.net\/index.php?rest_route=%2Fwp%2Fv2%2Fmedia&parent=604179"}],"wp:term":[{"taxonomy":"category","embeddable":true,"href":"https:\/\/www.diarioimagen.net\/index.php?rest_route=%2Fwp%2Fv2%2Fcategories&post=604179"},{"taxonomy":"post_tag","embeddable":true,"href":"https:\/\/www.diarioimagen.net\/index.php?rest_route=%2Fwp%2Fv2%2Ftags&post=604179"}],"curies":[{"name":"wp","href":"https:\/\/api.w.org\/{rel}","templated":true}]}}