{"id":604180,"date":"2023-12-12T00:03:50","date_gmt":"2023-12-12T06:03:50","guid":{"rendered":"https:\/\/www.diarioimagen.net\/?p=604180"},"modified":"2023-12-12T01:30:24","modified_gmt":"2023-12-12T07:30:24","slug":"vamos-con-paso-firme-en-cuautitlan-izcalli-dice-karla-fiesco","status":"publish","type":"post","link":"https:\/\/www.diarioimagen.net\/?p=604180","title":{"rendered":"Vamos con paso firme en Cuautitl\u00e1n Izcalli, dice Karla Fiesco"},"content":{"rendered":"<p>&nbsp;<\/p>\n<ul>\n<li><em><strong>Segundo informe de gobierno<\/strong><\/em><\/li>\n<\/ul>\n<p>&nbsp;<\/p>\n<div id=\"attachment_604272\" style=\"width: 470px\" class=\"wp-caption aligncenter\"><a href=\"https:\/\/www.diarioimagen.net\/?attachment_id=604272\" rel=\"attachment wp-att-604272\"><img loading=\"lazy\" decoding=\"async\" aria-describedby=\"caption-attachment-604272\" class=\"size-full wp-image-604272\" src=\"https:\/\/www.diarioimagen.net\/wp-content\/uploads\/2023\/12\/vamos-con-paso.jpg\" alt=\"\" width=\"460\" height=\"270\" \/><\/a><p id=\"caption-attachment-604272\" class=\"wp-caption-text\">En su segundo informe, la alcaldesa Karla Fiesco Garc\u00eda, reiter\u00f3 que la uni\u00f3n entre gobierno y ciudadan\u00eda ha sido la mejor herramienta para transitar a un mejor rumbo.<\/p><\/div>\n<p>&nbsp;<\/p>\n<p><strong>Cuautitl\u00e1n Izcalli, Estado de M\u00e9xico.\u2014<\/strong> La presidenta municipal de esta localidad, Karla Fiesco Garc\u00eda, reiter\u00f3 que la uni\u00f3n entre gobierno y ciudadan\u00eda ha sido la mejor herramienta para transitar a un mejor rumbo. \u201cVamos construyendo realidades, y resultados por amor a Izcalli\u201d, dijo.<\/p>\n<p>Ante miles de izcallenses, autoridades federales, estatales y municipales, que asistieron a la explanada del Palacio Municipal a escuchar su 2o. Informe de Gobierno,\u00a0 Fiesco Garc\u00eda resalt\u00f3 que con un presupuesto hist\u00f3rico , se colocaron 17 mil 900 luminarias nuevas y 16 mil 700 reparadas, as\u00ed como 115 mil baches reparados, y el rescate de 43 parques colocando m\u00f3dulos de juego.<\/p>\n<p>Agreg\u00f3 que se pavimentaron y repavimentaron 55 vialidades que equivalen a 38.9 kil\u00f3metros; por otra parte, se rehabilitaron 28 pozos, asegurando que el agua potable llegue a los hogares, limpiando 613 mil metros lineales en drenaje y reparando m\u00e1s de 10 mil fugas de agua.<\/p>\n<p>La alcaldesa panista destac\u00f3 la creaci\u00f3n de la polic\u00eda de proximidad, donde se invirtieron m\u00e1s de 15 millones de pesos en equipo policial. \u201cEn comparaci\u00f3n con 2022 este a\u00f1o hemos reducido las incidencias delictivas en los delitos de alto impacto en un 23%.<\/p>\n<p>\u201cHemos logrado reducir en un 13% la percepci\u00f3n de inseguridad, tu confianza es la muestra de que vamos por un buen camino. El reto a\u00fan es grande, pero tambi\u00e9n lo es nuestra voluntad\u201d, dijo la alcaldesa izcallense.<\/p>\n<p>Karla Fiesco Garc\u00eda enfatiz\u00f3 el compromiso de proteger a las mujeres izcallenses, por ello se implement\u00f3 el \u201cOperativo Violeta\u201d, entregando m\u00e1s de 15 mil pulseras con n\u00fameros de emergencia, 488 Operativos \u201cMujer Segura\u201d y habilitando 200 puntos violeta en diferentes establecimientos.<\/p>\n<p>Adem\u00e1s del informe presentado ante autoridades y ciudadanos, Karla Fiesco comparti\u00f3 un documento de 221 p\u00e1ginas en el cual reporta su Segundo Informe de Gobierno.<\/p>\n","protected":false},"excerpt":{"rendered":"<p>La presidenta municipal de esta localidad, Karla Fiesco Garc\u00eda, reiter\u00f3 que la uni\u00f3n entre gobierno y ciudadan\u00eda ha sido la mejor herramienta para transitar a un mejor rumbo. \u201cVamos construyendo realidades, y resultados por amor a Izcalli\u201d, dijo.<\/p>\n","protected":false},"author":3,"featured_media":604272,"comment_status":"open","ping_status":"open","sticky":false,"template":"","format":"standard","meta":{"_monsterinsights_skip_tracking":false,"_monsterinsights_sitenote_active":false,"_monsterinsights_sitenote_note":"","_monsterinsights_sitenote_category":0,"footnotes":""},"categories":[5],"tags":[971,43675,15637,93011],"class_list":["post-604180","post","type-post","status-publish","format-standard","has-post-thumbnail","hentry","category-estado-de-mexico","tag-cuautitlan-izcalli","tag-estado-de-mexico","tag-informe","tag-karla-fiesco-garcia"],"_links":{"self":[{"href":"https:\/\/www.diarioimagen.net\/index.php?rest_route=\/wp\/v2\/posts\/604180","targetHints":{"allow":["GET"]}}],"collection":[{"href":"https:\/\/www.diarioimagen.net\/index.php?rest_route=\/wp\/v2\/posts"}],"about":[{"href":"https:\/\/www.diarioimagen.net\/index.php?rest_route=\/wp\/v2\/types\/post"}],"author":[{"embeddable":true,"href":"https:\/\/www.diarioimagen.net\/index.php?rest_route=\/wp\/v2\/users\/3"}],"replies":[{"embeddable":true,"href":"https:\/\/www.diarioimagen.net\/index.php?rest_route=%2Fwp%2Fv2%2Fcomments&post=604180"}],"version-history":[{"count":0,"href":"https:\/\/www.diarioimagen.net\/index.php?rest_route=\/wp\/v2\/posts\/604180\/revisions"}],"wp:featuredmedia":[{"embeddable":true,"href":"https:\/\/www.diarioimagen.net\/index.php?rest_route=\/wp\/v2\/media\/604272"}],"wp:attachment":[{"href":"https:\/\/www.diarioimagen.net\/index.php?rest_route=%2Fwp%2Fv2%2Fmedia&parent=604180"}],"wp:term":[{"taxonomy":"category","embeddable":true,"href":"https:\/\/www.diarioimagen.net\/index.php?rest_route=%2Fwp%2Fv2%2Fcategories&post=604180"},{"taxonomy":"post_tag","embeddable":true,"href":"https:\/\/www.diarioimagen.net\/index.php?rest_route=%2Fwp%2Fv2%2Ftags&post=604180"}],"curies":[{"name":"wp","href":"https:\/\/api.w.org\/{rel}","templated":true}]}}