{"id":604318,"date":"2023-12-13T00:02:34","date_gmt":"2023-12-13T06:02:34","guid":{"rendered":"https:\/\/www.diarioimagen.net\/?p=604318"},"modified":"2023-12-13T02:12:29","modified_gmt":"2023-12-13T08:12:29","slug":"inicia-en-edomex-registro-de-la-pension-para-el-bienestar-de-personas-mayores","status":"publish","type":"post","link":"https:\/\/www.diarioimagen.net\/?p=604318","title":{"rendered":"Inicia en Edomex registro de la Pensi\u00f3n para el Bienestar de personas mayores"},"content":{"rendered":"<p>&nbsp;<\/p>\n<ul>\n<li><em><strong>Concluye el d\u00eda 23<\/strong><\/em><\/li>\n<\/ul>\n<p>&nbsp;<\/p>\n<div id=\"attachment_604410\" style=\"width: 470px\" class=\"wp-caption aligncenter\"><a href=\"https:\/\/www.diarioimagen.net\/?attachment_id=604410\" rel=\"attachment wp-att-604410\"><img loading=\"lazy\" decoding=\"async\" aria-describedby=\"caption-attachment-604410\" class=\"size-full wp-image-604410\" src=\"https:\/\/www.diarioimagen.net\/wp-content\/uploads\/2023\/12\/inicia-en-edomex.jpg\" alt=\"\" width=\"460\" height=\"270\" \/><\/a><p id=\"caption-attachment-604410\" class=\"wp-caption-text\">Comenz\u00f3 en Toluca el registro de la Pensi\u00f3n para el Bienestar de Personas Adultas Mayores.<\/p><\/div>\n<p>&nbsp;<\/p>\n<p>Toluca, Estado de M\u00e9xico.\u2014 Para garantizar una vejez digna y plena comenz\u00f3 el registro de la Pensi\u00f3n para el Bienestar de Personas Adultas Mayores, que impulsa el bienestar de los grupos prioritarios mediante la entrega de un apoyo bimestral de forma directa y sin intermediarios.<\/p>\n<p>Dicho programa est\u00e1 dirigido a adultos mayores de 65 a\u00f1os y en esta ocasi\u00f3n, las personas que cumplan esa edad entre el 1 de noviembre de 2023 y el 30 de junio de 2024 podr\u00e1n comenzar su tr\u00e1mite de inscripci\u00f3n.<\/p>\n<p>Cabe recordar que durante su reciente gira por el Estado de M\u00e9xico, el Presidente Andr\u00e9s Manuel L\u00f3pez Obrador acompa\u00f1ado de la Gobernadora Delfina G\u00f3mez \u00c1lvarez, asegur\u00f3 que a partir de enero aumentar\u00e1 el apoyo a 6 mil pesos bimestrales.<\/p>\n<p>El registro estar\u00e1 abierto del 11 al 23 de diciembre de 2023, de lunes a domingo en un horario de 10:00 a 14:00 horas en los m\u00f3dulos establecidos en los diversos municipios de la entidad, los cuales pueden consultar en el sitio web oficial de la Secretar\u00eda de Bienestar Federal https:\/\/www.gob.mx\/bienestar<\/p>\n<p>Las fechas para registro ser\u00e1n distribuidas de acuerdo con la primera inicial del apellido paterno de la siguiente forma:<\/p>\n<p>\u00ac A, B y C lunes 11 y 18 de diciembre.<\/p>\n<p>\u00ac D, E, F, G y H martes 12 y 19 de diciembre.<\/p>\n<p>\u00ac I, J, K, L y M mi\u00e9rcoles 13 y 20 de diciembre.<\/p>\n<p>\u00ac N, \u00d1, O, P, Q y R el jueves 14 y 21 de diciembre.<\/p>\n<p>\u00ac S, T, U, V, W, X, Y, Z el viernes 15 y 22.<\/p>\n<p>\u00ac S\u00e1bados 16 y 23, as\u00ed como domingo 17 todas las letras.<\/p>\n<p>Las interesadas y los interesados en realizar su incorporaci\u00f3n deber\u00e1n presentar su documentaci\u00f3n conformada por identificaci\u00f3n oficial vigente (credencial del INE, pasaporte, cartilla o c\u00e9dula profesional), acta de nacimiento, impresi\u00f3n reciente de la Clave \u00danica de Registro de Poblaci\u00f3n (CURP), comprobante de domicilio no mayor a seis meses y un tel\u00e9fono de contacto.<\/p>\n<p>En caso de ocupar el apoyo de un auxiliar, este deber\u00e1 presentar los mismos documentos que el solicitante y un documento que acredite el parentesco.<\/p>\n","protected":false},"excerpt":{"rendered":"<p>Para garantizar una vejez digna y plena comenz\u00f3 el registro de la Pensi\u00f3n para el Bienestar de Personas Adultas Mayores, que impulsa el bienestar de los grupos prioritarios mediante la entrega de un apoyo bimestral de forma directa y sin intermediarios.<\/p>\n","protected":false},"author":3,"featured_media":604410,"comment_status":"open","ping_status":"open","sticky":false,"template":"","format":"standard","meta":{"_monsterinsights_skip_tracking":false,"_monsterinsights_sitenote_active":false,"_monsterinsights_sitenote_note":"","_monsterinsights_sitenote_category":0,"footnotes":""},"categories":[5],"tags":[68,99058],"class_list":["post-604318","post","type-post","status-publish","format-standard","has-post-thumbnail","hentry","category-estado-de-mexico","tag-edomex","tag-pension-para-el-bienestar"],"_links":{"self":[{"href":"https:\/\/www.diarioimagen.net\/index.php?rest_route=\/wp\/v2\/posts\/604318","targetHints":{"allow":["GET"]}}],"collection":[{"href":"https:\/\/www.diarioimagen.net\/index.php?rest_route=\/wp\/v2\/posts"}],"about":[{"href":"https:\/\/www.diarioimagen.net\/index.php?rest_route=\/wp\/v2\/types\/post"}],"author":[{"embeddable":true,"href":"https:\/\/www.diarioimagen.net\/index.php?rest_route=\/wp\/v2\/users\/3"}],"replies":[{"embeddable":true,"href":"https:\/\/www.diarioimagen.net\/index.php?rest_route=%2Fwp%2Fv2%2Fcomments&post=604318"}],"version-history":[{"count":0,"href":"https:\/\/www.diarioimagen.net\/index.php?rest_route=\/wp\/v2\/posts\/604318\/revisions"}],"wp:featuredmedia":[{"embeddable":true,"href":"https:\/\/www.diarioimagen.net\/index.php?rest_route=\/wp\/v2\/media\/604410"}],"wp:attachment":[{"href":"https:\/\/www.diarioimagen.net\/index.php?rest_route=%2Fwp%2Fv2%2Fmedia&parent=604318"}],"wp:term":[{"taxonomy":"category","embeddable":true,"href":"https:\/\/www.diarioimagen.net\/index.php?rest_route=%2Fwp%2Fv2%2Fcategories&post=604318"},{"taxonomy":"post_tag","embeddable":true,"href":"https:\/\/www.diarioimagen.net\/index.php?rest_route=%2Fwp%2Fv2%2Ftags&post=604318"}],"curies":[{"name":"wp","href":"https:\/\/api.w.org\/{rel}","templated":true}]}}