{"id":604449,"date":"2023-12-14T00:03:17","date_gmt":"2023-12-14T06:03:17","guid":{"rendered":"https:\/\/www.diarioimagen.net\/?p=604449"},"modified":"2023-12-14T23:14:26","modified_gmt":"2023-12-15T05:14:26","slug":"casi-la-mitad-de-personas-trabajadoras-en-mexico-no-recibe-aguinaldo-inegi","status":"publish","type":"post","link":"https:\/\/www.diarioimagen.net\/?p=604449","title":{"rendered":"Casi la mitad de personas trabajadoras en M\u00e9xico no recibe aguinaldo: Inegi"},"content":{"rendered":"<p>&nbsp;<\/p>\n<h3 style=\"text-align: center;\">Sin prestaciones laborales m\u00e1s de 32 millones<\/h3>\n<p><em>\u00a0<\/em><\/p>\n<ul>\n<li><strong><em>A partir de un a\u00f1o, empleados deben recibir al menos 15 d\u00edas de salario<\/em><\/strong><\/li>\n<\/ul>\n<p>&nbsp;<\/p>\n<div id=\"attachment_604522\" style=\"width: 470px\" class=\"wp-caption aligncenter\"><a href=\"https:\/\/www.diarioimagen.net\/?attachment_id=604522\" rel=\"attachment wp-att-604522\"><img loading=\"lazy\" decoding=\"async\" aria-describedby=\"caption-attachment-604522\" class=\"size-full wp-image-604522\" src=\"https:\/\/www.diarioimagen.net\/wp-content\/uploads\/2023\/12\/AGUINALDO.jpg\" alt=\"\" width=\"460\" height=\"270\" \/><\/a><p id=\"caption-attachment-604522\" class=\"wp-caption-text\">M\u00e1s de 32 millones de trabajadores no reciben aguinaldo, de acuerdo a la Encuesta Nacional de Ocupaci\u00f3n y Empleo realizada por el Inegi.<\/p><\/div>\n<p>&nbsp;<\/p>\n<p>De las casi 60 millones de personas que trabajan en M\u00e9xico, s\u00f3lo 26 millones 317 mil reciben aguinaldo, de acuerdo a la Encuesta Nacional de Ocupaci\u00f3n y Empleo (ENOE) realizada por el Instituto Nacional de Estad\u00edstica y Geograf\u00eda (Inegi).<\/p>\n<p>Esta prestaci\u00f3n laboral aplica para todas aquellas personas que prestan un servicio personal subordinado a otra persona f\u00edsica o moral en una relaci\u00f3n laboral. Incluso los trabajadores que no hayan cumplido el a\u00f1o de trabajo, independientemente de que se encuentren activos o no, tienen derecho a que se les pague la parte proporcional del aguinaldo.<\/p>\n<p>Las empresas deben cumplir esta obligaci\u00f3n hasta con los empleados que tengan una semana de trabajo, aunque obviamente recibir\u00e1n una cantidad simb\u00f3lica\u201d, indic\u00f3 David Hern\u00e1ndez, director de la firma legal Deal.<\/p>\n<p>Los trabajadores que est\u00e1n inactivos tambi\u00e9n tienen derecho a que se les pague la parte proporcional de esta prestaci\u00f3n si en su liquidaci\u00f3n no se incluy\u00f3 ese monto. \u201cLos trabajadores pueden reclamar ese dinero durante los siguientes d\u00edas\u201d.<\/p>\n<p>De acuerdo con el especialista no existe ning\u00fan instrumento legal que permita a las empresas tener una pr\u00f3rroga para el pago del aguinaldo, por lo que no cumplir con el otorgamiento de esta prestaci\u00f3n a tiempo constituye un delito.<\/p>\n<p>La normatividad vigente establece que a partir de un a\u00f1o de laborar los trabajadores deben recibir por lo menos 15 d\u00edas de salario. El pago debe realizarse en efectivo y en una sola exhibici\u00f3n.<\/p>\n<p>En el caso de los trabajadores que tengan un salario fijo, el c\u00e1lculo debe hacerse por d\u00eda laborado. Si el monto del salario es variable, se debe tomar como base el ingreso promedio diario obtenido en los \u00faltimos 30 d\u00edas trabajados.<\/p>\n<p>Para los trabajadores contratados como vendedores, agentes de comercio o de seguros, propagandistas y otros semejantes que est\u00e9n contratados bajo el amparo de la LFT, el salario diario para el pago del aguinaldo se calcula tomando en cuenta el promedio de los ingresos percibidos en el \u00faltimo a\u00f1o de trabajo o del tiempo de trabajo en caso de que no haya cumplido el a\u00f1o.<\/p>\n<p>Por su parte, Sergio Hern\u00e1ndez, abogado laboral, se\u00f1al\u00f3 que las malas condiciones en las que laboran los mexicanos son m\u00e1s agudas si se considera que pese a tener un empleo carecen de las prestaciones m\u00ednimas que establece la legislaci\u00f3n como es el aguinaldo.<\/p>\n<p>De acuerdo con el especialista, cada a\u00f1o algunos patrones incumplen con el pago de esta prestaci\u00f3n antes del 20 de diciembre como establece el art\u00edculo 87 de la Ley Federal del Trabajo (LFT).<\/p>\n<p>Cada a\u00f1o se inician procedimientos legales en contra de empresas que no cumplieron con esta obligaci\u00f3n anual y no llegaron a un acuerdo con sus trabajadores para que se les otorgara a destiempo\u201d.<\/p>\n","protected":false},"excerpt":{"rendered":"<p>De las casi 60 millones de personas que trabajan en M\u00e9xico, s\u00f3lo 26 millones 317 mil reciben aguinaldo, de acuerdo a la Encuesta Nacional de Ocupaci\u00f3n y Empleo (ENOE) realizada por el Instituto Nacional de Estad\u00edstica y Geograf\u00eda (Inegi).<\/p>\n","protected":false},"author":3,"featured_media":604522,"comment_status":"open","ping_status":"open","sticky":false,"template":"","format":"standard","meta":{"_monsterinsights_skip_tracking":false,"_monsterinsights_sitenote_active":false,"_monsterinsights_sitenote_note":"","_monsterinsights_sitenote_category":0,"footnotes":""},"categories":[17,8],"tags":[1542,43678,193,18874,80710],"class_list":["post-604449","post","type-post","status-publish","format-standard","has-post-thumbnail","hentry","category-especiales","category-finanzas","tag-aguinaldo","tag-finanzas","tag-inegi","tag-pago","tag-recibe"],"_links":{"self":[{"href":"https:\/\/www.diarioimagen.net\/index.php?rest_route=\/wp\/v2\/posts\/604449","targetHints":{"allow":["GET"]}}],"collection":[{"href":"https:\/\/www.diarioimagen.net\/index.php?rest_route=\/wp\/v2\/posts"}],"about":[{"href":"https:\/\/www.diarioimagen.net\/index.php?rest_route=\/wp\/v2\/types\/post"}],"author":[{"embeddable":true,"href":"https:\/\/www.diarioimagen.net\/index.php?rest_route=\/wp\/v2\/users\/3"}],"replies":[{"embeddable":true,"href":"https:\/\/www.diarioimagen.net\/index.php?rest_route=%2Fwp%2Fv2%2Fcomments&post=604449"}],"version-history":[{"count":0,"href":"https:\/\/www.diarioimagen.net\/index.php?rest_route=\/wp\/v2\/posts\/604449\/revisions"}],"wp:featuredmedia":[{"embeddable":true,"href":"https:\/\/www.diarioimagen.net\/index.php?rest_route=\/wp\/v2\/media\/604522"}],"wp:attachment":[{"href":"https:\/\/www.diarioimagen.net\/index.php?rest_route=%2Fwp%2Fv2%2Fmedia&parent=604449"}],"wp:term":[{"taxonomy":"category","embeddable":true,"href":"https:\/\/www.diarioimagen.net\/index.php?rest_route=%2Fwp%2Fv2%2Fcategories&post=604449"},{"taxonomy":"post_tag","embeddable":true,"href":"https:\/\/www.diarioimagen.net\/index.php?rest_route=%2Fwp%2Fv2%2Ftags&post=604449"}],"curies":[{"name":"wp","href":"https:\/\/api.w.org\/{rel}","templated":true}]}}