{"id":604578,"date":"2023-12-15T00:06:01","date_gmt":"2023-12-15T06:06:01","guid":{"rendered":"https:\/\/www.diarioimagen.net\/?p=604578"},"modified":"2023-12-18T00:02:48","modified_gmt":"2023-12-18T06:02:48","slug":"alumnado-de-la-facultad-de-ciencias-de-la-uaemex-expone-proyectos-para-el-cuidado-de-la-salud","status":"publish","type":"post","link":"https:\/\/www.diarioimagen.net\/?p=604578","title":{"rendered":"Alumnado de la Facultad de Ciencias de la UAEM\u00e9x expone proyectos para el cuidado de la salud"},"content":{"rendered":"<p>&nbsp;<\/p>\n<ul>\n<li><strong><em>A este evento asisti\u00f3 personal del sector empresarial para conocer las propuestas y su viabilidad de aplicaci\u00f3n<\/em><\/strong><\/li>\n<\/ul>\n<p><strong>\u00a0<\/strong><\/p>\n<div id=\"attachment_604626\" style=\"width: 470px\" class=\"wp-caption aligncenter\"><a href=\"https:\/\/www.diarioimagen.net\/?attachment_id=604626\" rel=\"attachment wp-att-604626\"><img loading=\"lazy\" decoding=\"async\" aria-describedby=\"caption-attachment-604626\" class=\"size-full wp-image-604626\" src=\"https:\/\/www.diarioimagen.net\/wp-content\/uploads\/2023\/12\/uaem-alumnado.jpg\" alt=\"\" width=\"460\" height=\"270\" \/><\/a><p id=\"caption-attachment-604626\" class=\"wp-caption-text\">Alumnos de la Licenciatura en F\u00edsica expusieron proyectos como propuestas de soluciones a problemas de salud, higiene y cuidado personal.<\/p><\/div>\n<p>&nbsp;<\/p>\n<p><strong>Toluca, Estado de M\u00e9xico.\u2014<\/strong> Con el objetivo de generar inter\u00e9s en la b\u00fasqueda de soluciones para problemas de comunidades mexiquenses desde las aulas, alumnas y alumnos de noveno semestre de la Licenciatura en F\u00edsica presentaron proyectos innovadores ante la comunidad universitaria, investigadores, egresados e invitados del sector empresarial, en la Facultad de Ciencias de la Universidad Aut\u00f3noma del Estado de M\u00e9xico (UAEM\u00e9x).<\/p>\n<p>De la mano del profesor e investigador Daniel Osorio Gonz\u00e1lez y respaldados por el Laboratorio de Biof\u00edsica Molecular de la Facultad, el alumnado de la materia de Biof\u00edsica B\u00e1sica atendi\u00f3 diversas problem\u00e1ticas, al preparar siete propuestas con los siguientes t\u00edtulos: \u201cPsicoDataPlataforma de almacenamiento y facilitaci\u00f3n de datos brindados por el biosensor CNiFER y personal m\u00e9dico para pacientes psiqui\u00e1tricos diagnosticados con esquizofrenia\u201d, \u201cClean-Cup\u201d, \u201cKUMO ABS FOAM: Suelas de calzado deportivo con tecnolog\u00eda basada en un flujo no newtoniano\u201d.<\/p>\n<p>Asimismo, se presentaron los proyectos \u201cDisoluci\u00f3n de trombos mediante nanoburbujas ultras\u00f3nicas: avances y aplicaciones futuras\u201d; \u201cDise\u00f1o de una f\u00e9rula dental de emisi\u00f3n l\u00e1ser para la eliminaci\u00f3n del sarro dental\u201d; \u201cExploraci\u00f3n del potencial de la tecnolog\u00eda LoRa para la transmisi\u00f3n segura y monitoreo de los signos vitales de forma remota\u201d y \u201cDegradaci\u00f3n de colillas de cigarro\u201d.<\/p>\n<p>\u201cQue no sean solo cient\u00edficos que generen temas de ciencia muy abstracta a manera de trabajos de tesis o que sean visualizados en art\u00edculos de investigaci\u00f3n que solo la comunidad cient\u00edfica entiende, sino utilizar su talento para resolver problemas inmediatos\u201d, destac\u00f3 el profesor.<\/p>\n<p>Para la realizaci\u00f3n de estas propuestas, el cuerpo estudiantil realiz\u00f3 durante dos meses, un estudio del arte del proyecto para analizar la viabilidad de cada propuesta y que cumpliera con los requisitos m\u00ednimos para entrar en el nivel 1 de la Escala de Madurez Tecnol\u00f3gica (TRL).<\/p>\n<p>A las presentaciones asistieron como invitados Jos\u00e9 Valente Mojica Le\u00f3n, representante de la Asociaci\u00f3n en Relaciones Industriales de Toluca, A. C. (ARITAC) y empresario de Grupo de Precauci\u00f3n y Protecci\u00f3n S.A De C.V. (GPP Soluciones); Jorge Rello Vargas, vicepresidente del Consejo de C\u00e1maras y Asociaciones Empresariales del Estado de M\u00e9xico (CONCAEM) y la Confederaci\u00f3n Patronal de la Rep\u00fablica Mexicana (COPARMEX) Estado de M\u00e9xico y Derik Roa, presidente de la comisi\u00f3n de j\u00f3venes del COPARMEX y CONCAEM, personal del sector empresarial para conocer y evaluar las propuestas y la viabilidad de apoyar los proyectos.<\/p>\n<p>Al finalizar el encuentro, los invitados se dieron a la tarea de reunirse para evaluar la viabilidad de aplicaci\u00f3n de cada proyecto. Esta es una actividad que se realiza cada semestre dentro de la Facultad, con el fin de fomentar el inter\u00e9s por el cambio social en el alumnado y brindar apoyo para financiar las propuestas que resulten m\u00e1s accesibles.<\/p>\n","protected":false},"excerpt":{"rendered":"<p>Con el objetivo de generar inter\u00e9s en la b\u00fasqueda de soluciones para problemas de comunidades mexiquenses desde las aulas, alumnas y alumnos de noveno semestre de la Licenciatura en F\u00edsica presentaron proyectos innovadores ante la comunidad universitaria, investigadores, egresados e invitados del sector empresarial, en la Facultad de Ciencias de la Universidad Aut\u00f3noma del Estado de M\u00e9xico (UAEM\u00e9x).<\/p>\n","protected":false},"author":3,"featured_media":604626,"comment_status":"open","ping_status":"open","sticky":false,"template":"","format":"standard","meta":{"_monsterinsights_skip_tracking":false,"_monsterinsights_sitenote_active":false,"_monsterinsights_sitenote_note":"","_monsterinsights_sitenote_category":0,"footnotes":""},"categories":[5],"tags":[96813,43692,67878],"class_list":["post-604578","post","type-post","status-publish","format-standard","has-post-thumbnail","hentry","category-estado-de-mexico","tag-expone","tag-salud","tag-uaemex"],"_links":{"self":[{"href":"https:\/\/www.diarioimagen.net\/index.php?rest_route=\/wp\/v2\/posts\/604578","targetHints":{"allow":["GET"]}}],"collection":[{"href":"https:\/\/www.diarioimagen.net\/index.php?rest_route=\/wp\/v2\/posts"}],"about":[{"href":"https:\/\/www.diarioimagen.net\/index.php?rest_route=\/wp\/v2\/types\/post"}],"author":[{"embeddable":true,"href":"https:\/\/www.diarioimagen.net\/index.php?rest_route=\/wp\/v2\/users\/3"}],"replies":[{"embeddable":true,"href":"https:\/\/www.diarioimagen.net\/index.php?rest_route=%2Fwp%2Fv2%2Fcomments&post=604578"}],"version-history":[{"count":0,"href":"https:\/\/www.diarioimagen.net\/index.php?rest_route=\/wp\/v2\/posts\/604578\/revisions"}],"wp:featuredmedia":[{"embeddable":true,"href":"https:\/\/www.diarioimagen.net\/index.php?rest_route=\/wp\/v2\/media\/604626"}],"wp:attachment":[{"href":"https:\/\/www.diarioimagen.net\/index.php?rest_route=%2Fwp%2Fv2%2Fmedia&parent=604578"}],"wp:term":[{"taxonomy":"category","embeddable":true,"href":"https:\/\/www.diarioimagen.net\/index.php?rest_route=%2Fwp%2Fv2%2Fcategories&post=604578"},{"taxonomy":"post_tag","embeddable":true,"href":"https:\/\/www.diarioimagen.net\/index.php?rest_route=%2Fwp%2Fv2%2Ftags&post=604578"}],"curies":[{"name":"wp","href":"https:\/\/api.w.org\/{rel}","templated":true}]}}