{"id":604586,"date":"2023-12-15T00:04:35","date_gmt":"2023-12-15T06:04:35","guid":{"rendered":"https:\/\/www.diarioimagen.net\/?p=604586"},"modified":"2023-12-17T22:17:10","modified_gmt":"2023-12-18T04:17:10","slug":"fue-consumada-la-extincion-de-notimex-a-55-anos-de-su-creacion","status":"publish","type":"post","link":"https:\/\/www.diarioimagen.net\/?p=604586","title":{"rendered":"Fue consumada la extinci\u00f3n\u00a0de Notimex, a\u00a055\u00a0a\u00f1os de su creaci\u00f3n"},"content":{"rendered":"<p>&nbsp;<\/p>\n<ul>\n<li><em><strong>El Senado le dio la \u00faltima palada<\/strong><\/em><\/li>\n<\/ul>\n<p>&nbsp;<\/p>\n<div id=\"attachment_604637\" style=\"width: 470px\" class=\"wp-caption aligncenter\"><a href=\"https:\/\/www.diarioimagen.net\/?attachment_id=604637\" rel=\"attachment wp-att-604637\"><img loading=\"lazy\" decoding=\"async\" aria-describedby=\"caption-attachment-604637\" class=\"size-full wp-image-604637\" src=\"https:\/\/www.diarioimagen.net\/wp-content\/uploads\/2023\/12\/Notimex.jpg\" alt=\"\" width=\"460\" height=\"270\" \/><\/a><p id=\"caption-attachment-604637\" class=\"wp-caption-text\">Fue consumada la extinci\u00f3n de Notimex, Agencia de Noticias del Estado Mexicano, tras casi 4 a\u00f1os de huelga.<\/p><\/div>\n<p>&nbsp;<\/p>\n<p>Fue consumada la extinci\u00f3n de la hist\u00f3rica Notimex, Agencia de Noticias del Estado Mexicano, creada el 20 de agosto de 1968, luego de que la mayor\u00eda Morena y aliados en el Senado aprobaron el dictamen por el que tambi\u00e9n se abroga la Ley que cre\u00f3 este organismo descentralizado de la Administraci\u00f3n P\u00fablica Federal.<\/p>\n<p>Con la extinci\u00f3n de la agencia se termin\u00f3 la historia de uno de los medios p\u00fablicos de informaci\u00f3n m\u00e1s importantes del pa\u00eds, tal vez el de mejor cobertura, con m\u00e1s de 20 corresponsales en el mundo y con un centenar en el pa\u00eds, que por m\u00e1s de 50 a\u00f1os dot\u00f3 de noticias veraces, reportajes, entrevistas y coberturas de todo tipo, desde los Juegos Ol\u00edmpicos de 1968, mundiales de futbol, cat\u00e1strofes naturales, elecciones, difusi\u00f3n de alertas sanitarias, campa\u00f1as de vacunaci\u00f3n, alertas por huracanes.<\/p>\n<p>El proceso de liquidaci\u00f3n de Notimex quedar\u00e1 a cargo del Instituto para Devolver al Pueblo lo Robado y la Secretar\u00eda de Gobernaci\u00f3n establecer\u00e1 las bases para llevar a cabo el pago en un plazo no mayor a 10 d\u00edas h\u00e1biles, mientras que la Secretar\u00eda de la Funci\u00f3n P\u00fablica vigilar\u00e1 que el procedimiento de liquidaci\u00f3n se realice conforme a las disposiciones jur\u00eddicas aplicables.<\/p>\n<p>El acuerdo establece en su Art\u00edculo S\u00e9ptimo que las liquidaciones que reciban los trabajadores, con independencia de su categor\u00eda, deben ser calculadas con salario integrado y comprender tres meses de salario por concepto de indemnizaci\u00f3n constitucional, 20 d\u00edas de salario, m\u00e1s la cantidad que resulte por la prima de antig\u00fcedad a raz\u00f3n de 12 d\u00edas de salario, ambos por cada a\u00f1o de servicio, en t\u00e9rminos de lo dispuesto por la Ley Federal del Trabajo vigente al momento de liquidaci\u00f3n.<\/p>\n<p>El monto total de los pagos que correspondan por concepto de indemnizaci\u00f3n a las personas trabajadoras debe considerar salarios y prestaciones de conformidad con la ley, el Contrato Colectivo de Trabajo, incluidas, en caso de adeudo, las cantidades vinculadas a la seguridad social, que se deben informar por conducto de las instituciones competentes\u201d, indica el dictamen aprobado.<\/p>\n<p>El documento se\u00f1ala que, las personas trabajadoras que hayan sido separadas de su empleo hasta un a\u00f1o antes del 21 de febrero de 2020, ser\u00e1n consideradas para efectos de pago en los salarios y prestaciones que correspondan, siempre y cuando exista un laudo firme a su favor y no haya sido ejecutado.<\/p>\n<p>Con motivo de la extinci\u00f3n de Notimex, Agencia de Noticias del Estado Mexicano, se dan por terminadas las relaciones individuales y colectivas de trabajo y, en consecuencia, el Contrato Colectivo de Trabajo queda sin efectos.<\/p>\n","protected":false},"excerpt":{"rendered":"<p>Fue consumada la extinci\u00f3n de la hist\u00f3rica Notimex, Agencia de Noticias del Estado Mexicano, creada el 20 de agosto de 1968, luego de que la mayor\u00eda Morena y aliados en el Senado aprobaron el dictamen por el que tambi\u00e9n se abroga la Ley que cre\u00f3 este organismo descentralizado de la Administraci\u00f3n P\u00fablica Federal.<\/p>\n","protected":false},"author":3,"featured_media":604637,"comment_status":"open","ping_status":"open","sticky":false,"template":"","format":"standard","meta":{"_monsterinsights_skip_tracking":false,"_monsterinsights_sitenote_active":false,"_monsterinsights_sitenote_note":"","_monsterinsights_sitenote_category":0,"footnotes":""},"categories":[17,3],"tags":[32439,19087,99072],"class_list":["post-604586","post","type-post","status-publish","format-standard","has-post-thumbnail","hentry","category-especiales","category-nacional","tag-creacion","tag-extincion","tag-notimex"],"_links":{"self":[{"href":"https:\/\/www.diarioimagen.net\/index.php?rest_route=\/wp\/v2\/posts\/604586","targetHints":{"allow":["GET"]}}],"collection":[{"href":"https:\/\/www.diarioimagen.net\/index.php?rest_route=\/wp\/v2\/posts"}],"about":[{"href":"https:\/\/www.diarioimagen.net\/index.php?rest_route=\/wp\/v2\/types\/post"}],"author":[{"embeddable":true,"href":"https:\/\/www.diarioimagen.net\/index.php?rest_route=\/wp\/v2\/users\/3"}],"replies":[{"embeddable":true,"href":"https:\/\/www.diarioimagen.net\/index.php?rest_route=%2Fwp%2Fv2%2Fcomments&post=604586"}],"version-history":[{"count":0,"href":"https:\/\/www.diarioimagen.net\/index.php?rest_route=\/wp\/v2\/posts\/604586\/revisions"}],"wp:featuredmedia":[{"embeddable":true,"href":"https:\/\/www.diarioimagen.net\/index.php?rest_route=\/wp\/v2\/media\/604637"}],"wp:attachment":[{"href":"https:\/\/www.diarioimagen.net\/index.php?rest_route=%2Fwp%2Fv2%2Fmedia&parent=604586"}],"wp:term":[{"taxonomy":"category","embeddable":true,"href":"https:\/\/www.diarioimagen.net\/index.php?rest_route=%2Fwp%2Fv2%2Fcategories&post=604586"},{"taxonomy":"post_tag","embeddable":true,"href":"https:\/\/www.diarioimagen.net\/index.php?rest_route=%2Fwp%2Fv2%2Ftags&post=604586"}],"curies":[{"name":"wp","href":"https:\/\/api.w.org\/{rel}","templated":true}]}}