{"id":604597,"date":"2023-12-15T00:02:02","date_gmt":"2023-12-15T06:02:02","guid":{"rendered":"https:\/\/www.diarioimagen.net\/?p=604597"},"modified":"2023-12-15T02:21:38","modified_gmt":"2023-12-15T08:21:38","slug":"recupera-naucalpan-deportivo-acatlan-particulares-lucraban-con-el-espacio","status":"publish","type":"post","link":"https:\/\/www.diarioimagen.net\/?p=604597","title":{"rendered":"Recupera Naucalpan deportivo Acatl\u00e1n; particulares lucraban con el espacio"},"content":{"rendered":"<p>&nbsp;<\/p>\n<p><a href=\"https:\/\/www.diarioimagen.net\/?attachment_id=604657\" rel=\"attachment wp-att-604657\"><img loading=\"lazy\" decoding=\"async\" class=\"aligncenter size-full wp-image-604657\" src=\"https:\/\/www.diarioimagen.net\/wp-content\/uploads\/2023\/12\/recupera-naucalpan.jpg\" alt=\"\" width=\"460\" height=\"270\" \/><\/a><\/p>\n<p>&nbsp;<\/p>\n<p><strong>Naucalpan, Estado de M\u00e9xico.\u2014 <\/strong>El Deportivo Acatl\u00e1n, que era operado por particulares con fines de lucro a pesar de estar en un predio municipal, fue recuperado por el gobierno de Naucalpan, luego de que el Tribunal de Justicia Administrativa del Estado de M\u00e9xico (TRIJAEM) declar\u00f3 el sobreseimiento de un juicio iniciado por quienes lo usufructuaban.<\/p>\n<p>Susana Mu\u00f1oz Mart\u00ednez, directora general Jur\u00eddica y Consultiva dijo que la alcaldesa Ang\u00e9lica Moya Mar\u00edn impulsa la recuperaci\u00f3n de predios municipales, algunos de los cuales son operados por particulares, como el caso de este deportivo ubicado entre las calles Yaquis y Olmecas, en Santa Cruz Acatl\u00e1n, donde cobraban por el uso de las canchas deportivas y del estacionamiento, incluso en su interior se instalaba un tianguis.<\/p>\n<p>\u201cNosotros buscamos el beneficio de la comunidad. Estos espacios nos ayudan a brindar a los j\u00f3venes y a toda la ciudadan\u00eda un incentivo para hacer deporte. Al recuperarlos, les damos una rehabilitaci\u00f3n para que pueda ser del uso y disfrute de todos los Naucalpenses, que no est\u00e9 solamente concesionado a particulares, a ciertos eventos, que sea para todos y en beneficio de todos\u201d, agreg\u00f3.<\/p>\n<p>Mu\u00f1oz Mart\u00ednez relat\u00f3 que quienes administraban el deportivo, de 14 mil 927 metros cuadrados, argumentaron que el 20 de marzo del 2019 firmaron un convenio con el entonces gobierno municipal, el cual ya no est\u00e1 vigente y las actuales autoridades no emitieron pr\u00f3rroga o alg\u00fan documento que les permitiera seguir ocupando el lugar.<\/p>\n<p>Detall\u00f3 que el gobierno de Naucalpan intent\u00f3 recuperar el deportivo y quienes lo ocupaban iniciaron el juicio 93\/2023, radicado en la Segunda Sala Regional del Tribunal de Justicia Administrativa del Estado de M\u00e9xico (TRIJAEM), por considerar que se vulneraban sus derechos.<\/p>\n","protected":false},"excerpt":{"rendered":"<p>El Deportivo Acatl\u00e1n, que era operado por particulares con fines de lucro a pesar de estar en un predio municipal, fue recuperado por el gobierno de Naucalpan, luego de que el Tribunal de Justicia Administrativa del Estado de M\u00e9xico (TRIJAEM) declar\u00f3 el sobreseimiento de un juicio iniciado por quienes lo usufructuaban.<\/p>\n","protected":false},"author":3,"featured_media":604657,"comment_status":"open","ping_status":"open","sticky":false,"template":"","format":"standard","meta":{"_monsterinsights_skip_tracking":false,"_monsterinsights_sitenote_active":false,"_monsterinsights_sitenote_note":"","_monsterinsights_sitenote_category":0,"footnotes":""},"categories":[5],"tags":[90300,970,90253],"class_list":["post-604597","post","type-post","status-publish","format-standard","has-post-thumbnail","hentry","category-estado-de-mexico","tag-acatlan","tag-naucalpan","tag-recupera"],"_links":{"self":[{"href":"https:\/\/www.diarioimagen.net\/index.php?rest_route=\/wp\/v2\/posts\/604597","targetHints":{"allow":["GET"]}}],"collection":[{"href":"https:\/\/www.diarioimagen.net\/index.php?rest_route=\/wp\/v2\/posts"}],"about":[{"href":"https:\/\/www.diarioimagen.net\/index.php?rest_route=\/wp\/v2\/types\/post"}],"author":[{"embeddable":true,"href":"https:\/\/www.diarioimagen.net\/index.php?rest_route=\/wp\/v2\/users\/3"}],"replies":[{"embeddable":true,"href":"https:\/\/www.diarioimagen.net\/index.php?rest_route=%2Fwp%2Fv2%2Fcomments&post=604597"}],"version-history":[{"count":0,"href":"https:\/\/www.diarioimagen.net\/index.php?rest_route=\/wp\/v2\/posts\/604597\/revisions"}],"wp:featuredmedia":[{"embeddable":true,"href":"https:\/\/www.diarioimagen.net\/index.php?rest_route=\/wp\/v2\/media\/604657"}],"wp:attachment":[{"href":"https:\/\/www.diarioimagen.net\/index.php?rest_route=%2Fwp%2Fv2%2Fmedia&parent=604597"}],"wp:term":[{"taxonomy":"category","embeddable":true,"href":"https:\/\/www.diarioimagen.net\/index.php?rest_route=%2Fwp%2Fv2%2Fcategories&post=604597"},{"taxonomy":"post_tag","embeddable":true,"href":"https:\/\/www.diarioimagen.net\/index.php?rest_route=%2Fwp%2Fv2%2Ftags&post=604597"}],"curies":[{"name":"wp","href":"https:\/\/api.w.org\/{rel}","templated":true}]}}