{"id":604736,"date":"2023-12-18T00:03:22","date_gmt":"2023-12-18T06:03:22","guid":{"rendered":"https:\/\/www.diarioimagen.net\/?p=604736"},"modified":"2023-12-18T00:23:25","modified_gmt":"2023-12-18T06:23:25","slug":"mas-de-60-mil-personas-integran-red-vargas-en-el-estado-de-mexico","status":"publish","type":"post","link":"https:\/\/www.diarioimagen.net\/?p=604736","title":{"rendered":"M\u00e1s de 60 mil personas integran Red Vargas en el Estado de M\u00e9xico"},"content":{"rendered":"<p>&nbsp;<\/p>\n<ul>\n<li><em><strong>Cierra un a\u00f1o m\u00e1s de exitoso trabajo<\/strong><\/em><\/li>\n<\/ul>\n<p><strong>\u00a0<\/strong><\/p>\n<h6>Arturo Baena<\/h6>\n<p>&nbsp;<\/p>\n<div id=\"attachment_604836\" style=\"width: 470px\" class=\"wp-caption aligncenter\"><a href=\"https:\/\/www.diarioimagen.net\/?attachment_id=604836\" rel=\"attachment wp-att-604836\"><img loading=\"lazy\" decoding=\"async\" aria-describedby=\"caption-attachment-604836\" class=\"size-full wp-image-604836\" src=\"https:\/\/www.diarioimagen.net\/wp-content\/uploads\/2023\/12\/mas-de-60-mil.jpg\" alt=\"\" width=\"460\" height=\"270\" \/><\/a><p id=\"caption-attachment-604836\" class=\"wp-caption-text\">Integrantes de la Red Vargas (RV), que dirige Juan Pedro Garc\u00eda, cerraron un a\u00f1o m\u00e1s de exitoso trabajo, de la mano de una importante labor partidista y social.<\/p><\/div>\n<p>&nbsp;<\/p>\n<p><strong>Valle de M\u00e9xico.\u2014<\/strong> Con la participaci\u00f3n de cientos de liderazgos sociales y con una importante presencia en todos los municipios del Estado de M\u00e9xico, que hoy suman a m\u00e1s de 60 mil integrantes, la Red Vargas (RV), que dirige Juan Pedro Garc\u00eda, cierra un a\u00f1o m\u00e1s de exitoso trabajo, de la mano de una importante labor partidista y social.<\/p>\n<p>Reunidos en el \u201cRancho Vargas\u201d, ubicado en el municipio de Huixquilucan, integrantes y coordinadores de la Red Vargas provenientes de toda la entidad mexiquense, disfrutaron de una gran comida navide\u00f1a, la cual aprovecharon para reiterar su compromiso y lealtad con Enrique Vargas del Villar, pr\u00f3ximo Senador en el Estado de M\u00e9xico, aseguraron.<\/p>\n<p>Durante su mensaje, Juan Pedro Garc\u00eda, puntualiz\u00f3 que gracias al trabajo cercano y comprometido de nuestros liderazgos, hoy consolidamos la Red m\u00e1s grande en todo el Estado de M\u00e9xico. Seguimos creciendo cada d\u00eda m\u00e1s, porque nuestra esencia est\u00e1 enfocada en mejorar y cambiar el rumbo de nuestro querido Estado de M\u00e9xico, recalc\u00f3.<\/p>\n<p>Durante la cena navide\u00f1a y con un ambiente de compa\u00f1erismo, Enrique Vargas, agradeci\u00f3 y reconoci\u00f3\u00a0 a los asistentes, todo el trabajo que realizaron en favor de las y los mexiquenses, aprovechando tambi\u00e9n, para desearles una muy Feliz Navidad y un pr\u00f3spero A\u00f1o 2024.<\/p>\n<p>Finalmente, Juan Pedro asegur\u00f3 que seguir\u00e1n construyendo de la mano de Enrique Vargas, pr\u00f3ximo Senador, un mejor Estado de M\u00e9xico, con unidad, lealtad y defendiendo las verdaderas causas de las familias mexiquenses. Urge atender las problem\u00e1ticas que vivimos, recuperar el orden democr\u00e1tico, el camino del desarrollo econ\u00f3mico y fortalecer a las instituciones que el actual gobierno se ha obstinado en destruir, finaliz\u00f3.<\/p>\n","protected":false},"excerpt":{"rendered":"<p>Con la participaci\u00f3n de cientos de liderazgos sociales y con una importante presencia en todos los municipios del Estado de M\u00e9xico, que hoy suman a m\u00e1s de 60 mil integrantes, la Red Vargas (RV), que dirige Juan Pedro Garc\u00eda, cierra un a\u00f1o m\u00e1s de exitoso trabajo, de la mano de una importante labor partidista y social.<\/p>\n","protected":false},"author":3,"featured_media":604836,"comment_status":"open","ping_status":"open","sticky":false,"template":"","format":"standard","meta":{"_monsterinsights_skip_tracking":false,"_monsterinsights_sitenote_active":false,"_monsterinsights_sitenote_note":"","_monsterinsights_sitenote_category":0,"footnotes":""},"categories":[5],"tags":[99084,95515,34],"class_list":["post-604736","post","type-post","status-publish","format-standard","has-post-thumbnail","hentry","category-estado-de-mexico","tag-integran","tag-red-vargas","tag-valle-de-mexico"],"_links":{"self":[{"href":"https:\/\/www.diarioimagen.net\/index.php?rest_route=\/wp\/v2\/posts\/604736","targetHints":{"allow":["GET"]}}],"collection":[{"href":"https:\/\/www.diarioimagen.net\/index.php?rest_route=\/wp\/v2\/posts"}],"about":[{"href":"https:\/\/www.diarioimagen.net\/index.php?rest_route=\/wp\/v2\/types\/post"}],"author":[{"embeddable":true,"href":"https:\/\/www.diarioimagen.net\/index.php?rest_route=\/wp\/v2\/users\/3"}],"replies":[{"embeddable":true,"href":"https:\/\/www.diarioimagen.net\/index.php?rest_route=%2Fwp%2Fv2%2Fcomments&post=604736"}],"version-history":[{"count":0,"href":"https:\/\/www.diarioimagen.net\/index.php?rest_route=\/wp\/v2\/posts\/604736\/revisions"}],"wp:featuredmedia":[{"embeddable":true,"href":"https:\/\/www.diarioimagen.net\/index.php?rest_route=\/wp\/v2\/media\/604836"}],"wp:attachment":[{"href":"https:\/\/www.diarioimagen.net\/index.php?rest_route=%2Fwp%2Fv2%2Fmedia&parent=604736"}],"wp:term":[{"taxonomy":"category","embeddable":true,"href":"https:\/\/www.diarioimagen.net\/index.php?rest_route=%2Fwp%2Fv2%2Fcategories&post=604736"},{"taxonomy":"post_tag","embeddable":true,"href":"https:\/\/www.diarioimagen.net\/index.php?rest_route=%2Fwp%2Fv2%2Ftags&post=604736"}],"curies":[{"name":"wp","href":"https:\/\/api.w.org\/{rel}","templated":true}]}}