{"id":604894,"date":"2023-12-19T00:01:36","date_gmt":"2023-12-19T06:01:36","guid":{"rendered":"https:\/\/www.diarioimagen.net\/?p=604894"},"modified":"2023-12-20T00:32:09","modified_gmt":"2023-12-20T06:32:09","slug":"inah-indaga-gruta-descubierta-en-el-tramo-5-sur-del-tren-maya","status":"publish","type":"post","link":"https:\/\/www.diarioimagen.net\/?p=604894","title":{"rendered":"INAH indaga gruta descubierta en el tramo 5\u00a0sur del Tren Maya"},"content":{"rendered":"<p>&nbsp;<\/p>\n<h3 style=\"text-align: center;\">Programa de Mejoramiento de Zonas Arqueol\u00f3gicas<\/h3>\n<p>&nbsp;<\/p>\n<ul>\n<li><strong><em>El \u00e1rea esta ubicada al interior del Corredor Ecoarqueol\u00f3gico Paamul II<\/em><\/strong><\/li>\n<\/ul>\n<p><strong>\u00a0<\/strong><\/p>\n<div id=\"attachment_604960\" style=\"width: 470px\" class=\"wp-caption aligncenter\"><a href=\"https:\/\/www.diarioimagen.net\/?attachment_id=604960\" rel=\"attachment wp-att-604960\"><img loading=\"lazy\" decoding=\"async\" aria-describedby=\"caption-attachment-604960\" class=\"size-full wp-image-604960\" src=\"https:\/\/www.diarioimagen.net\/wp-content\/uploads\/2023\/12\/INAH01-1.jpg\" alt=\"\" width=\"460\" height=\"270\" \/><\/a><p id=\"caption-attachment-604960\" class=\"wp-caption-text\">El INAH destaca los rasgos naturales asociados a la presencia de grupos humanos antiguos en los que se indaga.<\/p><\/div>\n<p>&nbsp;<\/p>\n<p><strong>Chetumal.\u2014<\/strong> El 15 de diciembre de 2023 marcar\u00e1 un hito en la historia de nuestro pa\u00eds con la puesta en operaci\u00f3n del Tren Maya, una obra de transporte que adem\u00e1s de brindar bienestar y promover el desarrollo econ\u00f3mico de cinco estados del sureste mexicano, acercar\u00e1 al p\u00fablico a ciudades antiguas y \u00e1reas bioculturales que hablan de la grandeza de la naci\u00f3n maya mesoamericana.<\/p>\n<p>Durante la conferencia matutina del presidente Andr\u00e9s Manuel L\u00f3pez Obrador, el director general del Instituto Nacional de Antropolog\u00eda e Historia (INAH), Diego Prieto Hern\u00e1ndez, habl\u00f3 de los rasgos naturales asociados a la presencia de grupos humanos antiguos en los que se indaga y se preservan gracias a esta magna obra, entre los que destaca el hallazgo de una gruta con evidencia de muros de contenci\u00f3n construidos por mayas ancestrales, quiz\u00e1, para que fungieran como refugios o recintos.<\/p>\n<p>Esta formaci\u00f3n natural, detall\u00f3, se ubica en el Tramo 5 del Tren Maya, al interior del Corredor Ecoarqueol\u00f3gico Paamul II, el cual se pone en valor gracias a la Secretar\u00eda de Cultura del Gobierno de M\u00e9xico, mediante el Programa de Mejoramiento de Zonas Arqueol\u00f3gicas (Promeza), que desarrolla el INAH.<\/p>\n<p>\u201cCon un total de 1,106 rasgos naturales asociados a la presencia humana, dicho tramo, caracterizado por su suelo k\u00e1rstico, nos ha planteado la necesidad de ser muy cuidadosos con los elementos de tipo natural\u201d, indic\u00f3 el antrop\u00f3logo, al explicar que la gruta ya fue registrada por el Instituto y actualmente es investigada por un equipo de especialistas, a cargo de la arque\u00f3loga Susana Echeverr\u00eda Castillo.<\/p>\n<p>Por lo que toca a los elementos inmuebles, expuso que en los tramos 5, 6 y 7 se han localizado 39,589 vestigios, entre basamentos, albarradas, nivelaciones o antiguas unidades habitacionales; 579 bienes muebles, como vasijas o figurillas; 243,480 tiestos cer\u00e1micos y 140 restos humanos.<\/p>\n<p>De igual modo, dijo, como parte del Promeza, se atienden las zonas arqueol\u00f3gicas ubicadas en las cercan\u00edas de dichos tramos, entre ellas: El Meco, Tulum, Cob\u00e1, Muyil, Xelh\u00e1, Oxtankah, Chacchoben, Dzibanch\u00e9-Kinichn\u00e1, Kohunlich y Calakmul.<\/p>\n<p style=\"text-align: center;\"><strong>Alistan Museo de la Costa Oriental<\/strong><\/p>\n<p>Al hablar sobre la Zona Arqueol\u00f3gica de Ichkabal, el titular del INAH coment\u00f3 que exist\u00eda una demanda de diversas comunidades y grupos de su entorno, en lo relativo a su apertura al p\u00fablico, ahora, \u201cse tienen acuerdos con los ejidatarios y, por medio del Promeza, se avanza favorablemente en su investigaci\u00f3n, conservaci\u00f3n y adecuaci\u00f3n de su se\u00f1al\u00e9tica y de servicios al p\u00fablico visitante. La expectativa es que, a mediados de 2024, podamos inaugurar este sitio, al cual podr\u00e1n acceder las y los usuarios del Tren Maya desde la estaci\u00f3n Bacalar\u201d.<\/p>\n<p>Otras innovaciones que podr\u00e1n visitarse pr\u00f3ximamente dentro en los tramos 5, 6 y 7 del Tren Maya, adelant\u00f3 Prieto Hern\u00e1ndez, son el Museo de la Costa Oriental, el cual se construye dentro del Parque Nacional del Jaguar y cuyo guion museogr\u00e1fico est\u00e1 en desarrollo; as\u00ed como el primer Museo de Sitio y el Centro de Atenci\u00f3n a Visitantes (Catvi) de la Zona Arqueol\u00f3gica de Calakmul, espacios que se erigen en \u00e1reas previamente impactadas de la reserva de la biosfera hom\u00f3nima al sitio maya, como una medida ambientalmente responsable de construcci\u00f3n.<\/p>\n<p>Por \u00faltimo, anunci\u00f3 que, a partir del 15 de diciembre de 2023, la empresa Tren Maya distribuir\u00e1 la Gran Gu\u00eda Tren Maya, de la cual se repartir\u00e1n inicialmente 10,000 ejemplares, los cuales contendr\u00e1n informaci\u00f3n sobre los sitios arqueol\u00f3gicos e hist\u00f3ricos cercanos a cada estaci\u00f3n o paradero, datos sobre las manifestaciones culturales, gastron\u00f3micas y las tradiciones de las comunidades mayas de Chiapas, Tabasco y de la pen\u00ednsula de Yucat\u00e1n.<\/p>\n","protected":false},"excerpt":{"rendered":"<p>El 15 de diciembre de 2023 marcar\u00e1 un hito en la historia de nuestro pa\u00eds con la puesta en operaci\u00f3n del Tren Maya, una obra de transporte que adem\u00e1s de brindar bienestar y promover el desarrollo econ\u00f3mico de cinco estados del sureste mexicano, acercar\u00e1 al p\u00fablico a ciudades antiguas y \u00e1reas bioculturales que hablan de la grandeza de la naci\u00f3n maya mesoamericana.<\/p>\n","protected":false},"author":3,"featured_media":604960,"comment_status":"open","ping_status":"open","sticky":false,"template":"","format":"standard","meta":{"_monsterinsights_skip_tracking":false,"_monsterinsights_sitenote_active":false,"_monsterinsights_sitenote_note":"","_monsterinsights_sitenote_category":0,"footnotes":""},"categories":[17,3],"tags":[6407,3895,76415],"class_list":["post-604894","post","type-post","status-publish","format-standard","has-post-thumbnail","hentry","category-especiales","category-nacional","tag-chetumal","tag-inah","tag-tren-maya"],"_links":{"self":[{"href":"https:\/\/www.diarioimagen.net\/index.php?rest_route=\/wp\/v2\/posts\/604894","targetHints":{"allow":["GET"]}}],"collection":[{"href":"https:\/\/www.diarioimagen.net\/index.php?rest_route=\/wp\/v2\/posts"}],"about":[{"href":"https:\/\/www.diarioimagen.net\/index.php?rest_route=\/wp\/v2\/types\/post"}],"author":[{"embeddable":true,"href":"https:\/\/www.diarioimagen.net\/index.php?rest_route=\/wp\/v2\/users\/3"}],"replies":[{"embeddable":true,"href":"https:\/\/www.diarioimagen.net\/index.php?rest_route=%2Fwp%2Fv2%2Fcomments&post=604894"}],"version-history":[{"count":0,"href":"https:\/\/www.diarioimagen.net\/index.php?rest_route=\/wp\/v2\/posts\/604894\/revisions"}],"wp:featuredmedia":[{"embeddable":true,"href":"https:\/\/www.diarioimagen.net\/index.php?rest_route=\/wp\/v2\/media\/604960"}],"wp:attachment":[{"href":"https:\/\/www.diarioimagen.net\/index.php?rest_route=%2Fwp%2Fv2%2Fmedia&parent=604894"}],"wp:term":[{"taxonomy":"category","embeddable":true,"href":"https:\/\/www.diarioimagen.net\/index.php?rest_route=%2Fwp%2Fv2%2Fcategories&post=604894"},{"taxonomy":"post_tag","embeddable":true,"href":"https:\/\/www.diarioimagen.net\/index.php?rest_route=%2Fwp%2Fv2%2Ftags&post=604894"}],"curies":[{"name":"wp","href":"https:\/\/api.w.org\/{rel}","templated":true}]}}