{"id":604898,"date":"2023-12-19T00:01:05","date_gmt":"2023-12-19T06:01:05","guid":{"rendered":"https:\/\/www.diarioimagen.net\/?p=604898"},"modified":"2023-12-19T23:55:25","modified_gmt":"2023-12-20T05:55:25","slug":"salvatierra-donde-esta-el-estado","status":"publish","type":"post","link":"https:\/\/www.diarioimagen.net\/?p=604898","title":{"rendered":"Salvatierra, \u00bfd\u00f3nde est\u00e1 el Estado?"},"content":{"rendered":"<h2>Desde el portal<\/h2>\n<h5>\u00c1ngel Soriano<\/h5>\n<p>&nbsp;<\/p>\n<p>La atroz masacre en Salvatierra, Guanajuato, revive la pregunta: \u00bfd\u00f3nde est\u00e1 el Estado?, la inteligencia de las autoridades municipales, cuyas polic\u00edas no detectan las bandas delictivas, del gobierno del estado que mantiene durante d\u00e9cadas a un fiscal coludido con los malos, de las m\u00faltiples corporaciones policiacas federales, incapaces de prevenir un hecho de tal magnitud.<\/p>\n<p>Porque se supone que los guardianes del orden poseen recursos humanos y tecnol\u00f3gicos con capacidad para detectar a las bandas de pandilleros y de la delincuencia organizada y conocen sus movimientos, los antecedentes de las mismas y de la capacidad de movilizaci\u00f3n para sus actividades il\u00edcitas, pero si no es as\u00ed, entonces los hampones son superiores a la autoridad.<\/p>\n<p>No es ya la pregunta de una reportera hacia el jefe de Estado, sino es una pregunta generalizada de la sociedad local y extranjera, que observa imp\u00e1vida c\u00f3mo es que en la misma proporci\u00f3n que aumenta el n\u00famero de efectivos de la Guardia Nacional y de sus cuarteles, de la misma manera aumenta el n\u00famero de delitos en cualquier rinc\u00f3n de la Republica.<\/p>\n<p>Un fiscal y un gobernador ineficaz en Guanajuato ser\u00edan la justificante, en una sola entidad, pero ocurre lo mismo en Zacatecas, en Michoac\u00e1n, en Chiapas y en Jalisco, donde las autoridades son rebasadas por la delincuencia sin que haya la m\u00ednima intenci\u00f3n ni el compromiso por garantizar la tranquilidad de los pobladores, ahora la preguntar\u00eda \u00bfy cu\u00e1ndo actuar\u00e1 el Estado?<\/p>\n<p style=\"text-align: center;\"><strong>TURBULENCIAS<br \/>\nCrece el \u00e9xodo por la violencia<\/strong><\/p>\n<p>En paralelo a los enfrentamientos entre ciudadanos y delincuentes y al terror que impone en el pa\u00eds la delincuencia com\u00fan y organizada, as\u00ed marchan los pobladores y sus familias hacia lugares que se consideran m\u00e1s seguros; quienes tienen familiares en poblados de las mismas entidades, ah\u00ed se quedan o van a otras ciudades, pero la mayor\u00eda opta por arriesgar otra vez su vida marchando hacia la Uni\u00f3n Americana, en donde los republicanos con el ex presidente Trump a la cabeza amenazan con deportaciones masivas, adem\u00e1s de las boyas y del ej\u00e9rcito desplazado en toda la frontera, lo cual refleja un panorama desolador para miles de compatriotas que huyen de la violencia en M\u00e9xico y encuentran malos tratos y abusos a lo largo del camino que tomen. Se espera que, ante esta dram\u00e1tica realidad, las autoridades mexicanas reaccionen para tratar de restablecer la tranquilidad en nuestro pa\u00eds\u2026 Lo del Tribunal Electoral del Poder Judicial de la Federaci\u00f3n (TEPJF) s\u00f3lo es la renovaci\u00f3n de la presidencia, por la que es normal las diferencias y la pelea por el cargo, no se trata de diferencias profundas en el seno del organismo. La actual presidencia concluye su mandato el 31 de diciembre y entra otra el uno de enero, lo cual es normal, y se equivocan quienes piensan que se trata de tomar el control del organismo como sucede con otros aut\u00f3nomos\u2026 La designaci\u00f3n de candidatos a los 20 mil puestos de elecci\u00f3n popular en 2024 ahondar\u00e1 la divisi\u00f3n en los partidos opositores, ya que se trata de revivir a dirigentes acreditados o desacreditados que pretenden volver a la vida p\u00fablica aprovechando la coyuntura electoral, lo que suceder\u00e1 con el ex candidato presidencial Ricardo Anaya, a quien le revivir\u00e1n presuntos hechos delictuosos en los que se encuentra involucrado y que no le permitir\u00e1n accionar como es su deseo en la vida p\u00fablica. Cuando menos la hidalguense X\u00f3chitl G\u00e1lvez ya se desmarc\u00f3 de \u00e9l y le adjudica a la directiva del PAN el pretender reintegrarlo al Senado de la Rep\u00fablica que es el espacio natural para figuras pol\u00edticas de esa naturaleza, como ocurri\u00f3 con el senador Napole\u00f3n G\u00f3mez Urrutia.<\/p>\n<p><u><a href=\"mailto:asorianocarrasco@yahoo.com\" target=\"_blank\" rel=\"noopener noreferrer\"><em>asorianocarrasco@yahoo.com<\/em><\/a><br \/>\n<em><a href=\"https:\/\/revistabrecha.com\" target=\"_blank\" rel=\"noopener noreferrer\">www.revistabrecha.com<\/a><br \/>\n<\/em><\/u><em>facebook oficial <a href=\"https:\/\/es-la.facebook.com\/RevistaBrecha.Oficial\" target=\"_blank\" rel=\"noopener\">@BrechaRevista<\/a><\/em><\/p>\n","protected":false},"excerpt":{"rendered":"<p><span style=\"color: #005497;\"><strong>\u00c1ngel Soriano<\/strong><\/span><\/p>\n","protected":false},"author":3,"featured_media":0,"comment_status":"open","ping_status":"open","sticky":false,"template":"","format":"standard","meta":{"_monsterinsights_skip_tracking":false,"_monsterinsights_sitenote_active":false,"_monsterinsights_sitenote_note":"","_monsterinsights_sitenote_category":0,"footnotes":""},"categories":[135],"tags":[85,86,43674],"class_list":["post-604898","post","type-post","status-publish","format-standard","hentry","category-angel-soriano-opinion","tag-angel-soriano","tag-desde-el-portal","tag-opinion"],"_links":{"self":[{"href":"https:\/\/www.diarioimagen.net\/index.php?rest_route=\/wp\/v2\/posts\/604898","targetHints":{"allow":["GET"]}}],"collection":[{"href":"https:\/\/www.diarioimagen.net\/index.php?rest_route=\/wp\/v2\/posts"}],"about":[{"href":"https:\/\/www.diarioimagen.net\/index.php?rest_route=\/wp\/v2\/types\/post"}],"author":[{"embeddable":true,"href":"https:\/\/www.diarioimagen.net\/index.php?rest_route=\/wp\/v2\/users\/3"}],"replies":[{"embeddable":true,"href":"https:\/\/www.diarioimagen.net\/index.php?rest_route=%2Fwp%2Fv2%2Fcomments&post=604898"}],"version-history":[{"count":0,"href":"https:\/\/www.diarioimagen.net\/index.php?rest_route=\/wp\/v2\/posts\/604898\/revisions"}],"wp:attachment":[{"href":"https:\/\/www.diarioimagen.net\/index.php?rest_route=%2Fwp%2Fv2%2Fmedia&parent=604898"}],"wp:term":[{"taxonomy":"category","embeddable":true,"href":"https:\/\/www.diarioimagen.net\/index.php?rest_route=%2Fwp%2Fv2%2Fcategories&post=604898"},{"taxonomy":"post_tag","embeddable":true,"href":"https:\/\/www.diarioimagen.net\/index.php?rest_route=%2Fwp%2Fv2%2Ftags&post=604898"}],"curies":[{"name":"wp","href":"https:\/\/api.w.org\/{rel}","templated":true}]}}