{"id":605005,"date":"2023-12-20T00:01:39","date_gmt":"2023-12-20T06:01:39","guid":{"rendered":"https:\/\/www.diarioimagen.net\/?p=605005"},"modified":"2023-12-22T01:57:25","modified_gmt":"2023-12-22T07:57:25","slug":"descarta-salud-un-aumento-de-casos-covid-por-variante","status":"publish","type":"post","link":"https:\/\/www.diarioimagen.net\/?p=605005","title":{"rendered":"Descarta Salud un aumento de casos Covid por variante"},"content":{"rendered":"<p>&nbsp;<\/p>\n<ul>\n<li><em><strong>Se incrementar\u00e1 monitoreo<\/strong><\/em><\/li>\n<\/ul>\n<p>&nbsp;<\/p>\n<div id=\"attachment_605100\" style=\"width: 470px\" class=\"wp-caption aligncenter\"><a href=\"https:\/\/www.diarioimagen.net\/?attachment_id=605100\" rel=\"attachment wp-att-605100\"><img loading=\"lazy\" decoding=\"async\" aria-describedby=\"caption-attachment-605100\" class=\"size-full wp-image-605100\" src=\"https:\/\/www.diarioimagen.net\/wp-content\/uploads\/2023\/12\/COVID.jpg\" alt=\"\" width=\"460\" height=\"270\" \/><\/a><p id=\"caption-attachment-605100\" class=\"wp-caption-text\">La nueva variante del virus de la Covid-19, Pirola, \u201cno representa una alerta en el incremento de casos\u201d, se\u00f1ala la Secretar\u00eda de Salud.<\/p><\/div>\n<p>&nbsp;<\/p>\n<p>Pirola, la nueva variante del virus de la Covid-19, \u201cno representa una alerta en el incremento de casos\u201d, inform\u00f3 el subsecretario de Prevenci\u00f3n y Promoci\u00f3n de la Salud, Ruy L\u00f3pez Ridaura, al confirmar que las autoridades epidemiol\u00f3gicas del pa\u00eds han detectado apenas un caso en M\u00e9xico de la variante JN1, de agosto a la fecha.<\/p>\n<p>El funcionario federal detall\u00f3 que Pirola se trata de una subvariante de Omicron y la evidencia cient\u00edfica ha mostrado que el contagio de \u00e9sta no implica una enfermedad con un cuadro cl\u00ednico m\u00e1s grave.<\/p>\n<p>\u201cYa se ven\u00eda reportando por parte de la Organizaci\u00f3n Mundial de la Salud (OMS) un incremento de la variante JN1, que es una subvariante de Omicron. Se estima que en Europa est\u00e1 llegando a 15 o 17 por ciento, de todas las variantes est\u00e1 predominando \u00e9sta.<\/p>\n<p>\u201cDe agosto a la fecha, en M\u00e9xico hemos encontrado un caso de esta variante en la Ciudad de M\u00e9xico, pero s\u00ed esperamos, es lo que se ha visto en el mundo, un incremento de \u00e9sta. Se habla de mayor capacidad de transmisi\u00f3n, pero es una enfermedad que no tiene un cuadro cl\u00ednico m\u00e1s grave, ni se ha identificado que escape totalmente a la inmunidad natural o de las vacunas\u201d.<\/p>\n<p>L\u00f3pez Ridaura indic\u00f3 que se estar\u00e1 vigilando esta nueva variante, aunque \u201cpara nada representa una alerta importante de un incremento de casos\u201d.<\/p>\n<p>Refiri\u00f3 que de la semana 40 a la 50 del a\u00f1o, \u201chay un descenso continuo\u201d en los contagios por Covid-19, con una positividad de entre 3 y 5 por ciento, en tanto que para influenza hay un ascenso que est\u00e1 en una positividad de casi 20 por ciento en el pa\u00eds.<\/p>\n<p>Sobre la campa\u00f1a nacional de vacunaci\u00f3n, L\u00f3pez Ridaura apunt\u00f3 que en influenza se han aplicado de octubre a la fecha 19 millones de dosis, equivalente a 53 por ciento de la meta; mientras que para Covid-19 apenas se ha llegado a 3.8 millones de aplicaciones, 18 por ciento de la meta<\/p>\n<p style=\"text-align: center;\"><strong>Ning\u00fan control de precios a vacunas anti Covid<\/strong><\/p>\n<p>En tanto, el presidente L\u00f3pez Obrador descart\u00f3 que su gobierno vaya a controlar los precios de las vacunas Pfizer y Moderna contra la Covid-19, las cuales estar\u00e1n a la venta en pr\u00f3ximas semanas en el pa\u00eds.<\/p>\n<p>\u201cNo estoy muy de acuerdo en regular precios, por qu\u00e9, hay vacunas, yo me vacun\u00e9 hace como un mes, me puse las dos vacunas la del Covid y la de influenza y muy bien, ni siquiera tuve reacci\u00f3n\u201d, puntualiz\u00f3.<\/p>\n<p>En la conferencia ma\u00f1anera de Palacio Nacional, el mandatario explic\u00f3 que habr\u00e1 libertad para la compra y venta de la vacuna con la diferencia, dijo, de que el gobierno tambi\u00e9n garantizar\u00e1 el acceso a los biol\u00f3gicos contra la Covid para el que no pueda pagarlos.<\/p>\n","protected":false},"excerpt":{"rendered":"<p>Pirola, la nueva variante del virus de la Covid-19, \u201cno representa una alerta en el incremento de casos\u201d, inform\u00f3 el subsecretario de Prevenci\u00f3n y Promoci\u00f3n de la Salud, Ruy L\u00f3pez Ridaura, al confirmar que las autoridades epidemiol\u00f3gicas del pa\u00eds han detectado apenas un caso en M\u00e9xico de la variante JN1, de agosto a la fecha.<\/p>\n","protected":false},"author":3,"featured_media":605100,"comment_status":"open","ping_status":"open","sticky":false,"template":"","format":"standard","meta":{"_monsterinsights_skip_tracking":false,"_monsterinsights_sitenote_active":false,"_monsterinsights_sitenote_note":"","_monsterinsights_sitenote_category":0,"footnotes":""},"categories":[17,877],"tags":[48610,91906,92354],"class_list":["post-605005","post","type-post","status-publish","format-standard","has-post-thumbnail","hentry","category-especiales","category-salud","tag-casos","tag-covid","tag-variante"],"_links":{"self":[{"href":"https:\/\/www.diarioimagen.net\/index.php?rest_route=\/wp\/v2\/posts\/605005","targetHints":{"allow":["GET"]}}],"collection":[{"href":"https:\/\/www.diarioimagen.net\/index.php?rest_route=\/wp\/v2\/posts"}],"about":[{"href":"https:\/\/www.diarioimagen.net\/index.php?rest_route=\/wp\/v2\/types\/post"}],"author":[{"embeddable":true,"href":"https:\/\/www.diarioimagen.net\/index.php?rest_route=\/wp\/v2\/users\/3"}],"replies":[{"embeddable":true,"href":"https:\/\/www.diarioimagen.net\/index.php?rest_route=%2Fwp%2Fv2%2Fcomments&post=605005"}],"version-history":[{"count":0,"href":"https:\/\/www.diarioimagen.net\/index.php?rest_route=\/wp\/v2\/posts\/605005\/revisions"}],"wp:featuredmedia":[{"embeddable":true,"href":"https:\/\/www.diarioimagen.net\/index.php?rest_route=\/wp\/v2\/media\/605100"}],"wp:attachment":[{"href":"https:\/\/www.diarioimagen.net\/index.php?rest_route=%2Fwp%2Fv2%2Fmedia&parent=605005"}],"wp:term":[{"taxonomy":"category","embeddable":true,"href":"https:\/\/www.diarioimagen.net\/index.php?rest_route=%2Fwp%2Fv2%2Fcategories&post=605005"},{"taxonomy":"post_tag","embeddable":true,"href":"https:\/\/www.diarioimagen.net\/index.php?rest_route=%2Fwp%2Fv2%2Ftags&post=605005"}],"curies":[{"name":"wp","href":"https:\/\/api.w.org\/{rel}","templated":true}]}}