{"id":605019,"date":"2023-12-20T00:03:31","date_gmt":"2023-12-20T06:03:31","guid":{"rendered":"https:\/\/www.diarioimagen.net\/?p=605019"},"modified":"2023-12-20T00:54:19","modified_gmt":"2023-12-20T06:54:19","slug":"comercios-y-gobierno-de-cuautitlan-izcalli-cuidan-de-las-mujeres","status":"publish","type":"post","link":"https:\/\/www.diarioimagen.net\/?p=605019","title":{"rendered":"Comercios y gobierno de Cuautitl\u00e1n Izcalli cuidan de las mujeres"},"content":{"rendered":"<p>&nbsp;<\/p>\n<p><a href=\"https:\/\/www.diarioimagen.net\/?attachment_id=605117\" rel=\"attachment wp-att-605117\"><img loading=\"lazy\" decoding=\"async\" class=\"aligncenter size-full wp-image-605117\" src=\"https:\/\/www.diarioimagen.net\/wp-content\/uploads\/2023\/12\/comercios-gobierno.jpg\" alt=\"\" width=\"460\" height=\"270\" \/><\/a><\/p>\n<p>&nbsp;<\/p>\n<p><strong>Cuautitl\u00e1n Izcalli, Estado de M\u00e9xico.\u2014<\/strong> Con la finalidad de combatir la violencia de g\u00e9nero y proporcionar lugares seguros para las mujeres a lo largo del territorio municipal, el gobierno de Cuautitl\u00e1n Izcalli, bajo el liderazgo de la alcaldesa Karla Fiesco, ha implementado los Puntos Violeta.<\/p>\n<p>Los Puntos Violeta han crecido significativamente con un n\u00famero cada vez mayor de locatarios izcallenses uni\u00e9ndose a esta causa, actualmente tenemos 230 en diversas comunidades del municipio. Esta acci\u00f3n no solo ofrece seguridad f\u00edsica, sino que tambi\u00e9n simboliza la solidaridad y el compromiso de todas y todos para erradicar la violencia de g\u00e9nero.<\/p>\n<p>Cabe destacar que en cada punto se capacita a los propietarios y personal en los negocios para poder recibir a ni\u00f1as, adolescentes y mujeres que se sientan inseguras o amenazadas al caminar por ese lugar y se canaliza inmediatamente a la autoridad competente.<\/p>\n<p>El Gobierno Municipal de Cuautitl\u00e1n Izcalli hace un llamado a todos los comerciantes a unirse a esta causa y contribuir a la creaci\u00f3n de un entorno m\u00e1s seguro y equitativo para todas las mujeres.<\/p>\n<p>Si deseas que tu negocio sea un Punto Violeta puedes comunicarte al siguiente tel\u00e9fono: 55 11 13 07 05.<\/p>\n","protected":false},"excerpt":{"rendered":"<p>Con la finalidad de combatir la violencia de g\u00e9nero y proporcionar lugares seguros para las mujeres a lo largo del territorio municipal, el gobierno de Cuautitl\u00e1n Izcalli, bajo el liderazgo de la alcaldesa Karla Fiesco, ha implementado los Puntos Violeta.<\/p>\n","protected":false},"author":3,"featured_media":605117,"comment_status":"open","ping_status":"open","sticky":false,"template":"","format":"standard","meta":{"_monsterinsights_skip_tracking":false,"_monsterinsights_sitenote_active":false,"_monsterinsights_sitenote_note":"","_monsterinsights_sitenote_category":0,"footnotes":""},"categories":[5],"tags":[971,43675,7196,1921],"class_list":["post-605019","post","type-post","status-publish","format-standard","has-post-thumbnail","hentry","category-estado-de-mexico","tag-cuautitlan-izcalli","tag-estado-de-mexico","tag-gobierno","tag-mujeres"],"_links":{"self":[{"href":"https:\/\/www.diarioimagen.net\/index.php?rest_route=\/wp\/v2\/posts\/605019","targetHints":{"allow":["GET"]}}],"collection":[{"href":"https:\/\/www.diarioimagen.net\/index.php?rest_route=\/wp\/v2\/posts"}],"about":[{"href":"https:\/\/www.diarioimagen.net\/index.php?rest_route=\/wp\/v2\/types\/post"}],"author":[{"embeddable":true,"href":"https:\/\/www.diarioimagen.net\/index.php?rest_route=\/wp\/v2\/users\/3"}],"replies":[{"embeddable":true,"href":"https:\/\/www.diarioimagen.net\/index.php?rest_route=%2Fwp%2Fv2%2Fcomments&post=605019"}],"version-history":[{"count":0,"href":"https:\/\/www.diarioimagen.net\/index.php?rest_route=\/wp\/v2\/posts\/605019\/revisions"}],"wp:featuredmedia":[{"embeddable":true,"href":"https:\/\/www.diarioimagen.net\/index.php?rest_route=\/wp\/v2\/media\/605117"}],"wp:attachment":[{"href":"https:\/\/www.diarioimagen.net\/index.php?rest_route=%2Fwp%2Fv2%2Fmedia&parent=605019"}],"wp:term":[{"taxonomy":"category","embeddable":true,"href":"https:\/\/www.diarioimagen.net\/index.php?rest_route=%2Fwp%2Fv2%2Fcategories&post=605019"},{"taxonomy":"post_tag","embeddable":true,"href":"https:\/\/www.diarioimagen.net\/index.php?rest_route=%2Fwp%2Fv2%2Ftags&post=605019"}],"curies":[{"name":"wp","href":"https:\/\/api.w.org\/{rel}","templated":true}]}}