{"id":605160,"date":"2023-12-21T00:02:12","date_gmt":"2023-12-21T06:02:12","guid":{"rendered":"https:\/\/www.diarioimagen.net\/?p=605160"},"modified":"2024-01-02T23:03:08","modified_gmt":"2024-01-03T05:03:08","slug":"tren-maya-habilitara-el-servicio-de-pasajeros-de-cancun-a-palenque","status":"publish","type":"post","link":"https:\/\/www.diarioimagen.net\/?p=605160","title":{"rendered":"Tren Maya habilitar\u00e1 el servicio de pasajeros de Canc\u00fan a Palenque"},"content":{"rendered":"<p>&nbsp;<\/p>\n<h2 style=\"text-align: center;\">Este 31 de diciembre<\/h2>\n<p>&nbsp;<\/p>\n<ul>\n<li><strong><em>El gobierno federal cumple con obras en beneficio de comunidades del norte, centro y sur del pa\u00eds<\/em><\/strong><\/li>\n<\/ul>\n<p><strong>\u00a0<\/strong><\/p>\n<div id=\"attachment_605216\" style=\"width: 470px\" class=\"wp-caption aligncenter\"><a href=\"https:\/\/www.diarioimagen.net\/?attachment_id=605216\" rel=\"attachment wp-att-605216\"><img loading=\"lazy\" decoding=\"async\" aria-describedby=\"caption-attachment-605216\" class=\"size-full wp-image-605216\" src=\"https:\/\/www.diarioimagen.net\/wp-content\/uploads\/2023\/12\/tren-maya.jpg\" alt=\"\" width=\"460\" height=\"270\" \/><\/a><p id=\"caption-attachment-605216\" class=\"wp-caption-text\">El gobierno federal destac\u00f3 la entrega de obras prioritarias al pueblo de M\u00e9xico.<\/p><\/div>\n<p>&nbsp;<\/p>\n<p>El presidente Andr\u00e9s Manuel L\u00f3pez Obrador destac\u00f3 la entrega de obras prioritarias al pueblo de M\u00e9xico durante el \u00faltimo tramo del Gobierno de la Cuarta Transformaci\u00f3n.<\/p>\n<p>A trav\u00e9s de sus redes sociales puntualiz\u00f3 las pr\u00f3ximas fechas de inauguraci\u00f3n de proyectos de infraestructura con las que cumplir\u00e1 sus compromisos en beneficio de comunidades del norte, centro y sur del pa\u00eds.<\/p>\n<p>\u00ac Jueves 21 de diciembre: inauguraci\u00f3n de la primera etapa del acueducto Agua Saludable para La Laguna, en beneficio de localidades de Coahuila y Durango.<\/p>\n<p>\u00ac Viernes 22 de diciembre: inicio del servicio del Tren Interoce\u00e1nico del Istmo de Tehuantepec.<\/p>\n<p>\u00ac Martes 26 de diciembre: inicia vuelos Mexicana de Aviaci\u00f3n.<\/p>\n<p>\u00ac Mi\u00e9rcoles 27 de diciembre: inauguraci\u00f3n de la primera etapa del acueducto de la presa El Zapotillo, en Jalisco.<\/p>\n<p>\u00ac Viernes 29 de diciembre: abre farmacia central en Huehuetoca, Estado de M\u00e9xico.<\/p>\n<p>\u00ac Domingo 31 de diciembre: Tren Maya habilita servicio de pasajeros de Canc\u00fan a Palenque.<\/p>\n<p style=\"text-align: center;\"><strong>Tren Maya para desarrollar el sureste<\/strong><\/p>\n<p>El pasado viernes 15 de diciembre se convirti\u00f3 en un d\u00eda hist\u00f3rico por el inicio de operaciones del Tren Maya en el tramo Campeche-Canc\u00fan, Quintana Roo.<\/p>\n<p>Al respecto, el mandatario comparti\u00f3 un video de 3:36 minutos, en el que present\u00f3 detalles del recorrido inaugural de esta magna obra construida en tiempo r\u00e9cord a partir de inversi\u00f3n p\u00fablica. Sostuvo que su edificaci\u00f3n no representa deuda ni cr\u00e9ditos. En la grabaci\u00f3n se observan las reacciones positivas de trabajadoras y trabajadores de la construcci\u00f3n, as\u00ed como poblaci\u00f3n local. Tambi\u00e9n se aprecian los paisajes que el p\u00fablico usuario del Tren Maya podr\u00e1 disfrutar a lo largo de la ruta entre los estados de Campeche, Yucat\u00e1n y Quintana Roo.\u00a0 \u201cEs una obra del pueblo de M\u00e9xico y por eso la vamos a cuidar todos, es una obra de todos los mexicanos para ayudar mucho al desarrollo del sureste\u201d, expres\u00f3 el presidente.<\/p>\n<p>El 29 de febrero de 2024 la Secretar\u00eda de la Defensa Nacional y empresas constructoras participantes concluir\u00e1n el circuito de mil 554 kil\u00f3metros que conforman el Tren Maya, obra \u00fanica en el mundo que pasar\u00e1 por Chiapas, Tabasco, Campeche, Yucat\u00e1n y Quintana Roo a una velocidad promedio de 120 kil\u00f3metros por hora.\u00a0 En la misma publicaci\u00f3n, el jefe del Ejecutivo record\u00f3 que el viernes 1\u00b0 de diciembre inaugur\u00f3 en Tulum, Quintana Roo, el Aeropuerto Internacional Felipe Carrillo Puerto, el cual tiene la segunda pista m\u00e1s grande del pa\u00eds: 3 mil 700 metros de longitud de concreto hidr\u00e1ulico a fin de atender a 5.5 millones de pasajeros anualmente.<\/p>\n<p>El s\u00e1bado 16 de diciembre, encabez\u00f3 la inauguraci\u00f3n del 16 Regimiento de Caballer\u00eda Motorizado para m\u00e1s de 500 elementos en Nuevo Laredo, donde avanza la construcci\u00f3n de las oficinas centrales de la Agencia Nacional de Aduanas de M\u00e9xico. Adem\u00e1s, atestigu\u00f3 la conclusi\u00f3n del acueducto El Cuchillo II, que abastecer\u00e1 con 5 mil litros adicionales por segundo a la zona conurbada de Monterrey, Nuevo Le\u00f3n.<\/p>\n","protected":false},"excerpt":{"rendered":"<p>El presidente Andr\u00e9s Manuel L\u00f3pez Obrador destac\u00f3 la entrega de obras prioritarias al pueblo de M\u00e9xico durante el \u00faltimo tramo del Gobierno de la Cuarta Transformaci\u00f3n.<\/p>\n","protected":false},"author":3,"featured_media":605216,"comment_status":"open","ping_status":"open","sticky":false,"template":"","format":"standard","meta":{"_monsterinsights_skip_tracking":false,"_monsterinsights_sitenote_active":false,"_monsterinsights_sitenote_note":"","_monsterinsights_sitenote_category":0,"footnotes":""},"categories":[17,3],"tags":[204,4667,46364,76415],"class_list":["post-605160","post","type-post","status-publish","format-standard","has-post-thumbnail","hentry","category-especiales","category-nacional","tag-ciudad-de-mexico","tag-palenque","tag-pasajeros","tag-tren-maya"],"_links":{"self":[{"href":"https:\/\/www.diarioimagen.net\/index.php?rest_route=\/wp\/v2\/posts\/605160","targetHints":{"allow":["GET"]}}],"collection":[{"href":"https:\/\/www.diarioimagen.net\/index.php?rest_route=\/wp\/v2\/posts"}],"about":[{"href":"https:\/\/www.diarioimagen.net\/index.php?rest_route=\/wp\/v2\/types\/post"}],"author":[{"embeddable":true,"href":"https:\/\/www.diarioimagen.net\/index.php?rest_route=\/wp\/v2\/users\/3"}],"replies":[{"embeddable":true,"href":"https:\/\/www.diarioimagen.net\/index.php?rest_route=%2Fwp%2Fv2%2Fcomments&post=605160"}],"version-history":[{"count":0,"href":"https:\/\/www.diarioimagen.net\/index.php?rest_route=\/wp\/v2\/posts\/605160\/revisions"}],"wp:featuredmedia":[{"embeddable":true,"href":"https:\/\/www.diarioimagen.net\/index.php?rest_route=\/wp\/v2\/media\/605216"}],"wp:attachment":[{"href":"https:\/\/www.diarioimagen.net\/index.php?rest_route=%2Fwp%2Fv2%2Fmedia&parent=605160"}],"wp:term":[{"taxonomy":"category","embeddable":true,"href":"https:\/\/www.diarioimagen.net\/index.php?rest_route=%2Fwp%2Fv2%2Fcategories&post=605160"},{"taxonomy":"post_tag","embeddable":true,"href":"https:\/\/www.diarioimagen.net\/index.php?rest_route=%2Fwp%2Fv2%2Ftags&post=605160"}],"curies":[{"name":"wp","href":"https:\/\/api.w.org\/{rel}","templated":true}]}}