{"id":605176,"date":"2023-12-21T00:03:35","date_gmt":"2023-12-21T06:03:35","guid":{"rendered":"https:\/\/www.diarioimagen.net\/?p=605176"},"modified":"2023-12-21T00:02:11","modified_gmt":"2023-12-21T06:02:11","slug":"ajuste-tricolor-mexiquense-en-secreto","status":"publish","type":"post","link":"https:\/\/www.diarioimagen.net\/?p=605176","title":{"rendered":"Ajuste tricolor mexiquense \u00bfen secreto?"},"content":{"rendered":"<h2>Espacio Electoral<\/h2>\n<h5>Eleazar Flores<\/h5>\n<p>&nbsp;<\/p>\n<p><strong>\u00bfPAS\u00d3 DE NOCHE?-.<\/strong> En las eras gloriosas del PARTIDAZO, un cambio se cacareaba y se consumaba en medio de un evento masivo el ungimiento, ayer no fue as\u00ed, pues muchos se enteraron s\u00f3lo por las redes sociales<\/p>\n<p>Cuando menos en las primeras horas as\u00ed fue, Alejandro Moreno dio el nombre de la nueva presidenta del PRI mexiquense en la persona de la diputada federal Ana Lilia Herrera Anzaldo y como secretario general al diputado local Alejandro Castro Hern\u00e1ndez; pero seguramente programar\u00e1n un evento que no desmerezca a los que ahora organiza Morena.<\/p>\n<p>Por la misma v\u00eda, el presidente nacional tricolor Alejandro Moreno, ALITO, inform\u00f3 que el hoy ex presidente estatal priista, Eric Sevilla Montes de Oca, no se quedar\u00e1 volando, pues lo integrar\u00e1 a su comit\u00e9 ejecutivo con el cargo de SECRETARIO ADJUNTO a la presidencia.<\/p>\n<p>Como los mal pensados abundan entre la militancia de todos los partidos pol\u00edticos, muchos creen que ni siquiera los dem\u00e1s integrantes del comit\u00e9 directivo estatal fueron informados acerca del reajuste al aparato partidista, aun cuando creen que se EST\u00c1 EN TIEMPO para hacer todos los preparativos con miras a las pr\u00f3ximas elecciones para diputados locales y cabildos.<\/p>\n<p>Si a los integrantes del Comit\u00e9 Directivo Estatal no se les notific\u00f3 con tiempo del cambio, menos a los dirigentes de sectores, popular, obrero y campesino, cuya dirigente de este \u00faltimo rindi\u00f3 su informe de actividades la semana pasada.<\/p>\n<p><strong>ANA LILIA-.<\/strong> La diputada federal Ana Lilia Herrera Anzaldo acumula un largo e importante expediente en puestos de elecci\u00f3n y otros de designaci\u00f3n, igual o m\u00e1s importantes, a nivel municipal y estatal, pero de su \u00faltima responsabilidad partidista dej\u00f3 un recuerdo no tan grato, pues como aspirante frustrada a la candidatura al gobierno mexiquense y despu\u00e9s como DELEGADA NACIONAL priista, nunca o poqu\u00edsimas veces acompa\u00f1\u00f3 a Alejandra del Moral en su campa\u00f1a pol\u00edtica.<\/p>\n<p>No se acerc\u00f3, como tampoco se ha acercado ahora la tlaxcalteca Beatriz Paredes Rangel a la precandidata presidencial X\u00f3chitl G\u00e1lvez, quien le gan\u00f3 la nominaci\u00f3n. As\u00ed anduvieron y as\u00ed andan los tricolores en la UNIDAD que tanto pregonan.<\/p>\n<p>Ana Lilia inicia como vocera del PRI mexiquense y luego del gobierno, diputada local y titular de secretar\u00edas del r\u00e9gimen, siendo la de Educaci\u00f3n de gran peso, esa que ahora ocupan mayoritariamente profesores, -hasta jubilados-, del Valle de M\u00e9xico y de Texcoco, de preferencia.<\/p>\n<p>Herrera Anzaldo lleg\u00f3 a ser presidenta municipal de METEPEC teniendo enfrente otra mujer de peso en busca del mismo cargo y despu\u00e9s alcanz\u00f3 una diputaci\u00f3n federal, logrando incluso la reelecci\u00f3n, lo que sin duda evidenci\u00f3 su identificaci\u00f3n con los electores de su distrito.<\/p>\n<p>Experta en el manejo medi\u00e1tico, que tanto falta al PRI, Ana Lilia podr\u00eda RECOMPONER las cosas.<\/p>\n<p><em><a href=\"mailto:elefa44@gmail.com\" target=\"_blank\" rel=\"noopener noreferrer\">elefa44@gmail.com<\/a><\/em><\/p>\n","protected":false},"excerpt":{"rendered":"<p><span style=\"color: #005497;\"><strong>Eleazar Flores<\/strong><\/span><\/p>\n","protected":false},"author":3,"featured_media":0,"comment_status":"open","ping_status":"open","sticky":false,"template":"","format":"standard","meta":{"_monsterinsights_skip_tracking":false,"_monsterinsights_sitenote_active":false,"_monsterinsights_sitenote_note":"","_monsterinsights_sitenote_category":0,"footnotes":""},"categories":[81743],"tags":[81744,81776,43674],"class_list":["post-605176","post","type-post","status-publish","format-standard","hentry","category-eleazar-flores","tag-eleazar-flores","tag-espacio-electoral","tag-opinion"],"_links":{"self":[{"href":"https:\/\/www.diarioimagen.net\/index.php?rest_route=\/wp\/v2\/posts\/605176","targetHints":{"allow":["GET"]}}],"collection":[{"href":"https:\/\/www.diarioimagen.net\/index.php?rest_route=\/wp\/v2\/posts"}],"about":[{"href":"https:\/\/www.diarioimagen.net\/index.php?rest_route=\/wp\/v2\/types\/post"}],"author":[{"embeddable":true,"href":"https:\/\/www.diarioimagen.net\/index.php?rest_route=\/wp\/v2\/users\/3"}],"replies":[{"embeddable":true,"href":"https:\/\/www.diarioimagen.net\/index.php?rest_route=%2Fwp%2Fv2%2Fcomments&post=605176"}],"version-history":[{"count":0,"href":"https:\/\/www.diarioimagen.net\/index.php?rest_route=\/wp\/v2\/posts\/605176\/revisions"}],"wp:attachment":[{"href":"https:\/\/www.diarioimagen.net\/index.php?rest_route=%2Fwp%2Fv2%2Fmedia&parent=605176"}],"wp:term":[{"taxonomy":"category","embeddable":true,"href":"https:\/\/www.diarioimagen.net\/index.php?rest_route=%2Fwp%2Fv2%2Fcategories&post=605176"},{"taxonomy":"post_tag","embeddable":true,"href":"https:\/\/www.diarioimagen.net\/index.php?rest_route=%2Fwp%2Fv2%2Ftags&post=605176"}],"curies":[{"name":"wp","href":"https:\/\/api.w.org\/{rel}","templated":true}]}}