{"id":605177,"date":"2023-12-21T00:06:17","date_gmt":"2023-12-21T06:06:17","guid":{"rendered":"https:\/\/www.diarioimagen.net\/?p=605177"},"modified":"2023-12-21T00:04:01","modified_gmt":"2023-12-21T06:04:01","slug":"la-violencia-galopante","status":"publish","type":"post","link":"https:\/\/www.diarioimagen.net\/?p=605177","title":{"rendered":"La violencia galopante"},"content":{"rendered":"<h2>As\u00ed las cosas&#8230;<\/h2>\n<h5>Humberto Mares N.<\/h5>\n<p>&nbsp;<\/p>\n<p>Sin duda, el principal problema de M\u00e9xico, entre muchos, es la seguridad. La violencia la reportan diariamente los medios de comunicaci\u00f3n. Tenemos muchos meses que M\u00e9xico contabiliza cerca de 90, 80 asesinatos diarios. \u00daltimamente se dieron asesinatos en Guanajuato, Salamanca, Salvatierra, Tulum, Chilpancingo, Durango, Michoac\u00e1n, Estado de M\u00e9xico y Jalisco. Diariamente los medios reportan asesinatos en el pa\u00eds. Lo sucedido en Texcapilla, Estado de M\u00e9xico pinta lo que est\u00e1 sucediendo en todo el pa\u00eds.<\/p>\n<p>Los habitantes de Texcapilla, Estado de M\u00e9xico, est\u00e1n desesperados porque son blanco f\u00e1cil de los extorsionadores del crimen organizado y la autoridad no hace nada. Por lo menos en 30 estados del pa\u00eds el crimen organizado tiene asolada a la poblaci\u00f3n de ciudades peque\u00f1as y medianas. Municipios grandes sufren tambi\u00e9n, pero en menor grado. Nuestros campesinos est\u00e1n a merced del crimen.<\/p>\n<p>La rebeli\u00f3n de pobladores Texcapilla contra extorsionadores de La Familia Michoacana, el pasado viernes 8 de diciembre, dej\u00f3 al descubierto que el temor de los habitantes por denunciar, mantiene bajas las cifras delictivas. Los reportes oficiales pintan una regi\u00f3n pac\u00edfica, pero el miedo recorre este y municipios aleda\u00f1os, ya que la delincuencia era quien controlaba las ventas de alimentos, hab\u00eda toques de queda y castigaba hasta la infidelidad. Era la autoridad. Finalmente se revelaron y enfrentaron a los delincuentes.<\/p>\n<p>La historia violenta de M\u00e9xico post revolucionario registra, a la fecha, m\u00e1s de 173 mil muertos al cierre de su quinto a\u00f1o del actual gobierno, contra 156 mil en todo el sexenio de Enrique Pe\u00f1a Nieto, 120 mil en el de Felipe Calder\u00f3n y 60 mil en el de Vicente Fox. Los n\u00fameros nos dicen todo.<\/p>\n<p style=\"text-align: center;\"><strong>Las campa\u00f1as<\/strong><\/p>\n<p>En este escenario, las campa\u00f1as pol\u00edticas siguen. X\u00f3chitl G\u00e1lvez, candidata de la oposici\u00f3n del Frente Amplio por M\u00e9xico, en entrevista con Ciro G\u00f3mez Leyva en radio se refiri\u00f3 precisamente a este tema. Defini\u00f3 como prioridades para los ciudadanos, en\u00a0 primer lugar, la seguridad y se\u00f1al\u00f3 el hartazgo de los ciudadanos por la violencia e inseguridad que prevalece en el pa\u00eds. En segundo, la salud, que no tienen atenci\u00f3n, que no tienen medios ni medicinas en los consultorios y hospitales del gobierno, que no se lleven a cabo cirug\u00edas. G\u00e1lvez apunt\u00f3 como tercer punto el olvido al campo.<\/p>\n<p>X\u00f3chitl apunt\u00f3 que su propuesta es atacar estos puntos con trabajo de inteligencia, tecnolog\u00eda y especialistas.<\/p>\n<p>Lo urgente es, sin duda, la parte de la seguridad. El tema principal se convertir\u00e1 el tema de la violencia y seguridad. El oficialismo defiende su pol\u00edtica de \u201cabrazos y no balazos\u201d, que AMLO instituy\u00f3 y que han costado muchas vidas, por desgracia de nuestras fuerzas armadas, porque tal parece que la orden es no defenderse. Este ser\u00e1 tema crucial en campa\u00f1as.<\/p>\n<p style=\"text-align: center;\"><strong>La Corte<\/strong><\/p>\n<p>La Suprema Corte de Justicia de la Naci\u00f3n (SCJN) tiene cambios, ante la insistencia del Presidente de nombrar a la sucesora de Arturo Zald\u00edvar, hoy declarado abiertamente morenista. Lenia Batres, hermana del actual jefe de Gobierno de la CDMX, y de reconocida carrera morenista y lopezobradorista. Lenia Batres luego de un proceso de selecci\u00f3n muy cuestionado por la forma en que se conformaron las ternas enviadas por el jefe del Ejecutivo,\u00a0 protest\u00f3 en el senado como ministra por 5 a\u00f1os. El mi\u00e9rcoles, al comparecer en el Senado, Lenia Batres se pronunci\u00f3 a favor de que jueces, magistrados y ministros sean electos por voto popular, como lo plantea el Presidente. Su primer mensaje, su primer trabajo.<\/p>\n<p style=\"text-align: center;\"><strong>Reacciones<\/strong><\/p>\n<p>De inmediato la oposici\u00f3n cuestion\u00f3 el nombramiento y apunt\u00f3 que la autonom\u00eda de Batres est\u00e1 en duda, porque la carrera pol\u00edtica de Lenia est\u00e1 vinculada al presidente L\u00f3pez Obrador y a la 4T, por lo que no garantiza su independencia en la Suprema Corte, coincidieron legisladores del PRI, PAN y PRD.<\/p>\n<p>Morenistas felicitaron a la nueva integrante de la SCJN: Claudia Sheinbaum confi\u00f3 en que \u201cdefender\u00e1 la justicia y velar\u00e1 por los intereses del pueblo\u201d, mientras que la candidata de la oposici\u00f3n, X\u00f3chitl G\u00e1lvez, cuestion\u00f3 su designaci\u00f3n y dijo que tendr\u00e1 que demostrar que \u201cest\u00e1 del lado de la Constituci\u00f3n\u201d.<\/p>\n<p>\u201cNombrar a una ministra af\u00edn, militante y sin experiencia, muestra el poco respeto que le tiene AMLO al Poder Judicial y la poca importancia que le da a la divisi\u00f3n de poderes\u201d, reclam\u00f3 Marko Cort\u00e9s, dirigente nacional del PAN. \u201cSin recato alguno y con la mayor desverg\u00fcenza, AMLO designa a su empleada Lenia Batres como ministra de la Corte. AMLO quiere una dictadura en M\u00e9xico con todos los poderes subordinados al aut\u00f3crata\u201d, declar\u00f3 el l\u00edder del PRD, Jes\u00fas Zambrano.<\/p>\n<p style=\"text-align: center;\"><strong>Apunte<\/strong><\/p>\n<p>El doctor Francisco Moreno, internista e infect\u00f3logo, habl\u00f3 sobre la aparici\u00f3n de la nueva subvariante de Covid-19, Pirola o JN1, de la cual ya se dio un primer caso en la Ciudad de M\u00e9xico y que es m\u00e1s contagiosa. Por fortuna, a partir de ayer la vacuna de Pfizer inici\u00f3 la venta libre al p\u00fablico de su vacuna contra Covld-19. Las principales cadenas de farmacias en todo el pa\u00eds ofrecen la nueva vacuna actualizada de Pfizer contra el Covid-19, llamada Comirnaty y posteriormente ser\u00e1 la de Moderna. As\u00ed las cosas, hasta pronto. Felices fiestas.<\/p>\n<p><a href=\"mailto:hmares21@gmail.com\" target=\"_blank\" rel=\"noopener\"><em>hmares21@gmail.com<\/em><\/a><\/p>\n","protected":false},"excerpt":{"rendered":"<p><span style=\"color: #005497;\"><strong>Humberto Mares N.<\/strong><\/span><\/p>\n","protected":false},"author":3,"featured_media":0,"comment_status":"open","ping_status":"open","sticky":false,"template":"","format":"standard","meta":{"_monsterinsights_skip_tracking":false,"_monsterinsights_sitenote_active":false,"_monsterinsights_sitenote_note":"","_monsterinsights_sitenote_category":0,"footnotes":""},"categories":[15043],"tags":[92044,92045,43674],"class_list":["post-605177","post","type-post","status-publish","format-standard","hentry","category-humberto-mares-n","tag-asi-las-cosas","tag-humberto-mares-n","tag-opinion"],"_links":{"self":[{"href":"https:\/\/www.diarioimagen.net\/index.php?rest_route=\/wp\/v2\/posts\/605177","targetHints":{"allow":["GET"]}}],"collection":[{"href":"https:\/\/www.diarioimagen.net\/index.php?rest_route=\/wp\/v2\/posts"}],"about":[{"href":"https:\/\/www.diarioimagen.net\/index.php?rest_route=\/wp\/v2\/types\/post"}],"author":[{"embeddable":true,"href":"https:\/\/www.diarioimagen.net\/index.php?rest_route=\/wp\/v2\/users\/3"}],"replies":[{"embeddable":true,"href":"https:\/\/www.diarioimagen.net\/index.php?rest_route=%2Fwp%2Fv2%2Fcomments&post=605177"}],"version-history":[{"count":0,"href":"https:\/\/www.diarioimagen.net\/index.php?rest_route=\/wp\/v2\/posts\/605177\/revisions"}],"wp:attachment":[{"href":"https:\/\/www.diarioimagen.net\/index.php?rest_route=%2Fwp%2Fv2%2Fmedia&parent=605177"}],"wp:term":[{"taxonomy":"category","embeddable":true,"href":"https:\/\/www.diarioimagen.net\/index.php?rest_route=%2Fwp%2Fv2%2Fcategories&post=605177"},{"taxonomy":"post_tag","embeddable":true,"href":"https:\/\/www.diarioimagen.net\/index.php?rest_route=%2Fwp%2Fv2%2Ftags&post=605177"}],"curies":[{"name":"wp","href":"https:\/\/api.w.org\/{rel}","templated":true}]}}