{"id":605249,"date":"2023-12-22T00:01:06","date_gmt":"2023-12-22T06:01:06","guid":{"rendered":"https:\/\/www.diarioimagen.net\/?p=605249"},"modified":"2024-01-01T20:42:11","modified_gmt":"2024-01-02T02:42:11","slug":"jueces-del-pjcdmx-obligados-a-ordenar-reemplazo-de-defensor-con-desempeno-inadecuado","status":"publish","type":"post","link":"https:\/\/www.diarioimagen.net\/?p=605249","title":{"rendered":"Jueces del PJCDMX, obligados a ordenar reemplazo de defensor con desempe\u00f1o inadecuado"},"content":{"rendered":"<p>&nbsp;<\/p>\n<ul>\n<li><strong><em>As\u00ed lo subray\u00f3 la jueza de Tribunal de Enjuiciamiento Belem Bola\u00f1os Mart\u00ednez, quien enfatiz\u00f3 que las partes en audiencia del sistema penal acusatorio tienen derechos irrenunciables<\/em><\/strong><\/li>\n<\/ul>\n<p>&nbsp;<\/p>\n<div id=\"attachment_605323\" style=\"width: 470px\" class=\"wp-caption aligncenter\"><a href=\"https:\/\/www.diarioimagen.net\/?attachment_id=605323\" rel=\"attachment wp-att-605323\"><img loading=\"lazy\" decoding=\"async\" aria-describedby=\"caption-attachment-605323\" class=\"size-full wp-image-605323\" src=\"https:\/\/www.diarioimagen.net\/wp-content\/uploads\/2023\/12\/tribunal-3.jpg\" alt=\"\" width=\"460\" height=\"270\" \/><\/a><p id=\"caption-attachment-605323\" class=\"wp-caption-text\">Magistrado Rafael Guerra \u00c1lvarez y\u00a0 Belem Bola\u00f1os Mart\u00ednez, jueza de Tribunal de Enjuiciamiento.<\/p><\/div>\n<p>&nbsp;<\/p>\n<p>En audiencia oral del sistema penal acusatorio, las partes tienen derechos irrenunciables como el de defensa o asesor\u00eda legal adecuada, subray\u00f3 la jueza de Tribunal de Enjuiciamiento Belem Bola\u00f1os Mart\u00ednez, del Poder Judicial de la Ciudad de M\u00e9xico (PJCDMX), encabezado por el magistrado Rafael Guerra \u00c1lvarez, al asegurar que, cuando esto no ocurre as\u00ed, se tiene la obligaci\u00f3n de ordenar el reemplazo de aquel que muestra un desempe\u00f1o inadecuado.<\/p>\n<p>Cuando esto ocurre, explic\u00f3, se pregunta a la parte que no est\u00e1 siendo bien representada si cuenta con otro representante o asesor legal a quien nombrar, y en caso de que esto no sea as\u00ed se le manda llamar a uno de car\u00e1cter p\u00fablico.<\/p>\n<p>Dijo que las partes deben contar con un profesional del derecho que no s\u00f3lo se aboque a hacer las manifestaciones conducentes en la audiencia, sino que deben intervenir de manera activa, argumentando y contra argumentando, con solvencia t\u00e9cnica y una defensa de calidad.<\/p>\n<p>Bola\u00f1os Mart\u00ednez precis\u00f3 que en el sistema procesal acusatorio jueces al juzgar, defensores al defender y fiscal al acusar requieren de habilidades y destrezas que s\u00f3lo da la pr\u00e1ctica.<\/p>\n<p>\u201cRecordemos que el punto de partida de todo juicio oral es la acusaci\u00f3n del Ministerio P\u00fablico, y sobre la hip\u00f3tesis que presente el Ministerio P\u00fablico es que se va a llevar a cabo todo el juicio; entonces, puede ser que una defensa sea pasiva, que simplemente est\u00e9 contrainterrogando, pero puede existir una defensa totalmente activa, lo que significa que puede ofrecer en ese momento alguna prueba superviniente, alguna prueba de refutaci\u00f3n\u201d, explic\u00f3.<\/p>\n<p>Por otra parte, la impartidora de justicia destac\u00f3 que los jueces del sistema procesal penal acusatorio requieren de otros elementos para su buen desempe\u00f1o; uno de estos, el de ser sensibles en aspectos como el de derechos humanos y la perspectiva de g\u00e9nero.<\/p>\n<p>\u201cHoy un procedimiento penal ya no se trata de que uno gane y otro pierda como antes. Eso ya debemos superarlo en un mundo marcado por la complejidad, la pobreza, el abandono, la exclusi\u00f3n\u201d, coment\u00f3.<\/p>\n<p>Esto, agreg\u00f3, nos obliga a todas las autoridades a tener un espectro m\u00e1s amplio de los hechos y el contexto de los mismos para hacer justicia.<\/p>\n","protected":false},"excerpt":{"rendered":"<p>En audiencia oral del sistema penal acusatorio, las partes tienen derechos irrenunciables como el de defensa o asesor\u00eda legal adecuada, subray\u00f3 la jueza de Tribunal de Enjuiciamiento Belem Bola\u00f1os Mart\u00ednez, del Poder Judicial de la Ciudad de M\u00e9xico (PJCDMX), encabezado por el magistrado Rafael Guerra \u00c1lvarez, al asegurar que, cuando esto no ocurre as\u00ed, se tiene la obligaci\u00f3n de ordenar el reemplazo de aquel que muestra un desempe\u00f1o inadecuado.<\/p>\n","protected":false},"author":3,"featured_media":605323,"comment_status":"open","ping_status":"open","sticky":false,"template":"","format":"standard","meta":{"_monsterinsights_skip_tracking":false,"_monsterinsights_sitenote_active":false,"_monsterinsights_sitenote_note":"","_monsterinsights_sitenote_category":0,"footnotes":""},"categories":[6],"tags":[87379,82913],"class_list":["post-605249","post","type-post","status-publish","format-standard","has-post-thumbnail","hentry","category-cd-de-mexico","tag-pjcdmx","tag-reemplazo"],"_links":{"self":[{"href":"https:\/\/www.diarioimagen.net\/index.php?rest_route=\/wp\/v2\/posts\/605249","targetHints":{"allow":["GET"]}}],"collection":[{"href":"https:\/\/www.diarioimagen.net\/index.php?rest_route=\/wp\/v2\/posts"}],"about":[{"href":"https:\/\/www.diarioimagen.net\/index.php?rest_route=\/wp\/v2\/types\/post"}],"author":[{"embeddable":true,"href":"https:\/\/www.diarioimagen.net\/index.php?rest_route=\/wp\/v2\/users\/3"}],"replies":[{"embeddable":true,"href":"https:\/\/www.diarioimagen.net\/index.php?rest_route=%2Fwp%2Fv2%2Fcomments&post=605249"}],"version-history":[{"count":0,"href":"https:\/\/www.diarioimagen.net\/index.php?rest_route=\/wp\/v2\/posts\/605249\/revisions"}],"wp:featuredmedia":[{"embeddable":true,"href":"https:\/\/www.diarioimagen.net\/index.php?rest_route=\/wp\/v2\/media\/605323"}],"wp:attachment":[{"href":"https:\/\/www.diarioimagen.net\/index.php?rest_route=%2Fwp%2Fv2%2Fmedia&parent=605249"}],"wp:term":[{"taxonomy":"category","embeddable":true,"href":"https:\/\/www.diarioimagen.net\/index.php?rest_route=%2Fwp%2Fv2%2Fcategories&post=605249"},{"taxonomy":"post_tag","embeddable":true,"href":"https:\/\/www.diarioimagen.net\/index.php?rest_route=%2Fwp%2Fv2%2Ftags&post=605249"}],"curies":[{"name":"wp","href":"https:\/\/api.w.org\/{rel}","templated":true}]}}