{"id":605251,"date":"2023-12-22T00:07:36","date_gmt":"2023-12-22T06:07:36","guid":{"rendered":"https:\/\/www.diarioimagen.net\/?p=605251"},"modified":"2024-01-01T20:43:03","modified_gmt":"2024-01-02T02:43:03","slug":"maria-guadalupe-camacho-colin-alumna-de-la-uaemex-realizo-una-estancia-de-investigacion-en-colombia","status":"publish","type":"post","link":"https:\/\/www.diarioimagen.net\/?p=605251","title":{"rendered":"Mar\u00eda Guadalupe Camacho Col\u00edn, alumna de la UAEM\u00e9x, realiz\u00f3 una estancia de investigaci\u00f3n en Colombia"},"content":{"rendered":"<p>&nbsp;<\/p>\n<ul>\n<li><strong><em>La universitaria es integrante de la Red de Divulgadores de la Ciencia y la Cultura \u201cJos\u00e9 Antonio Alzate\u201d de la UAEM\u00e9x y su objetivo es visibilizar el trabajo que las investigadoras realizan, su importancia e impacto en el entorno, como parte de su proyecto \u201cSimbiosis Femenina\u201d<\/em><\/strong><\/li>\n<\/ul>\n<p><strong>\u00a0<\/strong><\/p>\n<div id=\"attachment_605319\" style=\"width: 470px\" class=\"wp-caption aligncenter\"><a href=\"https:\/\/www.diarioimagen.net\/?attachment_id=605319\" rel=\"attachment wp-att-605319\"><img loading=\"lazy\" decoding=\"async\" aria-describedby=\"caption-attachment-605319\" class=\"size-full wp-image-605319\" src=\"https:\/\/www.diarioimagen.net\/wp-content\/uploads\/2023\/12\/uaem-maria-guadalupe.jpg\" alt=\"\" width=\"460\" height=\"270\" \/><\/a><p id=\"caption-attachment-605319\" class=\"wp-caption-text\">Mar\u00eda Guadalupe Camacho Col\u00edn, estudiante de Biolog\u00eda en la UAEM\u00e9x, realiz\u00f3 una estancia de investigaci\u00f3n en la Universidad Santo Tom\u00e1s de Colombia.<\/p><\/div>\n<p>&nbsp;<\/p>\n<p>&nbsp;<\/p>\n<p><strong>Toluca, Estado de M\u00e9xico.\u2014<\/strong> Con el prop\u00f3sito de visibilizar el trabajo que realizan las cient\u00edficas latinoamericanas, la estudiante de la Licenciatura en Biolog\u00eda de la Universidad Aut\u00f3noma del Estado de M\u00e9xico (UAEM\u00e9x), Mar\u00eda Guadalupe Camacho Col\u00edn, realiz\u00f3 una estancia de investigaci\u00f3n en la Universidad Santo Tom\u00e1s de Colombia.<\/p>\n<p>La universitaria explic\u00f3 que, como integrante de la Red de Divulgadores de la Ciencia y la Cultura \u201cJos\u00e9 Antonio Alzate\u201d de la UAEM\u00e9x, su objetivo es visibilizar el trabajo que las investigadoras realizan, su importancia e impacto en el entorno como parte de su proyecto \u201cSimbiosis Femenina\u201d.<\/p>\n<p>En ese sentido, refiri\u00f3 que de manera personal su inter\u00e9s est\u00e1 encaminado a divulgar los trabajos de investigaci\u00f3n con una perspectiva de g\u00e9nero, por lo que durante su estancia en Colombia tuvo la oportunidad de entrevistar a investigadoras de la Universidad Santo Tom\u00e1s, cuyas experiencias contrastar\u00e1 con las de las investigadoras mexicanas.<\/p>\n<p>Camacho Col\u00edn indic\u00f3 que el trabajo de investigaci\u00f3n que realiz\u00f3 en Colombia y M\u00e9xico ser\u00e1 divulgado en la publicaci\u00f3n impresa La Colmena y tambi\u00e9n habr\u00e1 material audiovisual que se difundir\u00e1 en redes sociales, de las entrevistas con las investigadoras colombianas.<\/p>\n<p>\u201cEl objetivo de la temporada de este proyecto es conocer las aportaciones de las cient\u00edficas de Colombia para poder realizar m\u00e1s simbiosis, m\u00e1s oportunidades de hacer investigaciones porque me gustar\u00eda mucho que quien vea los videos pueda contactarlas\u201d, indic\u00f3.<\/p>\n<p>La universitaria comparti\u00f3 que durante su estancia tambi\u00e9n imparti\u00f3 la conferencia \u201cCuidar el ambiente desde la perspectiva endosimbi\u00f3tica\u201d, en el marco de la Segunda Semana de Innovaci\u00f3n e Investigaci\u00f3n en la Universidad Santo Tom\u00e1s.<\/p>\n<p>Camacho Col\u00edn reconoci\u00f3 que existen \u00e1reas de oportunidad de investigaci\u00f3n que se pueden compartir entre investigadoras de M\u00e9xico y Colombia en el rubro de desarrollo sostenible, biocombustibles, gesti\u00f3n de residuos, entre otros.<\/p>\n<p>La universitaria agradeci\u00f3 el apoyo de la UAEM\u00e9x para realizar la estancia y la posibilidad de divulgar su proyecto.<\/p>\n<p>Camacho Col\u00edn indic\u00f3 que es necesaria la divulgaci\u00f3n de la ciencia con perspectiva de g\u00e9nero para visibilizar los trabajos de las cient\u00edficas, no s\u00f3lo mexicanas sino del mundo, los cuales han impactado favorablemente a la sociedad en distintos rubros.<\/p>\n","protected":false},"excerpt":{"rendered":"<p>Con el prop\u00f3sito de visibilizar el trabajo que realizan las cient\u00edficas latinoamericanas, la estudiante de la Licenciatura en Biolog\u00eda de la Universidad Aut\u00f3noma del Estado de M\u00e9xico (UAEM\u00e9x), Mar\u00eda Guadalupe Camacho Col\u00edn, realiz\u00f3 una estancia de investigaci\u00f3n en la Universidad Santo Tom\u00e1s de Colombia.<\/p>\n","protected":false},"author":3,"featured_media":605319,"comment_status":"open","ping_status":"open","sticky":false,"template":"","format":"standard","meta":{"_monsterinsights_skip_tracking":false,"_monsterinsights_sitenote_active":false,"_monsterinsights_sitenote_note":"","_monsterinsights_sitenote_category":0,"footnotes":""},"categories":[5],"tags":[1197,67878],"class_list":["post-605251","post","type-post","status-publish","format-standard","has-post-thumbnail","hentry","category-estado-de-mexico","tag-colombia","tag-uaemex"],"_links":{"self":[{"href":"https:\/\/www.diarioimagen.net\/index.php?rest_route=\/wp\/v2\/posts\/605251","targetHints":{"allow":["GET"]}}],"collection":[{"href":"https:\/\/www.diarioimagen.net\/index.php?rest_route=\/wp\/v2\/posts"}],"about":[{"href":"https:\/\/www.diarioimagen.net\/index.php?rest_route=\/wp\/v2\/types\/post"}],"author":[{"embeddable":true,"href":"https:\/\/www.diarioimagen.net\/index.php?rest_route=\/wp\/v2\/users\/3"}],"replies":[{"embeddable":true,"href":"https:\/\/www.diarioimagen.net\/index.php?rest_route=%2Fwp%2Fv2%2Fcomments&post=605251"}],"version-history":[{"count":0,"href":"https:\/\/www.diarioimagen.net\/index.php?rest_route=\/wp\/v2\/posts\/605251\/revisions"}],"wp:featuredmedia":[{"embeddable":true,"href":"https:\/\/www.diarioimagen.net\/index.php?rest_route=\/wp\/v2\/media\/605319"}],"wp:attachment":[{"href":"https:\/\/www.diarioimagen.net\/index.php?rest_route=%2Fwp%2Fv2%2Fmedia&parent=605251"}],"wp:term":[{"taxonomy":"category","embeddable":true,"href":"https:\/\/www.diarioimagen.net\/index.php?rest_route=%2Fwp%2Fv2%2Fcategories&post=605251"},{"taxonomy":"post_tag","embeddable":true,"href":"https:\/\/www.diarioimagen.net\/index.php?rest_route=%2Fwp%2Fv2%2Ftags&post=605251"}],"curies":[{"name":"wp","href":"https:\/\/api.w.org\/{rel}","templated":true}]}}