{"id":605266,"date":"2023-12-22T00:01:28","date_gmt":"2023-12-22T06:01:28","guid":{"rendered":"https:\/\/www.diarioimagen.net\/?p=605266"},"modified":"2024-01-01T20:22:14","modified_gmt":"2024-01-02T02:22:14","slug":"reduccion-de-la-pobreza-y-la-marginacion-principal-logro-en-este-sexenio-amlo","status":"publish","type":"post","link":"https:\/\/www.diarioimagen.net\/?p=605266","title":{"rendered":"Reducci\u00f3n de la pobreza y la marginaci\u00f3n, principal logro en este sexenio: AMLO"},"content":{"rendered":"<p>&nbsp;<\/p>\n<h2 style=\"text-align: center;\">Pese a pandemia y desequilibrios por conflictos exteriores<\/h2>\n<p>&nbsp;<\/p>\n<ul>\n<li><strong><em>\u00a0\u201cRegistro de desaparecidos es un expediente abierto\u201d<\/em><\/strong><\/li>\n<\/ul>\n<p>&nbsp;<\/p>\n<div id=\"attachment_605334\" style=\"width: 470px\" class=\"wp-caption aligncenter\"><a href=\"https:\/\/www.diarioimagen.net\/?attachment_id=605334\" rel=\"attachment wp-att-605334\"><img loading=\"lazy\" decoding=\"async\" aria-describedby=\"caption-attachment-605334\" class=\"size-full wp-image-605334\" src=\"https:\/\/www.diarioimagen.net\/wp-content\/uploads\/2023\/12\/amlo-7.jpg\" alt=\"\" width=\"460\" height=\"270\" \/><\/a><p id=\"caption-attachment-605334\" class=\"wp-caption-text\">El presidente Andr\u00e9s Manuel L\u00f3pez Obrador anunci\u00f3 que enviar\u00e1 al Congreso un paquete de reforma constitucional en materia de bienestar para que se incorpore a la Constituci\u00f3n que la pensi\u00f3n de adultos mayores se entregue a partir de los 65 a\u00f1os.<\/p><\/div>\n<p>&nbsp;<\/p>\n<p>A pesar de que se enfrentaron factores como la pandemia y los efectos del desequilibrio mundial por la guerra de Rusia y Ucrania, el principal logro\u00a0en esta administraci\u00f3n fue el de reducir la pobreza y la marginaci\u00f3n, afirm\u00f3 el presidente Andr\u00e9s Manuel L\u00f3pez Obrador.<\/p>\n<p>Anunci\u00f3 que enviar\u00e1 al Congreso un paquete de reforma constitucional en materia de bienestar para que se incorpore a la Constituci\u00f3n que la pensi\u00f3n de adultos mayores se entregue a partir de los 65 a\u00f1os. Se\u00f1al\u00f3 que en la actualidad la reforma al programa fija que a partir de esa edad se les asigna este beneficio pero en la Constituci\u00f3n se mantienen 68 a\u00f1os. Adem\u00e1s, enviar\u00e1 otra reforma relacionada con las pensiones a discapacitados.<\/p>\n<p>En un balance a nueve meses de concluir su mandato, afirm\u00f3 que a pesar de estos logros, los adversarios siguen ech\u00e1ndole la culpa de todo: \u201cdec\u00edan que Slim ten\u00eda una fortuna de 50 mil millones de d\u00f3lares al principio de su gobierno y ahora tiene ya 100 mil millones de d\u00f3lares y yo tambi\u00e9n soy el responsable\u201d.<\/p>\n<p>Durante su conferencia de este jueves afirm\u00f3 que en el sector empresarial no hay quien diga que tenga una empresa o que tenga acciones en los bancos que diga que perdimos o les ha ido mal. Son negocios l\u00edcitos con ganancias razonables. Mencion\u00f3 que este comportamiento se ha basado, entre otras cosas, por el acuerdo comercial alcanzado con Estados Unidos, con el gobierno de Donald Trump. Dec\u00edan que iban a salir chispas de nuestra relaci\u00f3n pero nos entendimos para alcanzar un acuerdo que ha permitido a M\u00e9xico consolidarse como el primer socio comercial de la Uni\u00f3n Americana.<\/p>\n<p style=\"text-align: center;\"><strong>Registro de desaparecidos es un expediente abierto: L\u00f3pez Obrador<\/strong><\/p>\n<p>Sobre los cuestionamientos y dudas en torno a la metodolog\u00eda utilizada por la Secretar\u00eda de Gobernaci\u00f3n sobre el censo de desaparecidos que confirm\u00f3 a 12 mil 377 personas en esta situaci\u00f3n, de los 110 mil que hay en el Registro Nacional de Personas Desaparecidos, el presidente Andr\u00e9s Manuel L\u00f3pez Obrador sostuvo que este tema es un expediente abierto y ofreci\u00f3 un nuevo informe que esclarezca las acciones que se realizaron en la revisi\u00f3n de los datos de desaparecidos.<\/p>\n<p>El Presidente justific\u00f3 sus cr\u00edticas en contra del desempe\u00f1o del Centro de Derechos Humanos Miguel Agust\u00edn Pro y la ex responsable de la Comisi\u00f3n Nacional de B\u00fasqueda, Karla Quintana. \u201cAyuda mucho que se termine con la simulaci\u00f3n.<\/p>\n<p>Hay grupos de la llamada sociedad civil que durante todo el periodo neoliberal actuaron complacientes con el r\u00e9gimen autoritario y llegamos y se radicalizaron en contra de nosotros. De repente les sali\u00f3 la voluntad de hacer justicia y sin tener pruebas, incluso prest\u00e1ndose a estrategias de la derecha, del conservadurismo en contra de nosotros y del pueblo\u201d.<\/p>\n<p>Anunci\u00f3 que la pr\u00f3xima semana acudir\u00e1n de nuevo los funcionarios que presentaron el informe en el cual seg\u00fan la Secretar\u00eda de Gobernaci\u00f3n de los 110 mil 964 desaparecidos -que hasta la fecha del informe se encontraban en el Registro P\u00fablico de Personas Desaparecidas y No Localizadas reportadas como desaparecidos, 16 mil 681 hab\u00edan sido localizadas con vida; 17 mil 843 est\u00e1n \u201cubicadas\u201d; 26 mil 90 no hay datos suficientes, seg\u00fan la dependencia para identificar y 36 mil 22 no se tienen indicios para la b\u00fasqueda.<\/p>\n<p>\u201cLo que se hizo no est\u00e1 concluido. No es un expediente. Es un expediente abierto, esto no se puede cerrar. Eso no lo escuchan, dijimos que peri\u00f3dicamente \u00edbamos estar informando. Se dio a conocer un tel\u00e9fono\u201d.<\/p>\n<p>Se\u00f1al\u00f3 que ante los se\u00f1alamientos de que en este sexenio se hab\u00edan desparecido m\u00e1s personas que en los sexenios de Felipe Calder\u00f3n y Enrique Pe\u00f1a Nieto por eso se instruy\u00f3 a realizar una revisi\u00f3n, \u201c\u00bfqu\u00e9 est\u00e1 sucediendo?, \u00bfahora existe la comisi\u00f3n de desaparecidos y ahora la gente est\u00e1 acudiendo m\u00e1s? \u00bfQu\u00e9 pasa? Decidimos llevar a cabo un plan para buscar a los desaparecidos. Todo el gobierno, encontramos a muchos de los que supuestamente estaban desaparecidos.<\/p>\n<p>Acus\u00f3 a Quintana de mantener sus cr\u00edticas porque ha se\u00f1alado que la intenci\u00f3n de esta revisi\u00f3n es reducir el n\u00famero de desaparecidos; critic\u00f3 que antes de irse haya entregado la base de datos a la Comisi\u00f3n Interamericana de Derechos Humanos.<\/p>\n","protected":false},"excerpt":{"rendered":"<p>A pesar de que se enfrentaron factores como la pandemia y los efectos del desequilibrio mundial por la guerra de Rusia y Ucrania, el principal logro\u00a0en esta administraci\u00f3n fue el de reducir la pobreza y la marginaci\u00f3n, afirm\u00f3 el presidente Andr\u00e9s Manuel L\u00f3pez Obrador.<\/p>\n","protected":false},"author":3,"featured_media":605334,"comment_status":"open","ping_status":"open","sticky":false,"template":"","format":"standard","meta":{"_monsterinsights_skip_tracking":false,"_monsterinsights_sitenote_active":false,"_monsterinsights_sitenote_note":"","_monsterinsights_sitenote_category":0,"footnotes":""},"categories":[3],"tags":[2545,43017,15519],"class_list":["post-605266","post","type-post","status-publish","format-standard","has-post-thumbnail","hentry","category-nacional","tag-amlo","tag-reduccion","tag-sexenio"],"_links":{"self":[{"href":"https:\/\/www.diarioimagen.net\/index.php?rest_route=\/wp\/v2\/posts\/605266","targetHints":{"allow":["GET"]}}],"collection":[{"href":"https:\/\/www.diarioimagen.net\/index.php?rest_route=\/wp\/v2\/posts"}],"about":[{"href":"https:\/\/www.diarioimagen.net\/index.php?rest_route=\/wp\/v2\/types\/post"}],"author":[{"embeddable":true,"href":"https:\/\/www.diarioimagen.net\/index.php?rest_route=\/wp\/v2\/users\/3"}],"replies":[{"embeddable":true,"href":"https:\/\/www.diarioimagen.net\/index.php?rest_route=%2Fwp%2Fv2%2Fcomments&post=605266"}],"version-history":[{"count":0,"href":"https:\/\/www.diarioimagen.net\/index.php?rest_route=\/wp\/v2\/posts\/605266\/revisions"}],"wp:featuredmedia":[{"embeddable":true,"href":"https:\/\/www.diarioimagen.net\/index.php?rest_route=\/wp\/v2\/media\/605334"}],"wp:attachment":[{"href":"https:\/\/www.diarioimagen.net\/index.php?rest_route=%2Fwp%2Fv2%2Fmedia&parent=605266"}],"wp:term":[{"taxonomy":"category","embeddable":true,"href":"https:\/\/www.diarioimagen.net\/index.php?rest_route=%2Fwp%2Fv2%2Fcategories&post=605266"},{"taxonomy":"post_tag","embeddable":true,"href":"https:\/\/www.diarioimagen.net\/index.php?rest_route=%2Fwp%2Fv2%2Ftags&post=605266"}],"curies":[{"name":"wp","href":"https:\/\/api.w.org\/{rel}","templated":true}]}}