{"id":605290,"date":"2023-12-22T00:01:29","date_gmt":"2023-12-22T06:01:29","guid":{"rendered":"https:\/\/www.diarioimagen.net\/?p=605290"},"modified":"2023-12-22T02:28:25","modified_gmt":"2023-12-22T08:28:25","slug":"los-miembros-de-lomas-hospitality-y-la-gala-para-reconocer-la-labor-de-agencias-de-viajes","status":"publish","type":"post","link":"https:\/\/www.diarioimagen.net\/?p=605290","title":{"rendered":"Los miembros de <em>Lomas Hospitality<\/em> y la gala para reconocer la labor de agencias de viajes"},"content":{"rendered":"<h2>De cinco estrellas<\/h2>\n<h5>Victoria Gonz\u00e1lez Prado<\/h5>\n<p>&nbsp;<\/p>\n<ul>\n<li><strong><em>Inauguran vuelo desde el AIFA a la ciudad de M\u00e9rida, Yucat\u00e1n<\/em><\/strong><\/li>\n<\/ul>\n<p>&nbsp;<\/p>\n<div id=\"attachment_605327\" style=\"width: 470px\" class=\"wp-caption aligncenter\"><a href=\"https:\/\/www.diarioimagen.net\/?attachment_id=605327\" rel=\"attachment wp-att-605327\"><img loading=\"lazy\" decoding=\"async\" aria-describedby=\"caption-attachment-605327\" class=\"size-full wp-image-605327\" src=\"https:\/\/www.diarioimagen.net\/wp-content\/uploads\/2023\/12\/turismo-estrellas-4.jpg\" alt=\"\" width=\"460\" height=\"270\" \/><\/a><p id=\"caption-attachment-605327\" class=\"wp-caption-text\">Los miembros de <em>Lomas Hospitality<\/em> y la foto del recuerdo.<\/p><\/div>\n<p>&nbsp;<\/p>\n<p><strong>Riviera Maya<\/strong>, <strong>Quintana Roo<\/strong>.\u2014 Grupo Lomas celebr\u00f3 con \u00e9xito <em>Lomas Appreciation Week 2023<\/em>, para agradecer la fidelidad de alrededor de 200 agentes de viajes de M\u00e9xico, EU, Canad\u00e1 y Latinoam\u00e9rica y presentar oficialmente <em>Lomas Hospitality<\/em>, nueva divisi\u00f3n hotelera que empez\u00f3 a operar sus propiedades a partir del 1 de diciembre pasado.<\/p>\n<p><em>Lomas Appreciation Week,<\/em> antes conocido como <em>Gourmet Inclusive Vacation Consultant<\/em> (GIVC), fue testigo de la culminaci\u00f3n de 20 a\u00f1os tras la separaci\u00f3n de <em>Karisma Hotels<\/em> de Grupo Lomas y el inicio de <em>Lomas Hospitality<\/em> ahora encargado de la comercializaci\u00f3n, operaci\u00f3n y gesti\u00f3n de reservas para asegurar una experiencia excepcional para sus clientes, en sus casi 2 mil cuartos de hotel.<\/p>\n<p><strong>Dolores L\u00f3pez Lira<\/strong> y <strong>Jos\u00e9 Luis Mart\u00ednez Alday<\/strong>, fundadores de Grupo Lomas, dieron la bienvenida a los agentes de viajes y agradecieron su contribuci\u00f3n al \u00e9xito y crecimiento continuo del Grupo en el mercado tur\u00edstico. \u201cValoramos la dedicaci\u00f3n y el esfuerzo de nuestros colaboradores y socios. Este evento es un testimonio de nuestro compromiso continuo con la excelencia y la innovaci\u00f3n en el turismo\u201d, coment\u00f3 <strong>L\u00f3pez Lira<\/strong>.<\/p>\n<p>Destac\u00f3 el compromiso de Grupo Lomas con la excelencia, y<strong> Lolita<\/strong> present\u00f3 a <strong>Francisco Guti\u00e9rrez Reyes<\/strong> como nuevo <em>Chief Executive Officer<\/em> (CEO) de la compa\u00f1\u00eda. Con su experiencia, <strong>Guti\u00e9rrez Reyes<\/strong> liderea esta transici\u00f3n para mantener a la empresa como destacado referente tur\u00edstico en el pa\u00eds.<\/p>\n<p>En la reuni\u00f3n de <em>Lomas Appreciation Week<\/em>, los agentes de viajes participaron en sesiones y charlas informativas con distintas \u00e1reas del Grupo, incluyendo <em>Lomas Hospitality,<\/em> <em>Bluma Loyalty Program, Weddings<\/em> y <em>Lomas Travel Agency.<\/em> Adem\u00e1s, exploraron algunas de las propiedades de Grupo Lomas en la Riviera Maya, experimentando de primera mano la hospitalidad y calidad que caracterizan a la marca.<\/p>\n<p>A trav\u00e9s de diferentes sesiones, se present\u00f3 al nuevo equipo directivo, las novedades del grupo para mejorar la experiencia del hu\u00e9sped implementando conceptos \u00fanicos con nuevos est\u00e1ndares hoteleros, entre las que destacan un recorrido gastron\u00f3mico de 365 d\u00edas por M\u00e9xico de la mano de 32 cocineras tradicionales<em>, celebrity chefs<\/em> mujeres, lanzamiento de un <em>brunch<\/em> diario de talla internacional en <em>Maroma Beach<\/em>, un festival culinario con destacados chefs nacionales e internaciones liderado por el chef <strong>Franco Maddalozzo<\/strong>, renovaciones en los pr\u00f3ximos 12 meses y desarrollo de cuatro nuevas propiedades que estar\u00e1n a cargo de las mejores arquitectas mexicanas.<\/p>\n<p>Lolita agreg\u00f3: \u201cen Grupo Lomas, entendemos la importancia de evolucionar con las necesidades cambiantes de nuestros clientes. Estamos emocionados de implementar estas mejoras que seguramente elevar\u00e1n la experiencia de nuestros hu\u00e9spedes a un nivel completamente nuevo. Grupo Lomas se proyecta hacia el futuro con una visi\u00f3n clara y un compromiso inquebrantable con la calidad y la satisfacci\u00f3n del cliente\u201d.<\/p>\n<p>Por la noche, en cena de gala, se entregaron los premios a las agencias de viajes por su esfuerzo y compromiso en las categor\u00edas de <em>Top Agency<\/em> y <em>Agency Award<\/em> fueron: Aventura en Viajes, <em>Crossroads Travel<\/em> INC., Amar Viajes, <em>Be all Inclusive<\/em>, Agencias de viajes Promueve, <em>Live Throught Travel,<\/em> Viajes Riviera Kunpuka, <em>Romance Travel Group, <\/em>Catrina Viajera, <em>Indian Destination Wedding, Hola Weddings y Vagablonde Travel.<\/em><\/p>\n<p>Tambi\u00e9n, <em>Go2go Travel, Vincent Vacations, <\/em>Viajes Terranova, <em>Beach Bum Vacations, Zadiro Tours Corporativo <\/em>y<em> Unique Romance &amp; Adventure Travel.<\/em><\/p>\n<p>Y las estrellas 2023, <em>Trip Hoteles<\/em> y <em>Tripguy Travel LLC<\/em>.<\/p>\n<p>\u2730\u2730\u2730\u2730\u2730 El pasado s\u00e1bado 16 de diciembre aterriz\u00f3 en el Aeropuerto Internacional Manuel Crescencio Rej\u00f3n el vuelo inaugural de la ruta de Viva Aerobus del nuevo Aeropuerto Internacional de la Ciudad de M\u00e9xico Felipe \u00c1ngeles (AIFA) a M\u00e9rida con alrededor de 180 pasajeros a bordo. Esta nueva ruta ofrece un vuelo diario y se opera con aeronaves <em>Airbus A320<\/em> y A321 que forman parte de la flota m\u00e1s joven de M\u00e9xico con edad promedio de 5.2 a\u00f1os.<\/p>\n<p><strong>Michelle Fridman<\/strong>, titular de la Secretar\u00eda de Fomento Tur\u00edstico Yucat\u00e1n dijo: \u201cel turismo en Yucat\u00e1n sigue rompiendo r\u00e9cords y uno de ellos es el crecimiento de Viva en la entidad. Agradecemos su confianza en el potencial del estado, pues se ha convertido en el facilitador para que m\u00e1s personas puedan asombrarse de todo lo que tenemos para ofrecer<em>.<\/em> \u00a1Seguimos invitando a todos a descubrir la riqueza yucateca!\u201d<\/p>\n<p>M\u00e9rida es una de las seis bases operativas de Viva Aerobus y este a\u00f1o ha impulsado su oferta a\u00e9rea con la adici\u00f3n de siete rutas que conectan a esta ciudad con la Ciudad de M\u00e9xico (AIFA), Quer\u00e9taro, Toluca, Le\u00f3n, Puebla, y el pr\u00f3ximo a\u00f1o con Miami y Orlando. De esta manera, se ha consolidado como la l\u00ednea a\u00e9rea con 15 rutas en M\u00e9rida enriqueciendo as\u00ed su conectividad y generando mayor dinamismo tur\u00edstico.<\/p>\n<p>Cabe resaltar que la aerol\u00ednea cuenta con una amplia preferencia de los viajeros del estado. En los diez meses del 2023, transport\u00f3 a m\u00e1s de 600 mil pasajeros desde\/hacia Yucat\u00e1n, con un incremento de 26 por ciento en comparaci\u00f3n con el mismo periodo del 2022.<\/p>\n<p>Estas inauguraciones son resultado de la mayor estrategia de crecimiento de Viva en el AIFA, la cual fue anunciada en septiembre, fecha cuando la aerol\u00ednea dio a conocer sus 17 nuevas rutas desde esta terminal, mismas que estar\u00e1n iniciando entre este y el pr\u00f3ximo a\u00f1o. Resultado de ello, la aerol\u00ednea ofrecer\u00e1, para 2024, m\u00e1s de 4.5 millones de asientos desde este nuevo aeropuerto, contar\u00e1 con 27 rutas y 72 vuelos diarios.<br \/>\nPor su parte, Juan Carlos Zuazua, director general de la compa\u00f1\u00eda a\u00e9rea asegur\u00f3: \u201ccerramos el 2023 con excelentes noticias para norte, sur y centro de M\u00e9xico, regiones que ahora est\u00e1n m\u00e1s cerca que nunca con estas nuevas rutas. Con nuestros precios bajos y aviones modernos habr\u00e1 m\u00e1s dinamismo en el intercambio tur\u00edstico, comercial y cultural entre estas importantes ciudades de nuestro pa\u00eds\u201d.<\/p>\n<p>&nbsp;<\/p>\n<blockquote>\n<p style=\"text-align: right;\">\u201c<strong>El<\/strong> <strong>\u00e1ngel de la fama tiene sus alas hechas de papel&#8230; peri\u00f3dico\u201d.<br \/>\n<\/strong><\/p>\n<\/blockquote>\n<p>&nbsp;<\/p>\n<p><em><span class=\"Apple-converted-space\"><a href=\"mailto:victoriagprado@gmail.com\" target=\"_blank\" rel=\"noopener noreferrer\">victoriagprado@gmail.com<\/a><br \/>\nX: <a href=\"https:\/\/twitter.com\/victoriagprado\" target=\"_blank\" rel=\"noopener noreferrer\">@victoriagprado<\/a><\/span><\/em><\/p>\n","protected":false},"excerpt":{"rendered":"<p>Grupo Lomas celebr\u00f3 con \u00e9xito <em>Lomas Appreciation Week 2023<\/em>, para agradecer la fidelidad de alrededor de 200 agentes de viajes de M\u00e9xico, EU, Canad\u00e1 y Latinoam\u00e9rica y presentar oficialmente <em>Lomas Hospitality<\/em>, nueva divisi\u00f3n hotelera que empez\u00f3 a operar sus propiedades a partir del 1 de diciembre pasado.<\/p>\n","protected":false},"author":3,"featured_media":605327,"comment_status":"open","ping_status":"open","sticky":false,"template":"","format":"standard","meta":{"_monsterinsights_skip_tracking":false,"_monsterinsights_sitenote_active":false,"_monsterinsights_sitenote_note":"","_monsterinsights_sitenote_category":0,"footnotes":""},"categories":[11],"tags":[107,43674,43681,106],"class_list":["post-605290","post","type-post","status-publish","format-standard","has-post-thumbnail","hentry","category-turismo","tag-de-cinco-estrellas","tag-opinion","tag-turismo","tag-victoria-gonzalez-prado"],"_links":{"self":[{"href":"https:\/\/www.diarioimagen.net\/index.php?rest_route=\/wp\/v2\/posts\/605290","targetHints":{"allow":["GET"]}}],"collection":[{"href":"https:\/\/www.diarioimagen.net\/index.php?rest_route=\/wp\/v2\/posts"}],"about":[{"href":"https:\/\/www.diarioimagen.net\/index.php?rest_route=\/wp\/v2\/types\/post"}],"author":[{"embeddable":true,"href":"https:\/\/www.diarioimagen.net\/index.php?rest_route=\/wp\/v2\/users\/3"}],"replies":[{"embeddable":true,"href":"https:\/\/www.diarioimagen.net\/index.php?rest_route=%2Fwp%2Fv2%2Fcomments&post=605290"}],"version-history":[{"count":0,"href":"https:\/\/www.diarioimagen.net\/index.php?rest_route=\/wp\/v2\/posts\/605290\/revisions"}],"wp:featuredmedia":[{"embeddable":true,"href":"https:\/\/www.diarioimagen.net\/index.php?rest_route=\/wp\/v2\/media\/605327"}],"wp:attachment":[{"href":"https:\/\/www.diarioimagen.net\/index.php?rest_route=%2Fwp%2Fv2%2Fmedia&parent=605290"}],"wp:term":[{"taxonomy":"category","embeddable":true,"href":"https:\/\/www.diarioimagen.net\/index.php?rest_route=%2Fwp%2Fv2%2Fcategories&post=605290"},{"taxonomy":"post_tag","embeddable":true,"href":"https:\/\/www.diarioimagen.net\/index.php?rest_route=%2Fwp%2Fv2%2Ftags&post=605290"}],"curies":[{"name":"wp","href":"https:\/\/api.w.org\/{rel}","templated":true}]}}