{"id":605293,"date":"2023-12-22T00:00:32","date_gmt":"2023-12-22T06:00:32","guid":{"rendered":"https:\/\/www.diarioimagen.net\/?p=605293"},"modified":"2024-01-02T23:14:57","modified_gmt":"2024-01-03T05:14:57","slug":"cancun-por-sexto-ano-consecutivo-encabeza-la-preferencia-vacacional-de-estadounidenses","status":"publish","type":"post","link":"https:\/\/www.diarioimagen.net\/?p=605293","title":{"rendered":"Canc\u00fan, por sexto a\u00f1o consecutivo, encabeza la preferencia vacacional de estadounidenses"},"content":{"rendered":"<h2>Hora 14<\/h2>\n<h5>Mauricio Conde Olivares<\/h5>\n<p>&nbsp;<\/p>\n<p>El a\u00f1o est\u00e1 a punto de acabar y para muchas empresas significa disparar sus consumos de energ\u00eda el\u00e9ctrica. Industrias como la hotelera, alimentos, tecnolog\u00eda, alumbrado y fabricaci\u00f3n de productos de temporada, entre otras, tienden a estar m\u00e1s activas y a gastar m\u00e1s energ\u00eda al ser una temporada alta.<\/p>\n<p>En este contexto, han aumentado las tarifas por el consumo de energ\u00eda. De acuerdo con la CFE en 2018, un consumo de 280 kwh se cotizaba a $514, mientras que en 2023 se situ\u00f3 en m\u00e1s de 641 pesos.<\/p>\n<p>En ese sentido, la pregunta del mill\u00f3n es c\u00f3mo se pueden reducir los costos para una empresa que gasta grandes cantidades de energ\u00eda en estas \u00e9pocas. Existen varias opciones, una de ellas es adquirir maquinaria y aparatos de bajo consumo el\u00e9ctrico, pero esa es solo una parte de la soluci\u00f3n, ya que todo depender\u00e1 de las herramientas que utilicen las diferentes empresas de acuerdo a su industria.<\/p>\n<p>Por otra parte, existen formas m\u00e1s innovadoras que tienen que ver con el uso de bater\u00edas de ion litio inteligentes. Este tipo de soluciones, a cargo de la empresa Quartux, tiene la facultad de disminuir el cobro del recibo de la CFE hasta en un 40%.<\/p>\n<p>Esto se logra gracias a que el sistema de almacenamiento de energ\u00eda el\u00e9ctrica (bess battery energy) guarda la electricidad cuando esta tiene menor costo, utiliz\u00e1ndola cuando la tarifa sube debido a la saturaci\u00f3n de la red. Este ahorro no s\u00f3lo brinda un beneficio econ\u00f3mico, sino ayuda a eficientar la operaci\u00f3n de las empresas.<\/p>\n<p>Otra de las opciones que tienen los negocios para mejorar sus consumos es optar por instalar paneles solares y as\u00ed reducir la dependencia de la red el\u00e9ctrica p\u00fablica. Adem\u00e1s, sumar la tecnolog\u00eda de los paneles solares con sistemas de almacenamiento energ\u00e9tico es una estrategia que sin duda beneficiar\u00e1 a largo plazo a las empresas de diferentes industrias ya que se complementan.<\/p>\n<p>Ahora le comento que en Canc\u00fan, la Presidenta Municipal de Benito Ju\u00e1rez, Ana Paty Peralta, dijo: \u201cHoy es un d\u00eda hist\u00f3rico para nuestro municipio sin duda, en seguimiento a un compromiso que hicimos, estamos viendo el resultado a un derecho que es la creaci\u00f3n de la Direcci\u00f3n de Atenci\u00f3n a la Diversidad Sexual\u201d.<\/p>\n<p>Resulta que la votaci\u00f3n un\u00e1nime del Cabildo benitojuarense para consolidar esa nueva instancia fue aplaudida por integrantes de diversos colectivos de la comunidad LGBTI+ presentes en la sala \u201c20 de abril\u201d, a quienes la Primera Autoridad Municipal les agradeci\u00f3 su asistencia a la Quincuag\u00e9sima Quinta Sesi\u00f3n Ordinaria y haber sido parte de varias pl\u00e1ticas y trabajo en conjunto con la administraci\u00f3n para formalizar la propuesta.<\/p>\n<p>En ese marco, reiter\u00f3 que la decisi\u00f3n favorable es gracias al respaldo de los regidores, por lo que se continuar\u00e1n con todas las gestiones presupuestales y administrativas ante varias instancias municipales para definir la estructura y funciones de esa nueva \u00e1rea, que estar\u00e1 adscrita a la Secretar\u00eda Municipal de Desarrollo Social y Econ\u00f3mico.<\/p>\n<p>Con el mismo compromiso de velar por el bienestar de la poblaci\u00f3n, Ana Paty Peralta encabez\u00f3 tambi\u00e9n la Cuadrag\u00e9sima Segunda Sesi\u00f3n Extraordinaria de Cabildo, en la cual dicho cuerpo colegiado aprob\u00f3 por unanimidad el Presupuesto de Egresos para el ejercicio fiscal 2024, que ser\u00e1 por 6 mil 468 millones 109 mil 767 pesos, un 14.85 por ciento m\u00e1s que el a\u00f1o anterior, en concordancia con la Ley de Ingresos del municipio, el cual deber\u00e1 ser aplicado bajo los principios de legalidad, honestidad, eficacia, eficiencia, econom\u00eda, racionalidad, austeridad, transparencia, control y rendici\u00f3n de cuentas.<\/p>\n<p>\u201cEste presupuesto que incrementamos en comparaci\u00f3n del a\u00f1o pasado a casi 800 millones de pesos, gracias al trabajo de la Tesorer\u00eda Municipal y a todas las \u00e1reas, para que ese aumento sea destinado a obra p\u00fablica, que es lo que realmente requiere m\u00e1s la ciudad, por lo que vamos a tener un presupuesto para el 2024 con mucha inversi\u00f3n en obra p\u00fablica\u201d, subray\u00f3 Ana Paty Peralta.<\/p>\n<p>Como parte tambi\u00e9n de la Sesi\u00f3n Ordinaria y para beneficio de la poblaci\u00f3n, se acept\u00f3 por unanimidad modificar y ampliar las fechas para que los contribuyentes puedan aprovechar el descuento que como subsidio se aplica para el pago del impuesto predial correspondiente al ejercicio fiscal 2024, quedando la primera fase del 15 por ciento menos a quienes lo realicen a m\u00e1s tardar el 31 de diciembre; la segunda del 10 por ciento menos, del 01 al 31 de enero de 2024 y la tercera del 5 por ciento, del 01 al 29 de febrero.<\/p>\n<p>En otros temas, se avalaron por unanimidad reformas a ciertos art\u00edculos del Reglamento de Tr\u00e1nsito como un asunto de obvia y urgente resoluci\u00f3n para implementar nuevamente el tarjet\u00f3n tur\u00edstico y por mayor\u00eda, el suscribir un convenio de coordinaci\u00f3n con el Instituto de Movilidad (IMOVEQROO) y la Secretar\u00eda de Finanzas y Planeaci\u00f3n en la entidad, en materia de tramitaci\u00f3n para la emisi\u00f3n de permisos y licencias de conducir, para alinearse a la nueva Ley de Movilidad en Quintana Roo publicada este a\u00f1o.<\/p>\n<p>A fin de que los trabajadores cuenten con afiliaciones a instituciones de seguridad social como prestaci\u00f3n laboral, dicho cuerpo cabildar vot\u00f3 por unanimidad un dictamen de modificaci\u00f3n al acuerdo de creaci\u00f3n del organismo p\u00fablico descentralizado denominado Soluci\u00f3n Integral de Residuos S\u00f3lidos Canc\u00fan (Siresol Canc\u00fan), as\u00ed como a su reglamento interior; en tanto que para mayor an\u00e1lisis se aprob\u00f3 turnar a diferentes comisiones del Cabildo iniciativas de modificaciones al Reglamento Interior del Instituto Municipal Contra las Adicciones.<\/p>\n<p>Tambi\u00e9n, d\u00e9jeme contarle que Canc\u00fan junto con San Jos\u00e9 del Cabo y Puerto Vallarta destacan como los destinos m\u00e1s populares para el segmento tur\u00edstico proveniente de los Estados Unidos durante la presente temporada vacacional de fin de a\u00f1o, conforme resultados de un an\u00e1lisis de itinerario de vuelos realizado por Allianz Partners, empresa que es l\u00edder mundial en servicios de asistencia de viaje.<\/p>\n<p>Ello, seg\u00fan este estudio validado con los datos provenientes de m\u00e1s de 3.1 millones de itinerarios de vuelo de turistas estadounidenses que planean viajar entre el 16 y el 29 de diciembre.<\/p>\n<p>Lo anterior significa un incremento del 10% en la preferencia por destinos internacionales en comparaci\u00f3n al a\u00f1o anterior.<\/p>\n<p>Durante el 2022, solo el 11% de lo viajes de fin de a\u00f1o de los estadounidenses fueron a destinos internacionales.\u00a0 En el 2023 el indicador sube al 21%, donde M\u00e9xico es el \u00fanico pa\u00eds con tres ciudades en el llamado TOP TEN\u00a0 de destinos internacionales m\u00e1s populares para los viajeros estadounidenses en la actual temporada.<\/p>\n<p>Por eso, Canc\u00fan ocupa el primer lugar por sexto a\u00f1o consecutivo, seguido por San Jos\u00e9 del Cabo en tercer sitio y Puerto Vallarta en el sexto.\u00a0\u00a0 Los destinos mexicanos comparten la lista con lugares como Londres, Bah\u00eda Montego y Punta Cana.<\/p>\n<p>En otro orden, le informo que poner siempre a las personas primero, hacer lo correcto y apuntar a la excelencia son tres valores que le permitieron a Cargill ser seleccionada como una de las \u201cMejores Empresas del Mundo\u201d por la revista TIME. Este reconocimiento refleja el trabajo y dedicaci\u00f3n de colaboradores alrededor del mundo, aliados y comunidades que han impulsado a la empresa a prosperar y conectar en los lugares donde se encuentra.<\/p>\n<p>La distinci\u00f3n otorgada por TIME se basa en la evaluaci\u00f3n de tres \u00e1reas clave: el crecimiento empresarial, la satisfacci\u00f3n de los colaboradores (a trav\u00e9s de encuestas realizadas por Statista) y una rigurosa evaluaci\u00f3n de sostenibilidad y datos de Ambiente, Sostenibilidad y Gobernanza (ESG, por sus siglas en ingl\u00e9s). En cada uno de estos aspectos, Cargill ha demostrado su compromiso excepcional.<\/p>\n<p>\u201cNos sentimos muy orgullosos y entusiasmados de recibir este reconocimiento, es un reflejo del trabajo y pasi\u00f3n de los colaboradores que forman parte de Cargill, buscando el cambio que impacte de forma positiva en las comunidades donde operamos, as\u00ed como ofrecer siempre los mejores productos con la m\u00e1s alta calidad\u201d, se\u00f1al\u00f3 Fernando Guareschi, presidente de Cargill M\u00e9xico.<\/p>\n<p>TIME reconoce el camino recorrido por la empresa, y tambi\u00e9n subraya esta continua necesidad de conexi\u00f3n humana, dar lo mejor y la contribuci\u00f3n positiva, cumpliendo as\u00ed con su prop\u00f3sito de nutrir al mundo de forma segura, responsable y sostenible.<\/p>\n<p>\u201cEste distintivo es muestra de la manera en que llevamos adelante nuestro negocio siempre con respeto y responsabilidad. Es un reconocimiento a la misi\u00f3n y compromiso de impactar positivamente a las sociedades e innovar constantemente en los mercados en los que tenemos presencia, siempre motivados para ser una empresa enfocada en las personas\u201d, agreg\u00f3 Guareschi; empero, lo anterior ser\u00e1 motivo de otro an\u00e1lisis en posterior entrega de <strong><em>Hora 14<\/em><\/strong>.<\/p>\n<p><em><a href=\"mailto:%20mauricio_conde@msn.com\" target=\"_blank\" rel=\"noopener noreferrer\">mauricioconde59@outlook.com<\/a><\/em><\/p>\n","protected":false},"excerpt":{"rendered":"<p><span style=\"color: #005497;\"><strong>Mauricio Conde Olivares<\/strong><\/span><\/p>\n","protected":false},"author":3,"featured_media":0,"comment_status":"open","ping_status":"open","sticky":false,"template":"","format":"standard","meta":{"_monsterinsights_skip_tracking":false,"_monsterinsights_sitenote_active":false,"_monsterinsights_sitenote_note":"","_monsterinsights_sitenote_category":0,"footnotes":""},"categories":[35889],"tags":[43712,43674,44860],"class_list":["post-605293","post","type-post","status-publish","format-standard","hentry","category-mauricio-conde-olivares","tag-mauricio-conde-olivares","tag-opinion","tag-hora-14"],"_links":{"self":[{"href":"https:\/\/www.diarioimagen.net\/index.php?rest_route=\/wp\/v2\/posts\/605293","targetHints":{"allow":["GET"]}}],"collection":[{"href":"https:\/\/www.diarioimagen.net\/index.php?rest_route=\/wp\/v2\/posts"}],"about":[{"href":"https:\/\/www.diarioimagen.net\/index.php?rest_route=\/wp\/v2\/types\/post"}],"author":[{"embeddable":true,"href":"https:\/\/www.diarioimagen.net\/index.php?rest_route=\/wp\/v2\/users\/3"}],"replies":[{"embeddable":true,"href":"https:\/\/www.diarioimagen.net\/index.php?rest_route=%2Fwp%2Fv2%2Fcomments&post=605293"}],"version-history":[{"count":0,"href":"https:\/\/www.diarioimagen.net\/index.php?rest_route=\/wp\/v2\/posts\/605293\/revisions"}],"wp:attachment":[{"href":"https:\/\/www.diarioimagen.net\/index.php?rest_route=%2Fwp%2Fv2%2Fmedia&parent=605293"}],"wp:term":[{"taxonomy":"category","embeddable":true,"href":"https:\/\/www.diarioimagen.net\/index.php?rest_route=%2Fwp%2Fv2%2Fcategories&post=605293"},{"taxonomy":"post_tag","embeddable":true,"href":"https:\/\/www.diarioimagen.net\/index.php?rest_route=%2Fwp%2Fv2%2Ftags&post=605293"}],"curies":[{"name":"wp","href":"https:\/\/api.w.org\/{rel}","templated":true}]}}