{"id":605476,"date":"2024-01-03T00:01:47","date_gmt":"2024-01-03T06:01:47","guid":{"rendered":"https:\/\/www.diarioimagen.net\/?p=605476"},"modified":"2024-01-03T22:50:26","modified_gmt":"2024-01-04T04:50:26","slug":"se-registraron-mas-de-2-mil-homicidios-cada-mes-de-2023","status":"publish","type":"post","link":"https:\/\/www.diarioimagen.net\/?p=605476","title":{"rendered":"Se registraron m\u00e1s de 2 mil homicidios cada mes de 2023"},"content":{"rendered":"<p>&nbsp;<\/p>\n<ul>\n<li><em><strong>No se cumple compromiso del gobierno federal<\/strong><\/em><\/li>\n<\/ul>\n<p>&nbsp;<\/p>\n<div id=\"attachment_605561\" style=\"width: 470px\" class=\"wp-caption aligncenter\"><a href=\"https:\/\/www.diarioimagen.net\/?attachment_id=605561\" rel=\"attachment wp-att-605561\"><img loading=\"lazy\" decoding=\"async\" aria-describedby=\"caption-attachment-605561\" class=\"size-full wp-image-605561\" src=\"https:\/\/www.diarioimagen.net\/wp-content\/uploads\/2024\/01\/SIGUEN-LOS-ASESINATOS.jpg\" alt=\"\" width=\"460\" height=\"270\" \/><\/a><p id=\"caption-attachment-605561\" class=\"wp-caption-text\">En 2023 se reportaron 26 mil 301 v\u00edctimas de homicidio doloso, lo que representa que en promedio cada mes fueron privadas de la vida 2 mil 192 personas.<\/p><\/div>\n<p>&nbsp;<\/p>\n<p>De enero a diciembre de 2023 se reportaron 26 mil 301 v\u00edctimas de homicidio doloso, lo que representa que en promedio cada mes del a\u00f1o que reci\u00e9n concluy\u00f3 fueron privadas de la vida 2 mil 192 personas, cifra muy similar a la de 2022, que registr\u00f3 26 mil 920 asesinatos.<\/p>\n<p>Diariamente en 2022 ultimaron a 74 personas y mensualmente a 2 mil 243 en promedio, detallan las cifras preliminares del Informe de Seguridad elaborado por la Secretar\u00eda de Seguridad y Protecci\u00f3n Ciudadana (SSPC).<\/p>\n<p>Expertos en seguridad consideran que no se ha logrado bajar la violencia en el pa\u00eds de manera contundente y prev\u00e9n que la administraci\u00f3n del presidente Andr\u00e9s Manuel L\u00f3pez Obrador mantendr\u00e1 altos niveles en este delito.<\/p>\n<p>Francisco Rivas, director del Observatorio Nacional Ciudadano (ONC), refiere que este sexenio va a terminar con al menos 15% m\u00e1s homicidios que el anterior, en la gesti\u00f3n de Enrique Pe\u00f1a Nieto, y con 40% m\u00e1s que los registrados durante el gobierno de Felipe Calder\u00f3n. Incluso, se\u00f1ala que aunque hubiera un descenso muy marcado en los homicidios este a\u00f1o, no hay manera de que se frene este delito<\/p>\n<p>\u201cEs el sexenio m\u00e1s violento en la historia del pa\u00eds. Hay un absoluto fracaso en el cumplimiento de los compromisos que hizo el Presidente, tanto en campa\u00f1a, como en el Plan Nacional de Desarrollo y el de Estrategia Nacional de Seguridad, que aseguraba que terminar\u00eda con 50% menos homicidios respecto al sexenio anterior\u201d, refiere.<\/p>\n<p>Eso significa, indica Rivas, que la tasa de homicidios dolosos de esta administraci\u00f3n deb\u00eda terminar en 50 por cada 100 mil habitantes, pero hasta la fecha hay m\u00e1s de 110 asesinatos por cada 100 mil habitantes, que pr\u00e1cticamente es 10% m\u00e1s respecto al total de los registros del sexenio de Pe\u00f1a Nieto.<\/p>\n<p>\u201cPodemos decir que hubo un fracaso en el cumplimiento de los objetivos de este gobierno\u201d, se\u00f1ala.<\/p>\n<p>Expone que una parte de los homicidios dolosos y de la supuesta reducci\u00f3n de los casos, en realidad est\u00e1 ligada a las personas que han sido reportadas como desaparecidas y lamentablemente fueron privadas de la vida.<\/p>\n<p>Abunda que al no existir un ejercicio profundo de b\u00fasqueda y de resoluci\u00f3n de la situaci\u00f3n de estas personas, quedan en una cifra negra, debido a que no se est\u00e1 contemplando el homicidio y se est\u00e1 registrando la desaparici\u00f3n de la persona.<\/p>\n<p>Mientras tanto, V\u00edctor Hern\u00e1ndez, especialista en seguridad en la Universidad Panamericana, destaca que presumir reducciones de 2.3% ser\u00eda un logro en temas de inflaci\u00f3n, pero en el caso de los homicidios es marginal y remarca que no puede ser que se gasten millones de pesos en materia de seguridad para tener esos resultados.<\/p>\n<p>El consultor y analista pol\u00edtico David Saucedo afirma que de acuerdo con estas cifras preliminares no hubo \u00e9xito en el combate a la inseguridad, m\u00e1s bien se observa una contenci\u00f3n de los homicidios.<\/p>\n<p>\u201cEn el caso que demos por buenas las cifras que presenta la SSPC, estamos hablando de una estabilizaci\u00f3n en un pico muy alto de homicidios, no hay una reducci\u00f3n como tal\u201d, enfatiza.<\/p>\n<p>Saucedo indica que a pesar de lo que se ha hecho en este sexenio, como las extradiciones de narcotraficantes hacia Estados Unidos y acatar las medidas de ese pa\u00eds para incrementar los decomisos de fentanilo o el cierre de puertos del Pac\u00edfico sur a ciertas empresas no ha habido ning\u00fan impacto en la disminuci\u00f3n de la violencia.<\/p>\n","protected":false},"excerpt":{"rendered":"<p>De enero a diciembre de 2023 se reportaron 26 mil 301 v\u00edctimas de homicidio doloso, lo que representa que en promedio cada mes del a\u00f1o que reci\u00e9n concluy\u00f3 fueron privadas de la vida 2 mil 192 personas, cifra muy similar a la de 2022, que registr\u00f3 26 mil 920 asesinatos.<\/p>\n","protected":false},"author":3,"featured_media":605561,"comment_status":"open","ping_status":"open","sticky":false,"template":"","format":"standard","meta":{"_monsterinsights_skip_tracking":false,"_monsterinsights_sitenote_active":false,"_monsterinsights_sitenote_note":"","_monsterinsights_sitenote_category":0,"footnotes":""},"categories":[17,7],"tags":[99131,653,43677],"class_list":["post-605476","post","type-post","status-publish","format-standard","has-post-thumbnail","hentry","category-especiales","category-seguridad","tag-cometidos","tag-homicidio","tag-seguridad"],"_links":{"self":[{"href":"https:\/\/www.diarioimagen.net\/index.php?rest_route=\/wp\/v2\/posts\/605476","targetHints":{"allow":["GET"]}}],"collection":[{"href":"https:\/\/www.diarioimagen.net\/index.php?rest_route=\/wp\/v2\/posts"}],"about":[{"href":"https:\/\/www.diarioimagen.net\/index.php?rest_route=\/wp\/v2\/types\/post"}],"author":[{"embeddable":true,"href":"https:\/\/www.diarioimagen.net\/index.php?rest_route=\/wp\/v2\/users\/3"}],"replies":[{"embeddable":true,"href":"https:\/\/www.diarioimagen.net\/index.php?rest_route=%2Fwp%2Fv2%2Fcomments&post=605476"}],"version-history":[{"count":0,"href":"https:\/\/www.diarioimagen.net\/index.php?rest_route=\/wp\/v2\/posts\/605476\/revisions"}],"wp:featuredmedia":[{"embeddable":true,"href":"https:\/\/www.diarioimagen.net\/index.php?rest_route=\/wp\/v2\/media\/605561"}],"wp:attachment":[{"href":"https:\/\/www.diarioimagen.net\/index.php?rest_route=%2Fwp%2Fv2%2Fmedia&parent=605476"}],"wp:term":[{"taxonomy":"category","embeddable":true,"href":"https:\/\/www.diarioimagen.net\/index.php?rest_route=%2Fwp%2Fv2%2Fcategories&post=605476"},{"taxonomy":"post_tag","embeddable":true,"href":"https:\/\/www.diarioimagen.net\/index.php?rest_route=%2Fwp%2Fv2%2Ftags&post=605476"}],"curies":[{"name":"wp","href":"https:\/\/api.w.org\/{rel}","templated":true}]}}