{"id":605530,"date":"2024-01-03T00:01:29","date_gmt":"2024-01-03T06:01:29","guid":{"rendered":"https:\/\/www.diarioimagen.net\/?p=605530"},"modified":"2024-01-02T23:49:20","modified_gmt":"2024-01-03T05:49:20","slug":"se-cayo-el-sistema","status":"publish","type":"post","link":"https:\/\/www.diarioimagen.net\/?p=605530","title":{"rendered":"Se cay\u00f3 el sistema"},"content":{"rendered":"<h2>Precios y desprecios<\/h2>\n<h5>Freddy S\u00e1nchez<\/h5>\n<p>&nbsp;<\/p>\n<p>Una democracia abandonada a su suerte es como una c\u00e1rcel sin rejas. En donde los abusos y las arbitrariedades las pueden cometer impunemente los que realmente tienen el poder.<\/p>\n<p>Y no parece existir mejor forma de alertar sobre la imperiosa necesidad de evitar que los organismos independientes y aut\u00f3nomos se mantengan fuera del alcance de cualquier grupo pol\u00edtico o econ\u00f3mico con intereses electorales que imponer a los dem\u00e1s.<\/p>\n<p>Lo reciente del Trife, cuanto ha\u00a0 ocurrido en el INE y lo que viene pasando en la Suprema Corte de Justicia de la Naci\u00f3n, ameritan \u201cabrir bien los ojos\u201d a efecto de que desde la sociedad civil se proteja la imparcialidad de toda instancia legal con atribuciones para intervenir en cuestiones democr\u00e1ticas.<\/p>\n<p>Desde la organizaci\u00f3n hasta la realizaci\u00f3n y certificaci\u00f3n de las competencias para la definici\u00f3n de puestos de elecci\u00f3n popular en aras de no abrir espacios que sean ocupados por afanes de manipulaci\u00f3n.<\/p>\n<p>A nadie se puede culpar de querer falsificar la democracia con el inter\u00e9s de anular el derecho colectivo a elegir con libertad a los representantes del pueblo en los cargos democr\u00e1ticos.<\/p>\n<p>Para hacer algo as\u00ed habr\u00eda que tener \u201clos pelos de la burra en la mano\u201d o exponerse a ser visto como calumniador en especial si a la ligera se se\u00f1ala con un \u201c\u00edndice de fuego\u201d a los actuales responsables institucionales de la 4T con cargos populares leg\u00edtimamente adquiridos.<\/p>\n<p>Pero, lo que s\u00ed es de se\u00f1alar es que cualquier acci\u00f3n p\u00fablica o civil encaminada a desaparecer y crear nuevas instancias de control democr\u00e1tico y de justicia requiere el consenso de todas las fuerzas pol\u00edticas para evitar que unos \u201cse sirvan con la cuchara grande\u201d en perjuicio de otros.<\/p>\n<p>Y es que si algo caracteriz\u00f3 las actividades pol\u00edticas electorales en M\u00e9xico a lo largo de muchos a\u00f1os de un PRI invencible hasta que lleg\u00f3 la alternancia fue la simulaci\u00f3n electoral mediante \u201cpaleros\u201d de una ficticia oposici\u00f3n, compra del voto, maniobras subrepticias y dem\u00e1s burdas o ingeniosas tracaler\u00edas con el mismo resultado.<\/p>\n<p>O sea, darle al poder en turno los cargos electorales a su amplia satisfacci\u00f3n y \u201cregarle\u201d posiciones populares en menor cuant\u00eda a los c\u00f3mplices del enga\u00f1o y de plano \u201cmigajas\u201d a una minor\u00eda de opositores de verdad que com\u00fanmente eran el equivalente a \u201cvoces en el desierto\u201d.<\/p>\n<p>Lo que dijeran y propusieran ni quien siquiera lo escuchara desde el poder de los operadores rapaces de una democracia simulada.<\/p>\n<p>Cuidar pues que la voluntad popular se mantenga lo m\u00e1s a salvo posible de manipulaciones tramposas es de capital importancia en los tiempos que se viven en el pa\u00eds.<\/p>\n<p>De ah\u00ed que sea menester impedir que manos ajenas a la voluntad popular decidan a qu\u00e9 hombres o mujeres elegir o no hacerlo para los cargos de gobierno en\u00a0 M\u00e9xico.<\/p>\n<p>Y en ese contexto, hay que decirlo sin tapujos. Mal y de malas estar\u00edamos si\u00a0 los \u00f3rganos electorales y de justicia pierden\u00a0 su autonom\u00eda e independencia\u00a0 propiciando un manoseo de las elecciones a conveniencia de quienes\u00a0 mediante artima\u00f1as logren controlar\u00a0 los medios para contar los votos y dirimir controversias.<\/p>\n<p>As\u00ed que nunca m\u00e1s es deseable que volvamos a escuchar lo que dio origen al Instituto Nacional Electoral y que en tiempos de Miguel de la Madrid\u00a0 antes de enterar a los habitantes del pa\u00eds acerca de la voltereta nocturna que quit\u00f3 a C\u00e1rdenas y puso a Salinas en primer lugar de las boletas electorales se anunci\u00f3:\u00a0 \u201cSe cay\u00f3 el sistema\u201d.<\/p>\n<p><em><a href=\"mailto:serviciospremier_vip@hotmail.com\" target=\"_blank\" rel=\"noopener noreferrer\">serviciospremier_vip@hotmail.com<\/a><\/em><\/p>\n","protected":false},"excerpt":{"rendered":"<p><span style=\"color: #005497;\"><strong>Freddy S\u00e1nchez<\/strong><\/span><\/p>\n","protected":false},"author":3,"featured_media":0,"comment_status":"open","ping_status":"open","sticky":false,"template":"","format":"standard","meta":{"_monsterinsights_skip_tracking":false,"_monsterinsights_sitenote_active":false,"_monsterinsights_sitenote_note":"","_monsterinsights_sitenote_category":0,"footnotes":""},"categories":[22959],"tags":[43710,43674,22960],"class_list":["post-605530","post","type-post","status-publish","format-standard","hentry","category-freddy-sanchez","tag-freddy-sanchez","tag-opinion","tag-precios-y-desprecios"],"_links":{"self":[{"href":"https:\/\/www.diarioimagen.net\/index.php?rest_route=\/wp\/v2\/posts\/605530","targetHints":{"allow":["GET"]}}],"collection":[{"href":"https:\/\/www.diarioimagen.net\/index.php?rest_route=\/wp\/v2\/posts"}],"about":[{"href":"https:\/\/www.diarioimagen.net\/index.php?rest_route=\/wp\/v2\/types\/post"}],"author":[{"embeddable":true,"href":"https:\/\/www.diarioimagen.net\/index.php?rest_route=\/wp\/v2\/users\/3"}],"replies":[{"embeddable":true,"href":"https:\/\/www.diarioimagen.net\/index.php?rest_route=%2Fwp%2Fv2%2Fcomments&post=605530"}],"version-history":[{"count":0,"href":"https:\/\/www.diarioimagen.net\/index.php?rest_route=\/wp\/v2\/posts\/605530\/revisions"}],"wp:attachment":[{"href":"https:\/\/www.diarioimagen.net\/index.php?rest_route=%2Fwp%2Fv2%2Fmedia&parent=605530"}],"wp:term":[{"taxonomy":"category","embeddable":true,"href":"https:\/\/www.diarioimagen.net\/index.php?rest_route=%2Fwp%2Fv2%2Fcategories&post=605530"},{"taxonomy":"post_tag","embeddable":true,"href":"https:\/\/www.diarioimagen.net\/index.php?rest_route=%2Fwp%2Fv2%2Ftags&post=605530"}],"curies":[{"name":"wp","href":"https:\/\/api.w.org\/{rel}","templated":true}]}}