{"id":605542,"date":"2024-01-03T00:15:27","date_gmt":"2024-01-03T06:15:27","guid":{"rendered":"https:\/\/www.diarioimagen.net\/?p=605542"},"modified":"2024-01-03T00:17:31","modified_gmt":"2024-01-03T06:17:31","slug":"el-mexico-que-no-existe","status":"publish","type":"post","link":"https:\/\/www.diarioimagen.net\/?p=605542","title":{"rendered":"El M\u00e9xico que no existe"},"content":{"rendered":"<h2>Por la Derecha..!<\/h2>\n<h5>Luis \u00c1ngel Garc\u00eda<\/h5>\n<p>&nbsp;<\/p>\n<p>En su mensaje de A\u00f1o Nuevo, el presidente dese\u00f3 todo tipo de parabienes a los mexicanos y, para no variar, habl\u00f3 de un pa\u00eds imaginario. Ese M\u00e9xico donde no existe la violencia, se presume un crecimiento econ\u00f3mico que no se ha dado, se vanaglorian de un super peso que mantiene una dependencia de la divisa verde y que no favorece a exportadores ni a las familias de los migrantes, quienes cada d\u00eda reciben menos dinero por sus d\u00f3lares. Tambi\u00e9n quieren vender la idea, incluida la candidata oficial, de que las remesas son un \u00e9xito de gobierno, cuando debieran avergonzarse de que por falta de oportunidades se expulsan a miles de trabajadores tras el sue\u00f1o americano. Con gran ligereza se dice que tenemos un sistema de salud como el dan\u00e9s y se publicita una bodegota semivac\u00eda y sin sistema inform\u00e1tico para abastecer medicamentos en 24 horas a cualquier destino nacional.<\/p>\n<p>Ese M\u00e9xico inexistente se estrella ante la terca realidad. A pesar del uso faccioso de las estad\u00edsticas oficiales que hablan de la reducci\u00f3n del 20 por ciento en los homicidios dolosos, este sexenio pasar\u00e1 a la historia como el m\u00e1s sangriento de las \u00faltimas d\u00e9cadas. Habr\u00e1 cerca de doscientos mil muertes violentas al finalizar la presente administraci\u00f3n, mucho m\u00e1s que en anteriores reg\u00edmenes y no se habr\u00e1n combatido las causas que generan la delincuencia. No funcion\u00f3 la estrategia de abrazos y no balazos; el gobierno abdic\u00f3 en el uso leg\u00edtimo de la fuerza y perdi\u00f3 la gobernabilidad. El crimen organizado desplaz\u00f3 a las autoridades formales en buena parte de la Rep\u00fablica. La seguridad queda como una asignatura pendiente.<\/p>\n<p>M\u00e1s all\u00e1 del juicio que merezca el sexenio de Enrique Pe\u00f1a Nieto, dej\u00f3 una econom\u00eda sana y con fondos a la 4T, la cual prometi\u00f3 tasas de crecimiento de entre el 4 y el 6 por ciento. A cinco a\u00f1os de gobierno, el crecimiento ser\u00e1 apenas arriba del cero por ciento, y no se le puede echar la culpa a la pandemia, ya que desde el primer a\u00f1o se fren\u00f3 la econom\u00eda y tuvo indicadores negativos. La inflaci\u00f3n tampoco se contuvo como lo ofrecieron y estuvimos a nada de sufrir un crack como el ocurrido en 1932. Gracias al empe\u00f1oso esfuerzo de empresarios y trabajadores, que no a la pol\u00edtica gubernamental, se logr\u00f3 un panorama similar al de los tiempos de Miguel de la Madrid.<\/p>\n<p>Otra falacia es suponer que la vol\u00e1til paridad con el d\u00f3lar refleja una econom\u00eda boyante. El precio del peso se fija en instancias internacionales y est\u00e1 ligada a la econom\u00eda norteamericana, y si bien es cierto que para los importadores es bueno un d\u00f3lar barato, para los exportadores como los agricultores de Michoac\u00e1n, resulta mal negocio, lo mismo que para las familias de los paisanos ya que reciben menos pesos y adquieren menos productos. La falta de profesionalizaci\u00f3n y experiencia de los financieros gubernamentales han provocado la peregrina idea de que el env\u00edo de dinero de los migrantes es un \u00e9xito de la 4T, cuando lo que representa es el fracaso de las pol\u00edticas p\u00fablicas y exhibe que nunca existi\u00f3 un verdadero plan sexenal, sino ocurrencias que nos tienen al borde de un precipicio. Las remesas no es dinero que se produzca aqu\u00ed y en todo caso habla de la recuperaci\u00f3n de la econom\u00eda americana, no de la nuestra.<\/p>\n<p>En cuanto al sistema de salud mejor que el de Dinamarca, solo hay que preguntarles a los 800 mil muertos que dej\u00f3 la pandemia por falta de vacunas o a los miles de ni\u00f1os con c\u00e1ncer fallecidos por no recibir sus quimioterapias o a los 35 millones de mexicanos que se quedaron sin servicios de salud al desaparecer el Seguro Popular y que se supone debe atender un colapsado IMSS que no puede cubrir satisfactoriamente a sus derechohabientes.<\/p>\n<p>Ese M\u00e9xico inexistente puede hacerse realidad solo con el esfuerzo y trabajo de usted, amigo lector. El gobierno no resolver\u00e1 nada, solo el empe\u00f1o y responsabilidad c\u00edvica de millones de mexicanos har\u00e1n el cambio. Que sea un prop\u00f3sito para este 2024.<\/p>\n","protected":false},"excerpt":{"rendered":"<p><span style=\"color: #005497;\"><strong>Luis \u00c1ngel Garc\u00eda<\/strong><\/span><\/p>\n","protected":false},"author":3,"featured_media":0,"comment_status":"open","ping_status":"open","sticky":false,"template":"","format":"standard","meta":{"_monsterinsights_skip_tracking":false,"_monsterinsights_sitenote_active":false,"_monsterinsights_sitenote_note":"","_monsterinsights_sitenote_category":0,"footnotes":""},"categories":[92115],"tags":[92117,43674,92116],"class_list":["post-605542","post","type-post","status-publish","format-standard","hentry","category-luis-angel-garcia","tag-luis-angel-garcia","tag-opinion","tag-por-la-derecha"],"_links":{"self":[{"href":"https:\/\/www.diarioimagen.net\/index.php?rest_route=\/wp\/v2\/posts\/605542","targetHints":{"allow":["GET"]}}],"collection":[{"href":"https:\/\/www.diarioimagen.net\/index.php?rest_route=\/wp\/v2\/posts"}],"about":[{"href":"https:\/\/www.diarioimagen.net\/index.php?rest_route=\/wp\/v2\/types\/post"}],"author":[{"embeddable":true,"href":"https:\/\/www.diarioimagen.net\/index.php?rest_route=\/wp\/v2\/users\/3"}],"replies":[{"embeddable":true,"href":"https:\/\/www.diarioimagen.net\/index.php?rest_route=%2Fwp%2Fv2%2Fcomments&post=605542"}],"version-history":[{"count":0,"href":"https:\/\/www.diarioimagen.net\/index.php?rest_route=\/wp\/v2\/posts\/605542\/revisions"}],"wp:attachment":[{"href":"https:\/\/www.diarioimagen.net\/index.php?rest_route=%2Fwp%2Fv2%2Fmedia&parent=605542"}],"wp:term":[{"taxonomy":"category","embeddable":true,"href":"https:\/\/www.diarioimagen.net\/index.php?rest_route=%2Fwp%2Fv2%2Fcategories&post=605542"},{"taxonomy":"post_tag","embeddable":true,"href":"https:\/\/www.diarioimagen.net\/index.php?rest_route=%2Fwp%2Fv2%2Ftags&post=605542"}],"curies":[{"name":"wp","href":"https:\/\/api.w.org\/{rel}","templated":true}]}}