{"id":605613,"date":"2024-01-04T00:01:30","date_gmt":"2024-01-04T06:01:30","guid":{"rendered":"https:\/\/www.diarioimagen.net\/?p=605613"},"modified":"2024-01-04T22:52:20","modified_gmt":"2024-01-05T04:52:20","slug":"entrega-de-obras-a-fuerzas-armadas-para-acabar-con-corrupcion-amlo","status":"publish","type":"post","link":"https:\/\/www.diarioimagen.net\/?p=605613","title":{"rendered":"Entrega de obras a fuerzas armadas para acabar con corrupci\u00f3n: AMLO"},"content":{"rendered":"<p>&nbsp;<\/p>\n<ul>\n<li><em><strong>Niega militarizaci\u00f3n del pa\u00eds<\/strong><\/em><\/li>\n<\/ul>\n<p>&nbsp;<\/p>\n<div id=\"attachment_605708\" style=\"width: 470px\" class=\"wp-caption aligncenter\"><a href=\"https:\/\/www.diarioimagen.net\/?attachment_id=605708\" rel=\"attachment wp-att-605708\"><img loading=\"lazy\" decoding=\"async\" aria-describedby=\"caption-attachment-605708\" class=\"size-full wp-image-605708\" src=\"https:\/\/www.diarioimagen.net\/wp-content\/uploads\/2024\/01\/amlo-1.jpg\" alt=\"\" width=\"460\" height=\"270\" \/><\/a><p id=\"caption-attachment-605708\" class=\"wp-caption-text\">El presidente Andr\u00e9s Manuel L\u00f3pez Obrador defendi\u00f3 la entrega de obras a las fuerzas armadas, pues para \u00e9l era la \u00fanica forma de acabar con la corrupci\u00f3n y poner en marcha la transformaci\u00f3n.<\/p><\/div>\n<p>&nbsp;<\/p>\n<p>Ante los cuestionamientos de la entrega de obras p\u00fablicas a las fuerzas armadas, el presidente Andr\u00e9s Manuel L\u00f3pez Obrador afirm\u00f3 que es la \u00fanica forma de acabar con la corrupci\u00f3n y poner en marcha la transformaci\u00f3n del pa\u00eds, por lo que descart\u00f3 que este plan sea sin\u00f3nimo de militarizar al pa\u00eds<\/p>\n<p>\u201cSe habla de que ya en todo est\u00e1 el Ej\u00e9rcito y la Marina, pero debe de entenderse que nosotros llegamos al gobierno y encontramos un desastre en el funcionamiento del Gobierno, para decirlo de otra manera, o utilizando el s\u00edmil del elefante, nos encontramos un elefante, echado, ma\u00f1oso, reum\u00e1tico que lo tuvimos que parar y empujarlo para que caminara. Porque el Gobierno no estaba preparado para servir al pueblo, el Gobierno era un facilitador para los negocios, las transas que se hac\u00edan arriba.<\/p>\n<p>\u201cEsa era la funci\u00f3n principal del Gobierno, las empresas constructoras muy echadas a perder. (&#8230;) Imag\u00ednense si busc\u00e1bamos acabar con la corrupci\u00f3n y transformar al Pa\u00eds y hacer las obras p\u00fablicas que se necesitan, \u00bfqu\u00e9 hubi\u00e9semos hecho con esas empresas que no se les puede llamar constructoras, sino contratistas en el mejor de los casos? \u00bfqu\u00e9 hubi\u00e9semos hecho sin los ingenieros militares?\u201d, se\u00f1al\u00f3 L\u00f3pez Obrador. En su conferencia ma\u00f1anera desde el Aeropuerto de M\u00e9rida, Yucat\u00e1n.<\/p>\n<p>\u201cEntonces, nos apoyamos en la Secretar\u00eda de la Defensa y de Marina, no es militarizar el Pa\u00eds, es apoyarnos en dos instituciones que son pilares del Estado mexicano y que nos han ayudado mucho para cumplir con nuestra responsabilidad de gobierno\u201d, aclar\u00f3. \u00a0L\u00f3pez Obrador presumi\u00f3 las obras que ingenieros militares han realizado en su gobierno como lo son aeropuertos de Tulum o el Felipe \u00c1ngeles y anunci\u00f3 que tambi\u00e9n construir\u00e1n el hospital m\u00e1s grande de M\u00e9xico.<\/p>\n<p>\u201cCon los ingenieros militares hicimos el Aeropuerto de la Ciudad de M\u00e9xico, el Aeropuerto Felipe Angeles, en dos a\u00f1os y medio. Con los ingenieros militares hicimos el Aeropuerto de Tulum en un a\u00f1o cinco meses. Con los ingenieros militares vamos a hacer el hospital m\u00e1s grande de M\u00e9xico, de 300 camas, en a\u00f1o y medio, a lo mejor en menos, porque lo tenemos que inaugurar en septiembre de este a\u00f1o\u201d, afirm\u00f3.<\/p>\n<p>Luego que el marte anunci\u00f3 que las fuerzas armadas se encargar\u00e1n del mantenimiento de carreteras, el titular del ejecutivo federal dijo que los uniformados s\u00f3lo realizar\u00e1n trabajos en aquellas que fueron afectadas por la realizaci\u00f3n del Tren Maya.<\/p>\n<p>\u201cEl compromiso es que ya a partir de marzo, abril, vamos a empezar a mejorar todas las carreteras, b\u00e1sicamente las que se afectaron, se da\u00f1aron con el traslado, con el tr\u00e1fico de materiales de construcci\u00f3n para el Tren Maya. \u201cEstaba yo leyendo hoy una informaci\u00f3n en donde se dice: \u2018ya tambi\u00e9n la Secretar\u00eda de la Defensa se va a hacer cargo del mantenimiento de las carreteras\u2019, as\u00ed como en general, pues no.<\/p>\n<p>\u201cEs b\u00e1sicamente lo que tiene que ver con las carreteras que se afectaron en la construcci\u00f3n del Tren Maya, dejarlas bien antes de terminar nuestro mandato, pero ya ven c\u00f3mo son sensacionalistas, alarmistas, ya quieren dar la idea de que todo se entrega a Marina y la Defensa\u201d, agreg\u00f3.<\/p>\n","protected":false},"excerpt":{"rendered":"<p>Ante los cuestionamientos de la entrega de obras p\u00fablicas a las fuerzas armadas, el presidente Andr\u00e9s Manuel L\u00f3pez Obrador afirm\u00f3 que es la \u00fanica forma de acabar con la corrupci\u00f3n y poner en marcha la transformaci\u00f3n del pa\u00eds, por lo que descart\u00f3 que este plan sea sin\u00f3nimo de militarizar al pa\u00eds<\/p>\n","protected":false},"author":3,"featured_media":605708,"comment_status":"open","ping_status":"open","sticky":false,"template":"","format":"standard","meta":{"_monsterinsights_skip_tracking":false,"_monsterinsights_sitenote_active":false,"_monsterinsights_sitenote_note":"","_monsterinsights_sitenote_category":0,"footnotes":""},"categories":[3],"tags":[2545,6665],"class_list":["post-605613","post","type-post","status-publish","format-standard","has-post-thumbnail","hentry","category-nacional","tag-amlo","tag-corrupcion"],"_links":{"self":[{"href":"https:\/\/www.diarioimagen.net\/index.php?rest_route=\/wp\/v2\/posts\/605613","targetHints":{"allow":["GET"]}}],"collection":[{"href":"https:\/\/www.diarioimagen.net\/index.php?rest_route=\/wp\/v2\/posts"}],"about":[{"href":"https:\/\/www.diarioimagen.net\/index.php?rest_route=\/wp\/v2\/types\/post"}],"author":[{"embeddable":true,"href":"https:\/\/www.diarioimagen.net\/index.php?rest_route=\/wp\/v2\/users\/3"}],"replies":[{"embeddable":true,"href":"https:\/\/www.diarioimagen.net\/index.php?rest_route=%2Fwp%2Fv2%2Fcomments&post=605613"}],"version-history":[{"count":0,"href":"https:\/\/www.diarioimagen.net\/index.php?rest_route=\/wp\/v2\/posts\/605613\/revisions"}],"wp:featuredmedia":[{"embeddable":true,"href":"https:\/\/www.diarioimagen.net\/index.php?rest_route=\/wp\/v2\/media\/605708"}],"wp:attachment":[{"href":"https:\/\/www.diarioimagen.net\/index.php?rest_route=%2Fwp%2Fv2%2Fmedia&parent=605613"}],"wp:term":[{"taxonomy":"category","embeddable":true,"href":"https:\/\/www.diarioimagen.net\/index.php?rest_route=%2Fwp%2Fv2%2Fcategories&post=605613"},{"taxonomy":"post_tag","embeddable":true,"href":"https:\/\/www.diarioimagen.net\/index.php?rest_route=%2Fwp%2Fv2%2Ftags&post=605613"}],"curies":[{"name":"wp","href":"https:\/\/api.w.org\/{rel}","templated":true}]}}