{"id":605615,"date":"2024-01-04T00:01:17","date_gmt":"2024-01-04T06:01:17","guid":{"rendered":"https:\/\/www.diarioimagen.net\/?p=605615"},"modified":"2024-01-04T01:12:59","modified_gmt":"2024-01-04T07:12:59","slug":"trabajadores-del-suteym-seccion-naucalpan-recibieron-su-fondo-de-fortalecimiento-familiar","status":"publish","type":"post","link":"https:\/\/www.diarioimagen.net\/?p=605615","title":{"rendered":"Trabajadores del SUTEyM, secci\u00f3n Naucalpan, recibieron su Fondo de Fortalecimiento Familiar"},"content":{"rendered":"<p>&nbsp;<\/p>\n<ul>\n<li><em><strong>Necesario promover cultura del ahorro: Tom\u00e1s Palomares<\/strong><\/em><\/li>\n<\/ul>\n<p><strong>\u00a0<\/strong><\/p>\n<h6>Arturo Baena<\/h6>\n<p>&nbsp;<\/p>\n<div id=\"attachment_605712\" style=\"width: 470px\" class=\"wp-caption aligncenter\"><a href=\"https:\/\/www.diarioimagen.net\/?attachment_id=605712\" rel=\"attachment wp-att-605712\"><img loading=\"lazy\" decoding=\"async\" aria-describedby=\"caption-attachment-605712\" class=\"size-full wp-image-605712\" src=\"https:\/\/www.diarioimagen.net\/wp-content\/uploads\/2024\/01\/trabajadores-del-suteym.jpg\" alt=\"\" width=\"460\" height=\"270\" \/><\/a><p id=\"caption-attachment-605712\" class=\"wp-caption-text\">Tom\u00e1s Palomares Parra, dirigente del SUTEyM-secci\u00f3n Naucalpan, destac\u00f3 la importancia de promover entre los trabajadores sindicalizados la cultura del ahorro.<\/p><\/div>\n<p>&nbsp;<\/p>\n<p><strong>Naucalpan, Estado de M\u00e9xico.\u2014<\/strong> En tiempo y forma, como cada a\u00f1o, la clase trabajadora perteneciente al Sindicato \u00danico de Trabajadores del Estado y sus Municipios (SUTEyM), Secci\u00f3n Naucalpan, recibi\u00f3 su Fondo de Fortalecimiento Familiar, que beneficia a miles de trabajadores sindicalizados de esta localidad.<\/p>\n<p>En ese sentido, Tom\u00e1s Palomares Parra, dirigente de dicho gremio, destac\u00f3 la importancia de promover entre los trabajadores sindicalizados la cultura del ahorro, que gracias a ello les ayudar\u00e1 a solventar gastos inesperados en este inicio del a\u00f1o 2024.<\/p>\n<p>\u201cCon el prop\u00f3sito de promover los derechos laborales, se cre\u00f3 el Fondo de Fortalecimiento Familiar entre los trabajadores, as\u00ed como difundir los beneficios que dicho instrumento tiene en la econom\u00eda familiar, es por ello que seguiremos impulsando la cultura del ahorro entre los suteymistas\u201d, dijo Palomares Parra.<\/p>\n<p>Acompa\u00f1ado de los secretarios de dicha secci\u00f3n sindical, el dirigente sindical,\u00a0 reiter\u00f3 que \u201caprender a ahorrar es importante porque ayuda a crear un fondo de emergencia o un colch\u00f3n financiero para poder cubrir gastos necesarios en caso de imprevistos y administrar las finanzas personales para llevar a cabo compras y planes\u201d, reiter\u00f3.<\/p>\n<p>Palomares Parra puntualiz\u00f3 la necesidad de fomentar y desarrollar una mayor cultura de ahorro, teniendo en cuenta que el mismo, no solamente sirve para alcanzar metas y contar con un capital de inversi\u00f3n a largo plazo, sino que, tambi\u00e9n es necesario para crear un fondo y cubrir cualquier tipo de emergencia como pudiera ser una enfermedad o utilizar el ahorro en beneficio familiar.<\/p>\n","protected":false},"excerpt":{"rendered":"<p>En tiempo y forma, como cada a\u00f1o, la clase trabajadora perteneciente al Sindicato \u00danico de Trabajadores del Estado y sus Municipios (SUTEyM), Secci\u00f3n Naucalpan, recibi\u00f3 su Fondo de Fortalecimiento Familiar, que beneficia a miles de trabajadores sindicalizados de esta localidad.<\/p>\n","protected":false},"author":3,"featured_media":605712,"comment_status":"open","ping_status":"open","sticky":false,"template":"","format":"standard","meta":{"_monsterinsights_skip_tracking":false,"_monsterinsights_sitenote_active":false,"_monsterinsights_sitenote_note":"","_monsterinsights_sitenote_category":0,"footnotes":""},"categories":[5],"tags":[43675,970,86479,2572],"class_list":["post-605615","post","type-post","status-publish","format-standard","has-post-thumbnail","hentry","category-estado-de-mexico","tag-estado-de-mexico","tag-naucalpan","tag-sindicalizados","tag-suteym"],"_links":{"self":[{"href":"https:\/\/www.diarioimagen.net\/index.php?rest_route=\/wp\/v2\/posts\/605615","targetHints":{"allow":["GET"]}}],"collection":[{"href":"https:\/\/www.diarioimagen.net\/index.php?rest_route=\/wp\/v2\/posts"}],"about":[{"href":"https:\/\/www.diarioimagen.net\/index.php?rest_route=\/wp\/v2\/types\/post"}],"author":[{"embeddable":true,"href":"https:\/\/www.diarioimagen.net\/index.php?rest_route=\/wp\/v2\/users\/3"}],"replies":[{"embeddable":true,"href":"https:\/\/www.diarioimagen.net\/index.php?rest_route=%2Fwp%2Fv2%2Fcomments&post=605615"}],"version-history":[{"count":0,"href":"https:\/\/www.diarioimagen.net\/index.php?rest_route=\/wp\/v2\/posts\/605615\/revisions"}],"wp:featuredmedia":[{"embeddable":true,"href":"https:\/\/www.diarioimagen.net\/index.php?rest_route=\/wp\/v2\/media\/605712"}],"wp:attachment":[{"href":"https:\/\/www.diarioimagen.net\/index.php?rest_route=%2Fwp%2Fv2%2Fmedia&parent=605615"}],"wp:term":[{"taxonomy":"category","embeddable":true,"href":"https:\/\/www.diarioimagen.net\/index.php?rest_route=%2Fwp%2Fv2%2Fcategories&post=605615"},{"taxonomy":"post_tag","embeddable":true,"href":"https:\/\/www.diarioimagen.net\/index.php?rest_route=%2Fwp%2Fv2%2Ftags&post=605615"}],"curies":[{"name":"wp","href":"https:\/\/api.w.org\/{rel}","templated":true}]}}