{"id":605646,"date":"2024-01-04T00:00:11","date_gmt":"2024-01-04T06:00:11","guid":{"rendered":"https:\/\/www.diarioimagen.net\/?p=605646"},"modified":"2024-01-04T22:52:33","modified_gmt":"2024-01-05T04:52:33","slug":"movilidad-ya-no-renovara-permisos-para-taxis-viejos","status":"publish","type":"post","link":"https:\/\/www.diarioimagen.net\/?p=605646","title":{"rendered":"Movilidad ya no renovar\u00e1 permisos para taxis viejos"},"content":{"rendered":"<h2>Derecho de r\u00e9plica<\/h2>\n<h5>Jos\u00e9 Luis Monta\u00f1ez<\/h5>\n<p>&nbsp;<\/p>\n<ul>\n<li><strong><em>Tampoco autorizar\u00e1 un aumento de sus tarifas<\/em><\/strong><\/li>\n<\/ul>\n<p>&nbsp;<\/p>\n<div id=\"attachment_605683\" style=\"width: 470px\" class=\"wp-caption aligncenter\"><a href=\"https:\/\/www.diarioimagen.net\/?attachment_id=605683\" rel=\"attachment wp-att-605683\"><img loading=\"lazy\" decoding=\"async\" aria-describedby=\"caption-attachment-605683\" class=\"size-full wp-image-605683\" src=\"https:\/\/www.diarioimagen.net\/wp-content\/uploads\/2024\/01\/Derecho-1.jpg\" alt=\"\" width=\"460\" height=\"270\" \/><\/a><p id=\"caption-attachment-605683\" class=\"wp-caption-text\">El Imoveqroo inform\u00f3 que los permisos de circulaci\u00f3n para taxis con modelos anteriores al a\u00f1o 2000 no podr\u00e1n ser renovados.<\/p><\/div>\n<p>&nbsp;<\/p>\n<p>El Instituto de Movilidad de Quintana Roo (Imoveqroo) inform\u00f3 que con las nuevas medidas implementadas este 2024, impactar\u00e1n el transporte p\u00fablico de Canc\u00fan, entre las decisiones m\u00e1s relevantes se encuentra la no renovaci\u00f3n de los permisos de circulaci\u00f3n para taxis con modelos anteriores al a\u00f1o 2000, con lo que se afectar\u00e1 a unas 3 mil unidades, es decir, al menos el 40% de los veh\u00edculos en circulaci\u00f3n.<\/p>\n<p>Argumentaron que el objetivo es retirar progresivamente los veh\u00edculos obsoletos de las calles y promover una actualizaci\u00f3n constante del parque automotor. \u201cLa medida no solo busca mejorar la eficiencia y seguridad del servicio de taxis, sino tambi\u00e9n contribuir al cuidado del medio ambiente, incentivando la adopci\u00f3n de veh\u00edculos m\u00e1s modernos\u201d revelaron.<\/p>\n<p>El Imoveqroo tambi\u00e9n ha comunicado que a pesar de las solicitudes de diversos sindicatos no se autorizar\u00e1 ning\u00fan aumento en las tarifas de los taxis durante los primeros meses del a\u00f1o, lo que representa un desaf\u00edo para el sector, ya que muchos esperaban ajustes.<\/p>\n<p>En este sentido, a pesar de que la solicitud de aumento fue presentada por el sindicato de Oth\u00f3n P. Blanco (Chetumal), a principios de diciembre, no ser\u00e1 considerar\u00e1 para este a\u00f1o, pues el Imoveqroo ha manifestado su compromiso de evaluar cuidadosamente cualquier propuesta de aumento en tarifas, que deber\u00e1 ser a la par de una mejor\u00eda en los servicios.<\/p>\n<p>Finalmente, el instituto hizo un llamado a la poblaci\u00f3n para denunciar cualquier intento de aumento no autorizado en las tarifas de taxis \u201creafirmamos nuestro su compromiso de garantizar un servicio de transporte p\u00fablico justo y accesible para todos los habitantes y visitantes de Canc\u00fan\u201d detallaron.<\/p>\n<p>Las tarifas permanecer\u00e1n sin cambios en el corto plazo, pero se seguir\u00e1 evaluando la posibilidad de ajustes en el futuro, concluyeron.<\/p>\n<p style=\"text-align: center;\"><strong>Unidades ya est\u00e1n muy da\u00f1adas <\/strong><\/p>\n<p>El Instituto de Movilidad de Quintana Roo (Imoveqroo) reconoci\u00f3 que la mayor\u00eda de multas aplicadas a los veh\u00edculos de transporte p\u00fablico fueron para taxis de Canc\u00fan, por el mal estado de las unidades y es que de las 33 sanciones aplicadas en el 2023, 14 fueron por tener los veh\u00edculos muy da\u00f1ados, ya sea a nivel estructural, por fallas al mantenimiento del motor, entre otras.<\/p>\n<p>Explicaron que los recorridos de inspecci\u00f3n de inspectores del Imoveqroo fueron la raz\u00f3n por la que se aplicaron las multas, en avenidas principales como la Yaxchil\u00e1n, la Tulum, la Coba, entre otras, sitios donde m\u00e1s se hallaron a los infractores.<\/p>\n<p>En 2023, los veh\u00edculos en mal estado tuvieron diversas fallas, como problemas para avanzar, interiores desgastados, puertas no se pod\u00edan abrir por fuera o era complicado cerrarlas, no ten\u00edan aire acondicionado o estaban llenas de polvo.<\/p>\n<p>Todo lo anterior fue la queja constante de los ciudadanos, por lo que tanto a las autoridades estatales como al sindicato de taxistas \u201cAndr\u00e9s Quintana Roo\u201d, solicitaron que los veh\u00edculos cumplan con una debida imagen y se apeguen a lo que marcan las tarifas oficiales, con el fin de satisfacer la necesidad de un transporte optimo al nivel de un destino tur\u00edstico como Canc\u00fan.<\/p>\n<p>Hay que destacar que el Reglamento de Transporte P\u00fablico de Pasajeros en Ruta Establecida y Vialidad del municipio de Benito Ju\u00e1rez, refiere que es obligaci\u00f3n de los concesionarios el tener las unidades en buen estado mec\u00e1nico, el\u00e9ctrico, y de pintura, con buena presentaci\u00f3n.<\/p>\n<p>Las sanciones por no conservar los veh\u00edculos en condiciones \u00f3ptimas pueden ser de 100 hasta 300 Unidades de Medida y Actualizaci\u00f3n (UMA).<\/p>\n<p>De acuerdo con datos del Imoveqroo, adem\u00e1s del mal estado de los taxis, estas unidades tuvieron reportes porque les falt\u00f3 la revista vehicular, el tarifario, tuvieron p\u00f3lizas o placas vencidas, sobrecupo u operaban fuera de ruta.<\/p>\n<p style=\"text-align: center;\"><strong>Avance de la hoteler\u00eda impulsa el turismo en el estado <\/strong><\/p>\n<p>Quintana Roo es uno de los destinos tur\u00edsticos por excelencia a nivel nacional, continental y mundial, no s\u00f3lo gracias a sus playas, sino a la gran cantidad de atracciones en materia cultural, deportiva y de aventura, entre otras que hacen del estado un lugar bastante llamativo para visitantes nacionales y extranjeros, quienes demandan cada vez m\u00e1s servicios, entre ellos el de hospedaje en sus diferentes formatos.<\/p>\n<p>Es por ello que el crecimiento hotelero es una gran ventaja para continuar con el fortalecimiento de este destino y es que para hacer frente a las rentas vacacionales, deben reinventarse y ofrecer mayores atractivos.<\/p>\n<p>A decir, del director de Desarrollo Econ\u00f3mico y Turismo de Isla Mujeres, Jos\u00e9 de Jes\u00fas Castillo Maga\u00f1a, para este 2024 se alista la apertura de m\u00e1s hoteles para Canc\u00fan e Isla Mujeres, donde se alcanzar\u00e1 una cartera de alrededor de 55 mil habitaciones.<\/p>\n<p>Se trata de tres mil habitaciones nuevas para este a\u00f1o en cuatro centros de hospedaje en construcci\u00f3n actualmente. \u201cLa isla tiene un crecimiento importante en conjunto con Costa Mujeres, que mantiene un importante n\u00famero de visitantes, por ello la apuesta que se tiene de seguir atrayendo nuevos centros de hospedaje, en el que siguen impulsados por la llegada de turismo de Estados Unidos y Canad\u00e1\u201d, declar\u00f3.<\/p>\n<p>Por su parte, la Secretar\u00eda de Turismo, inform\u00f3 este Pueblo M\u00e1gico va a contar con 67 hoteles, en los cuales habr\u00e1 disponibles ocho mil 521 habitaciones en Costa Mujeres y mil 413 en Isla Mujeres; mientras que en Canc\u00fan se anunciaron cuatro centros de hospedaje para este a\u00f1o, tres en la ciudad y uno m\u00e1s en la zona hotelera.<\/p>\n<p>Fue la presidenta de los hoteles del centro de la Asociaci\u00f3n de Hoteles de Canc\u00fan, Puerto Morelos e Isla Mujeres, Rebeca Bravo, quien adelant\u00f3 que ser\u00e1n tres aperturas para este 2024, dos de ellos en avenida Colosio y otro m\u00e1s en el centro. En tanto, en la zona hotelera se anunci\u00f3 que este a\u00f1o sumar\u00e1n m\u00e1s de mil 800 habitaciones para el proyecto de Hard Rock Hotel.<\/p>\n<p>En este sentido coment\u00f3: \u201cLa cadena City Express que estar\u00e1 rumbo al aeropuerto estar\u00e1 abriendo y otro m\u00e1s de grupo Kavia que estar\u00e1 junto al ADO del centro de la ciudad, Adem\u00e1s de uno que por la pandemia se detuvo de la cadena Holiday Inn estar\u00e1 retomando el centro ubicado en la avenida Colosio\u201d.<\/p>\n<p>En la zona hotelera de Canc\u00fan se alista la apertura del Hotel AVA de la marca RCD, que contar\u00e1 con mil 800 habitaciones y se espera que est\u00e9 listo para el \u00faltimo cuatrimestre de 2024, seg\u00fan adelant\u00f3 Jorge Contreras, encargado de la marca. \u201cSer\u00eda uno de los proyectos m\u00e1s ambiciosos y es un concepto para captar a turismo de lujo, aunque es familiar y que ser\u00eda uno de los m\u00e1s grandes que se tiene por parte de la marca a nivel mundial, por lo que esperan atraiga a turismo de todas partes del mundo\u201d, concluy\u00f3.<\/p>\n<p>Actualmente, Canc\u00fan cuenta con una oferta de 218 centros de hospedaje con 45 mil 575 habitaciones.<\/p>\n<p><em>Escr\u00edbame a mi mail: <a href=\"mailto:montanezaguilar@gmail.com\" target=\"_blank\" rel=\"noopener noreferrer\">montanezaguilar@gmail.com<\/a><\/em><\/p>\n","protected":false},"excerpt":{"rendered":"<p><span style=\"color: #005497;\"><strong>Jos\u00e9 Luis Monta\u00f1ez<\/strong><\/span><br \/>\n<br \/>\nEl Instituto de Movilidad de Quintana Roo (Imoveqroo) inform\u00f3 que con las nuevas medidas implementadas este 2024, impactar\u00e1n el transporte p\u00fablico de Canc\u00fan, entre las decisiones m\u00e1s relevantes se encuentra la no renovaci\u00f3n de los permisos de circulaci\u00f3n para taxis con modelos anteriores al a\u00f1o 2000, con lo que se afectar\u00e1 a unas 3 mil unidades, es decir, al menos el 40% de los veh\u00edculos en circulaci\u00f3n.<\/p>\n","protected":false},"author":3,"featured_media":605683,"comment_status":"open","ping_status":"open","sticky":false,"template":"","format":"standard","meta":{"_monsterinsights_skip_tracking":false,"_monsterinsights_sitenote_active":false,"_monsterinsights_sitenote_note":"","_monsterinsights_sitenote_category":0,"footnotes":""},"categories":[11622,25512],"tags":[47840,54579,43674],"class_list":["post-605646","post","type-post","status-publish","format-standard","has-post-thumbnail","hentry","category-jose-luis-montanez-aguilar","category-nacional-nacional","tag-derecho-de-replica","tag-jose-luis-montanez","tag-opinion"],"_links":{"self":[{"href":"https:\/\/www.diarioimagen.net\/index.php?rest_route=\/wp\/v2\/posts\/605646","targetHints":{"allow":["GET"]}}],"collection":[{"href":"https:\/\/www.diarioimagen.net\/index.php?rest_route=\/wp\/v2\/posts"}],"about":[{"href":"https:\/\/www.diarioimagen.net\/index.php?rest_route=\/wp\/v2\/types\/post"}],"author":[{"embeddable":true,"href":"https:\/\/www.diarioimagen.net\/index.php?rest_route=\/wp\/v2\/users\/3"}],"replies":[{"embeddable":true,"href":"https:\/\/www.diarioimagen.net\/index.php?rest_route=%2Fwp%2Fv2%2Fcomments&post=605646"}],"version-history":[{"count":0,"href":"https:\/\/www.diarioimagen.net\/index.php?rest_route=\/wp\/v2\/posts\/605646\/revisions"}],"wp:featuredmedia":[{"embeddable":true,"href":"https:\/\/www.diarioimagen.net\/index.php?rest_route=\/wp\/v2\/media\/605683"}],"wp:attachment":[{"href":"https:\/\/www.diarioimagen.net\/index.php?rest_route=%2Fwp%2Fv2%2Fmedia&parent=605646"}],"wp:term":[{"taxonomy":"category","embeddable":true,"href":"https:\/\/www.diarioimagen.net\/index.php?rest_route=%2Fwp%2Fv2%2Fcategories&post=605646"},{"taxonomy":"post_tag","embeddable":true,"href":"https:\/\/www.diarioimagen.net\/index.php?rest_route=%2Fwp%2Fv2%2Ftags&post=605646"}],"curies":[{"name":"wp","href":"https:\/\/api.w.org\/{rel}","templated":true}]}}