{"id":605753,"date":"2024-01-05T00:05:00","date_gmt":"2024-01-05T06:05:00","guid":{"rendered":"https:\/\/www.diarioimagen.net\/?p=605753"},"modified":"2024-01-07T23:51:30","modified_gmt":"2024-01-08T05:51:30","slug":"margarita-hernandez-flores-icono-del-deporte-en-la-uaemex","status":"publish","type":"post","link":"https:\/\/www.diarioimagen.net\/?p=605753","title":{"rendered":"Margarita Hern\u00e1ndez Flores, \u00edcono del deporte en la UAEM\u00e9x"},"content":{"rendered":"<p>&nbsp;<\/p>\n<div id=\"attachment_605825\" style=\"width: 470px\" class=\"wp-caption aligncenter\"><a href=\"https:\/\/www.diarioimagen.net\/?attachment_id=605825\" rel=\"attachment wp-att-605825\"><img loading=\"lazy\" decoding=\"async\" aria-describedby=\"caption-attachment-605825\" class=\"size-full wp-image-605825\" src=\"https:\/\/www.diarioimagen.net\/wp-content\/uploads\/2024\/01\/uaem-margarita.jpg\" alt=\"\" width=\"460\" height=\"270\" \/><\/a><p id=\"caption-attachment-605825\" class=\"wp-caption-text\">Por segunda ocasi\u00f3n, la deportista universitaria representar\u00e1 a nuestro pa\u00eds en unos Juegos Ol\u00edmpicos, en Paris 2024.<\/p><\/div>\n<p>&nbsp;<\/p>\n<p><strong>Toluca, Estado de M\u00e9xico.\u2013<\/strong> A los 19 a\u00f1os de edad, el atletismo sacudi\u00f3 la vida de Margarita Hern\u00e1ndez Flores, deportista de la Universidad Aut\u00f3noma del Estado de M\u00e9xico (UAEM\u00e9x) que por segunda ocasi\u00f3n representar\u00e1, en la prueba de marat\u00f3n, a nuestro pa\u00eds en unos Juegos Ol\u00edmpicos, en Paris 2024, y que en ese entonces ten\u00eda el sue\u00f1o de ser jueza en el Tribunal Superior de Justicia del Estado de M\u00e9xico.<\/p>\n<p>\u201cEse era mi sue\u00f1o cuando empec\u00e9 a estudiar Derecho y trabajaba en ello. Ah\u00ed hice mis pr\u00e1cticas profesionales, en el \u00e1rea de amparos, y estaba muy a gusto; sin embargo, el deporte dio un giro de 360 grados a mi vida\u201d, confes\u00f3 la originaria de San Andr\u00e9s Cuexcontitl\u00e1n, municipio de Toluca, Estado de M\u00e9xico.<\/p>\n<p>El pasado 3 de diciembre, el d\u00eda de su cumplea\u00f1os n\u00famero 38, Mago o Maguito, como la conoce la comunidad universitaria, consigui\u00f3 su clasificaci\u00f3n a Paris 2024, con un tiempo de 2:25.54 en el Marat\u00f3n de Valencia.<\/p>\n<p>Margarita Hern\u00e1ndez Flores se considera una amante del deporte. \u201cSi pudiera practicarlos todos, lo har\u00eda con mucho gusto\u201d, dijo. Tambi\u00e9n considera que es sumamente cumplida, ordenada y disciplinada.<\/p>\n<p>Es Licenciada en Derecho, Maestra en Gesti\u00f3n Organizacional, Especialista en G\u00e9nero, Violencia y Pol\u00edticas P\u00fablicas por la UAEM\u00e9x y maestrante en Ciencias Aplicadas al Deporte por la Universidad An\u00e1huac.<\/p>\n<p>Su tesis de licenciatura fue la base para el reconocimiento de la cultura f\u00edsica y el deporte universitario como un derecho en la Universidad Aut\u00f3noma del Estado de M\u00e9xico.<\/p>\n<p>Desde 2016 forma parte de la Direcci\u00f3n del Deporte Universitario de la UAEM\u00e9x, realizando trabajo administrativo, y apoya, en la parte t\u00e9cnica, al entrenador universitario de atletismo Jos\u00e9 Socorro Neri Valenzuela.<\/p>\n<p>En su infancia naci\u00f3 la pasi\u00f3n por el deporte<\/p>\n<p>Mago refiri\u00f3 que fue durante la ni\u00f1ez cuando naci\u00f3 su pasi\u00f3n por el deporte. \u201cMi infancia fue divertida, maravillosa, fant\u00e1stica. Viv\u00eda en una zona rural y ten\u00eda mucho campo para jugar y correr con mis hermanos, para andar en bicicleta, jugar a los ponchados, trepar \u00e1rboles y saltar la cuerda\u201d.<\/p>\n<p>Relat\u00f3 que en la primaria compet\u00eda en eventos de saltar la cuerda y en la secundaria se involucr\u00f3 con la pr\u00e1ctica del basquetbol, el f\u00fatbol y el voleibol. Todos los d\u00edas practicaba alg\u00fan deporte como parte de una necesidad f\u00edsica y emocional.<\/p>\n<p>\u201cEsas fueron mis bases y cuando me integr\u00e9 a la pr\u00e1ctica del atletismo me result\u00f3 muy f\u00e1cil, ya que adem\u00e1s siempre fui muy competitiva. Desarroll\u00e9 capacidades muy r\u00e1pido y no me cost\u00f3 trabajo adaptarme a la disciplina que me exigi\u00f3 la pr\u00e1ctica de este deporte\u201d, dijo.<\/p>\n<p>Desde que estudiaba la secundaria trabajaba y divid\u00eda sus tiempos entre el estudio y el trabajo. Trabaj\u00f3 en una zapater\u00eda, en una cafeter\u00eda y en una maquiladora de peluches, pegando ojitos a los ositos.<\/p>\n<p>Cuando ten\u00eda 19 a\u00f1os la invitaron a participar en una carrera organizada por el Gobierno del Estado de M\u00e9xico, en Valle de Bravo, y cuya inscripci\u00f3n era gratis. Record\u00f3 que a pesar de haber participado con unos tenis que no eran adecuados para correr, gan\u00f3 el primer lugar de su categor\u00eda y un premio en efectivo.<\/p>\n<p>Entonces, afirm\u00f3, empec\u00e9 a investigar sobre el sistema competitivo del atletismo y me di cuenta que podr\u00edan pagarme por hacer algo que me hab\u00eda gustado, as\u00ed que dej\u00e9 de trabajar y me puse a buscar entrenador.<\/p>\n<p>As\u00ed fue como lleg\u00f3 a la Universidad Aut\u00f3noma del Estado de M\u00e9xico, con el entrenador Jos\u00e9 Socorro Neri Valenzuela, con quien, por all\u00e1 de 2004, inici\u00f3 su preparaci\u00f3n en el atletismo.<\/p>\n<p style=\"text-align: center;\"><strong>De cepa verde y oro<\/strong><\/p>\n<p>A la UAEM\u00e9x lleg\u00f3 con la visi\u00f3n de ser deportista, pero nunca hab\u00eda competido en pista. La primera pista en la que corri\u00f3 fue en la del Estadio Universitario \u201cAlberto \u2018Chivo\u2019 C\u00f3rdoba\u201d. Pronto clasific\u00f3 a Universiada Nacional y luego vinieron muchas cosas para ella.<\/p>\n<p>\u201cInici\u00e9 mis estudios en la Licenciatura en Derecho, ya que para el profe Neri es muy importante que quienes entrenamos con \u00e9l tengamos una carrera, para tener una alternativa que nos permita enfrentar una lesi\u00f3n o cuando termine nuestra trayectoria en el deporte\u201d, sostuvo.<\/p>\n<p>A mi primera Universiada Nacional, abund\u00f3, me mandaron en avi\u00f3n y yo nunca me hab\u00eda subido a uno. Represent\u00e9 a la UAEM\u00e9x y a M\u00e9xico en varios eventos nacionales e internacionales y me gustaba mucho el ambiente. Entonces, dijo, me preguntaba c\u00f3mo es que el deporte, adem\u00e1s de salud, te puede dar tantas cosas.<\/p>\n<p>En 2010, a los 24 a\u00f1os de edad, Margarita decidi\u00f3 dar el salto al deporte de alto rendimiento y en 2011, cuando la UAEM\u00e9x fue sede de la Universiada Nacional y gan\u00f3 tres medallas de oro, en 5 mil metros, 10 mil metros y medio marat\u00f3n, consider\u00f3 oportuno iniciar la aventura, decisi\u00f3n que comunic\u00f3 a Neri Valenzuela e iniciaron la preparaci\u00f3n.<\/p>\n<p>Sin embargo, con Hugo Vald\u00e9s Mart\u00ednez, su esposo, deseaban ser padres, y a pesar de lo apretado de su calendario deportivo, en 2012 hizo una pausa para cumplir este sue\u00f1o. M\u00e1ximo, su hijo, naci\u00f3 en febrero de 2013 y en cuanto pudo, Margarita reanud\u00f3 su preparaci\u00f3n, que culmin\u00f3 con su clasificaci\u00f3n a los Juegos Ol\u00edmpicos de R\u00edo 2016.<\/p>\n<p>Antes, en 2014, compiti\u00f3 en los XXII Juegos Centroamericanos y del Caribe, que se realizaron en Veracruz, M\u00e9xico, donde logr\u00f3 el oro en el marat\u00f3n femenil e impuso record centroamericano. Luego, en 2015, compiti\u00f3 en los XVII Juegos Panamericanos, en Toronto, y en Houston, con un tiempo de 2:29, clasific\u00f3 a R\u00edo 2016.<\/p>\n<p>\u201cLa relaci\u00f3n con mi esposo, quien falleci\u00f3 en 2021, fue maravillosa y en el proceso de este ciclo ol\u00edmpico fue fundamental. \u00c9l atend\u00eda a M\u00e1ximo. Cuidaba mucho mi estabilidad emocional, mi salud f\u00edsica, mi alimentaci\u00f3n, mi descanso y siempre me dio libertad para hacer lo que quer\u00eda. Generalmente exagero la disciplina y \u00e9l era muy alegre y divertido. Eso equilibraba mucho nuestra relaci\u00f3n. Fue un ser humano incre\u00edble y maravilloso\u201d, manifest\u00f3.<\/p>\n<p>Despu\u00e9s de los Juegos Ol\u00edmpicos de R\u00edo, cont\u00f3, me lesion\u00e9 y, por supuesto, no es f\u00e1cil aceptarlo. Entonces es cuando cuenta mucho el apoyo de la familia y amigos. A mi regreso, clasifiqu\u00e9 a los Juegos Panamericanos de Lima 2019 y luego vino la ruptura de otro tend\u00f3n y otra operaci\u00f3n.<\/p>\n<p>En 2020, continu\u00f3, regres\u00e9 para buscar la marca para Juegos Ol\u00edmpicos e hice una muy buena preparaci\u00f3n, pero lleg\u00f3 la pandemia y una semana antes suspendieron el evento en el que buscar\u00eda la clasificaci\u00f3n para Tokio 2020. \u201cHab\u00edamos hecho una preparaci\u00f3n extraordinaria. Hab\u00edamos invertido mucho tiempo y dinero, pero ante lo inevitable, decid\u00ed dedicarme a mi hijo y a mi esposo\u201d, dijo.<\/p>\n<p>\u201cA finales de 2019 ya no hice campamento y entonces supe nuevamente lo que era una Navidad en familia. Los atletas de alto rendimiento sacrificamos muchas cosas.<\/p>\n<p>No sufres porque te gusta, pero eso no implica que no haya sacrificios. Castigamos mucho las relaciones humanas y familiares. Afortunadamente, mi familia se ajusta mucho a mis tiempos y me hacen mucho m\u00e1s llevadero el proceso deportivo\u201d, dijo.<\/p>\n<p>Disfruto lo que hago, indic\u00f3, pero cuando participas en un evento como los Juegos Ol\u00edmpicos s\u00ed llevas a todo el pa\u00eds a cuestas. En lo personal, considero que si existe un gran compromiso social y es entonces cuando las muestras de apoyo y cari\u00f1o suman.<\/p>\n<p>Ahora, la prioridad de Margarita Hern\u00e1ndez Flores son los Juegos Ol\u00edmpicos de Paris 2024, el pr\u00f3ximo mes de agosto, y luego de ello planea el retiro del deporte de alto rendimiento. \u201cEl deporte de alto rendimiento es muy exigente y tiene que terminar en alg\u00fan momento. Tengo 38 a\u00f1os y me siento con una gran capacidad f\u00edsica, pero me quiero retirar por la puerta grande, en Par\u00eds 2024. Seguir\u00e9 en la pr\u00e1ctica deportiva, seguir\u00e9 compitiendo, pero de manera m\u00e1s recreativa, sin tanta exigencia\u201d, asegur\u00f3.<\/p>\n<p>Despu\u00e9s de Par\u00eds, abund\u00f3, me gustar\u00eda continuar retribuyendo a mi universidad desde la parte administrativa, as\u00ed como dar clases en la Licenciatura en Cultura F\u00edsica y Deporte, en la materia de Derecho Deportivo. \u201cEsos son mis planes, pero quiz\u00e1 los resultados y mi cuerpo me pidan otro ciclo ol\u00edmpico\u201d, dijo.<\/p>\n<p>Finalmente, asever\u00f3 que no es f\u00e1cil y barato hacer un ciclo ol\u00edmpico. \u201cNo es f\u00e1cil llegar a unos Juegos Ol\u00edmpicos, dar una marca. Econ\u00f3micamente es mucha inversi\u00f3n. Afortunadamente, el apoyo de la UAEM\u00e9x siempre ha estado vigente.<\/p>\n<p>Estoy muy agradecida con la universidad porque me ha dado mucho de lo que soy. Me ha dado una profesi\u00f3n, un deporte, estabilidad emocional y econ\u00f3mica para poder tener una vida plena como profesionista, como deportista y en mi vida personal\u201d.<\/p>\n","protected":false},"excerpt":{"rendered":"<p>A los 19 a\u00f1os de edad, el atletismo sacudi\u00f3 la vida de Margarita Hern\u00e1ndez Flores, deportista de la Universidad Aut\u00f3noma del Estado de M\u00e9xico (UAEM\u00e9x) que por segunda ocasi\u00f3n representar\u00e1, en la prueba de marat\u00f3n, a nuestro pa\u00eds en unos Juegos Ol\u00edmpicos, en Paris 2024, y que en ese entonces ten\u00eda el sue\u00f1o de ser jueza en el Tribunal Superior de Justicia del Estado de M\u00e9xico.<\/p>\n","protected":false},"author":3,"featured_media":605825,"comment_status":"open","ping_status":"open","sticky":false,"template":"","format":"standard","meta":{"_monsterinsights_skip_tracking":false,"_monsterinsights_sitenote_active":false,"_monsterinsights_sitenote_note":"","_monsterinsights_sitenote_category":0,"footnotes":""},"categories":[5],"tags":[2565,67878],"class_list":["post-605753","post","type-post","status-publish","format-standard","has-post-thumbnail","hentry","category-estado-de-mexico","tag-juegos-olimpicos","tag-uaemex"],"_links":{"self":[{"href":"https:\/\/www.diarioimagen.net\/index.php?rest_route=\/wp\/v2\/posts\/605753","targetHints":{"allow":["GET"]}}],"collection":[{"href":"https:\/\/www.diarioimagen.net\/index.php?rest_route=\/wp\/v2\/posts"}],"about":[{"href":"https:\/\/www.diarioimagen.net\/index.php?rest_route=\/wp\/v2\/types\/post"}],"author":[{"embeddable":true,"href":"https:\/\/www.diarioimagen.net\/index.php?rest_route=\/wp\/v2\/users\/3"}],"replies":[{"embeddable":true,"href":"https:\/\/www.diarioimagen.net\/index.php?rest_route=%2Fwp%2Fv2%2Fcomments&post=605753"}],"version-history":[{"count":0,"href":"https:\/\/www.diarioimagen.net\/index.php?rest_route=\/wp\/v2\/posts\/605753\/revisions"}],"wp:featuredmedia":[{"embeddable":true,"href":"https:\/\/www.diarioimagen.net\/index.php?rest_route=\/wp\/v2\/media\/605825"}],"wp:attachment":[{"href":"https:\/\/www.diarioimagen.net\/index.php?rest_route=%2Fwp%2Fv2%2Fmedia&parent=605753"}],"wp:term":[{"taxonomy":"category","embeddable":true,"href":"https:\/\/www.diarioimagen.net\/index.php?rest_route=%2Fwp%2Fv2%2Fcategories&post=605753"},{"taxonomy":"post_tag","embeddable":true,"href":"https:\/\/www.diarioimagen.net\/index.php?rest_route=%2Fwp%2Fv2%2Ftags&post=605753"}],"curies":[{"name":"wp","href":"https:\/\/api.w.org\/{rel}","templated":true}]}}