{"id":605762,"date":"2024-01-05T00:02:51","date_gmt":"2024-01-05T06:02:51","guid":{"rendered":"https:\/\/www.diarioimagen.net\/?p=605762"},"modified":"2024-01-04T22:21:58","modified_gmt":"2024-01-05T04:21:58","slug":"quintana-roo-finalizo-2023-con-mas-de-20-millones-de-visitantes","status":"publish","type":"post","link":"https:\/\/www.diarioimagen.net\/?p=605762","title":{"rendered":"Quintana Roo finaliz\u00f3 2023 con m\u00e1s de 20 millones de visitantes"},"content":{"rendered":"<p>&nbsp;<\/p>\n<h2 style=\"text-align: center;\">Cifras r\u00e9cord en materia tur\u00edstica<\/h2>\n<p>&nbsp;<\/p>\n<ul>\n<li><strong><em>M\u00e1s de 32 millones de pasajeros se movilizaron por el Aeropuerto Internacional de Canc\u00fan<\/em><\/strong><\/li>\n<\/ul>\n<p><strong>\u00a0<\/strong><\/p>\n<div id=\"attachment_605763\" style=\"width: 470px\" class=\"wp-caption aligncenter\"><a href=\"https:\/\/www.diarioimagen.net\/?attachment_id=605763\" rel=\"attachment wp-att-605763\"><img loading=\"lazy\" decoding=\"async\" aria-describedby=\"caption-attachment-605763\" class=\"size-full wp-image-605763\" src=\"https:\/\/www.diarioimagen.net\/wp-content\/uploads\/2024\/01\/TURISTAS01.jpg\" alt=\"\" width=\"460\" height=\"270\" \/><\/a><p id=\"caption-attachment-605763\" class=\"wp-caption-text\">La ocupaci\u00f3n hotelera en Canc\u00fan se mantuvo por encima de los 80 puntos porcentuales durante todo diciembre, terminando los \u00faltimos d\u00edas del 2023 con 91.2 por ciento.<\/p><\/div>\n<p>&nbsp;<\/p>\n<p><strong>Chetumal.\u2014<\/strong> La Secretar\u00eda de Turismo estatal inform\u00f3 que Quintana Roo cerr\u00f3 el a\u00f1o 2023 con cifras r\u00e9cord en materia tur\u00edstica, rebasando los 20 millones de turistas que se ten\u00edan previstos para todo el Caribe mexicano, as\u00ed como los m\u00e1s de 32 millones de pasajeros que se movilizaron por el Aeropuerto Internacional de Canc\u00fan, es decir, que la recuperaci\u00f3n despu\u00e9s de la pandemia ya se ha consolidado.<\/p>\n<p>Bernardo Cueto Riestra, secretario de Turismo en el estado, declar\u00f3: \u201cS\u00ed las alcanzamos (las expectativas tur\u00edsticas). En el transcurso de la semana daremos a conocer la cifra, estamos recabando la informaci\u00f3n para tener la cifra oficial\u201d.<\/p>\n<p>En este marco, informaron que la ocupaci\u00f3n hotelera en Canc\u00fan se mantuvo por encima de los 80 puntos porcentuales durante todo diciembre, terminando los \u00faltimos d\u00edas del 2023 con 91.2 por ciento, impulsado principalmente por el turismo nacional y de Estados Unidos.<\/p>\n<p>Pablo de Zulueta Razo, titular de la Secretar\u00eda de Turismo en el municipio de Benito Ju\u00e1rez (Canc\u00fan), confirm\u00f3 el r\u00e9cord alcanzado de m\u00e1s de 32 millones de pasajeros movilizados en el Aeropuerto Internacional de esta ciudad, as\u00ed como el cierre de a\u00f1o con una ocupaci\u00f3n hotelera del 91.2 por ciento.<\/p>\n<p>\u201cSin duda, ha sido un gran a\u00f1o para Canc\u00fan, hemos tenido muchos eventos de alto nivel y seguiremos promoviendo el turismo deportivo, educativo, salud, cultural, social y sostenible como parte de la transformaci\u00f3n de Canc\u00fan y de Quintana Roo\u201d, asever\u00f3.<\/p>\n<p>No obstante, Aeropuertos del Sureste (Asur) adelant\u00f3 que se tendr\u00e1 una cifra oficial hasta dentro de una semana aproximadamente, cuando presenten el reporte mensual de tr\u00e1fico de pasajeros.<\/p>\n<p>Cabe mencionar que de manera anticipada se puede ver en los reportes diarios de operaciones a\u00e9reas, un importante movimiento, con m\u00e1s 600 operaciones durante todo diciembre y no menos de 540, con el pico m\u00e1s alto de todo el a\u00f1o el s\u00e1bado 30 de diciembre con 701 operaciones, de las cuales 356 fueron llegadas, 92 nacionales y 264 internacionales, as\u00ed como 345 salidas, con 86 vuelos nacionales y 259 internacionales. Quintana Roo cuenta con 130 mil habitaciones hoteleras, cifra que comenzar\u00e1 a incrementarse durante este 2024, puesto que son varios los proyectos hoteleros que se tienen a lo largo de todo el estado.<\/p>\n<p style=\"text-align: center;\"><strong>Crece contaminaci\u00f3n de las ANP<\/strong><\/p>\n<p>\u00a0Por otra parte, informaci\u00f3n del Instituto de Biodiversidad y \u00c1reas Naturales Protegidas de Quintana Roo (Ibanqroo) revela que existe una grave contaminaci\u00f3n por residuos s\u00f3lidos en las \u00c1reas Naturales Protegidas (ANP) en 2023, mucho mayor a la de 2022.<\/p>\n<p>Por ejemplo, en la Laguna Manat\u00ed se sacaron 6.47 toneladas de residuos y en el Sistema Lagunar Chacmo chuch se recolectaron mil 733 toneladas. Las cifras incluyen basura urbana como botellas de pl\u00e1stico, PET, cart\u00f3n, unicel, no reciclables, y restos org\u00e1nicos, as\u00ed como residuos de manejo especial, que son cacharros, escombro, llantas, cascajo, vidrios, entre otros.<\/p>\n<p>El 30% fueron residuos s\u00f3lidos urbanos, y el 70%, a residuos de manejo especial. Adem\u00e1s, en la Laguna Manat\u00ed tambi\u00e9n se sac\u00f3 flora ex\u00f3tica de su canal principal de agua, considerada como materia org\u00e1nica.<\/p>\n<p>En 2023 fueron retiradas 7.62 toneladas de peso h\u00famedo, mientras que en 2022 fueron cuatro. El Ibanqroo tambi\u00e9n report\u00f3 que en junio pasado se retir\u00f3 de las reservas la mayor cantidad de desechos en 12 meses.<\/p>\n<p>De la Laguna Manat\u00ed se extrajo el 72% de los residuos s\u00f3lidos y el 73% de la materia org\u00e1nica, mientras que en Chacmochuch se hizo lo mismo, con el 99% de los materiales.<\/p>\n<p>Cabe recordar que durante junio se activ\u00f3 el programa de Saneamiento Ambiental del Sistema Lagunar Chacmochuch 2023, con el cual se programaron hasta tres actividades por semana en coordinaci\u00f3n con autoridades municipales, estatales, federales y asociaciones civiles, adem\u00e1s de cientos de voluntarios.<\/p>\n<p>Del mismo modo, se reinstal\u00f3 un subconsejo ambiental para atender las problem\u00e1ticas en las ANP estatales en Benito Ju\u00e1rez (Canc\u00fan) e Isla Mujeres.<\/p>\n<p>Especialistas aseguran que la contaminaci\u00f3n en estas zonas es por la falta de seguridad, pues ciudadanos y empresas aprovechan para tirar volquetes con residuos; en este marco, el Ibanqroo y organizaciones civiles seguir\u00e1n con actividades cada mes de 2024, aunque Javier Carballar Osorio, director del Ibanqroo, ha dicho que la falta de vigilancia en las ANP estatales es uno de los pendientes a corregir.<\/p>\n","protected":false},"excerpt":{"rendered":"<p>La Secretar\u00eda de Turismo estatal inform\u00f3 que Quintana Roo cerr\u00f3 el a\u00f1o 2023 con cifras r\u00e9cord en materia tur\u00edstica, rebasando los 20 millones de turistas que se ten\u00edan previstos para todo el Caribe mexicano, as\u00ed como los m\u00e1s de 32 millones de pasajeros que se movilizaron por el Aeropuerto Internacional de Canc\u00fan, es decir, que la recuperaci\u00f3n despu\u00e9s de la pandemia ya se ha consolidado.<\/p>\n","protected":false},"author":3,"featured_media":605763,"comment_status":"open","ping_status":"open","sticky":false,"template":"","format":"standard","meta":{"_monsterinsights_skip_tracking":false,"_monsterinsights_sitenote_active":false,"_monsterinsights_sitenote_note":"","_monsterinsights_sitenote_category":0,"footnotes":""},"categories":[11],"tags":[17623,1250,43681],"class_list":["post-605762","post","type-post","status-publish","format-standard","has-post-thumbnail","hentry","category-turismo","tag-millones","tag-quintana-roo","tag-turismo"],"_links":{"self":[{"href":"https:\/\/www.diarioimagen.net\/index.php?rest_route=\/wp\/v2\/posts\/605762","targetHints":{"allow":["GET"]}}],"collection":[{"href":"https:\/\/www.diarioimagen.net\/index.php?rest_route=\/wp\/v2\/posts"}],"about":[{"href":"https:\/\/www.diarioimagen.net\/index.php?rest_route=\/wp\/v2\/types\/post"}],"author":[{"embeddable":true,"href":"https:\/\/www.diarioimagen.net\/index.php?rest_route=\/wp\/v2\/users\/3"}],"replies":[{"embeddable":true,"href":"https:\/\/www.diarioimagen.net\/index.php?rest_route=%2Fwp%2Fv2%2Fcomments&post=605762"}],"version-history":[{"count":0,"href":"https:\/\/www.diarioimagen.net\/index.php?rest_route=\/wp\/v2\/posts\/605762\/revisions"}],"wp:featuredmedia":[{"embeddable":true,"href":"https:\/\/www.diarioimagen.net\/index.php?rest_route=\/wp\/v2\/media\/605763"}],"wp:attachment":[{"href":"https:\/\/www.diarioimagen.net\/index.php?rest_route=%2Fwp%2Fv2%2Fmedia&parent=605762"}],"wp:term":[{"taxonomy":"category","embeddable":true,"href":"https:\/\/www.diarioimagen.net\/index.php?rest_route=%2Fwp%2Fv2%2Fcategories&post=605762"},{"taxonomy":"post_tag","embeddable":true,"href":"https:\/\/www.diarioimagen.net\/index.php?rest_route=%2Fwp%2Fv2%2Ftags&post=605762"}],"curies":[{"name":"wp","href":"https:\/\/api.w.org\/{rel}","templated":true}]}}