{"id":605766,"date":"2024-01-05T00:02:08","date_gmt":"2024-01-05T06:02:08","guid":{"rendered":"https:\/\/www.diarioimagen.net\/?p=605766"},"modified":"2024-01-05T01:19:24","modified_gmt":"2024-01-05T07:19:24","slug":"otorga-gobierno-de-huixquilucan-apoyos-a-familias-mas-vulnerables","status":"publish","type":"post","link":"https:\/\/www.diarioimagen.net\/?p=605766","title":{"rendered":"Otorga gobierno de Huixquilucan apoyos a familias m\u00e1s vulnerables"},"content":{"rendered":"<p>&nbsp;<\/p>\n<ul>\n<li><em><strong>Buenos resultados a la ciudadan\u00eda<\/strong><\/em><\/li>\n<\/ul>\n<p>&nbsp;<\/p>\n<div id=\"attachment_605862\" style=\"width: 470px\" class=\"wp-caption aligncenter\"><a href=\"https:\/\/www.diarioimagen.net\/?attachment_id=605862\" rel=\"attachment wp-att-605862\"><img loading=\"lazy\" decoding=\"async\" aria-describedby=\"caption-attachment-605862\" class=\"size-full wp-image-605862\" src=\"https:\/\/www.diarioimagen.net\/wp-content\/uploads\/2024\/01\/otorga-gobierno.jpg\" alt=\"\" width=\"460\" height=\"270\" \/><\/a><p id=\"caption-attachment-605862\" class=\"wp-caption-text\">La alcaldesa Romina Contreras Carrasco se\u00f1al\u00f3 que, en el cierre de 2023, el gobierno de Huixquilucan entreg\u00f3 excelentes resultados a la ciudadan\u00eda.<\/p><\/div>\n<p>&nbsp;<\/p>\n<p><strong>Huixquilucan, Estado de M\u00e9sxico.\u2014<\/strong> A fin de apoyar la econom\u00eda de las familias con mayor vulnerabilidad social de San Fernando, el gobierno de esta localidad otorg\u00f3 m\u00e1s de 2 mil apoyos funcionales y alimentarios a igual n\u00famero de personas que se dieron cita en el deportivo de esta comunidad.<\/p>\n<p>Acompa\u00f1ada del coordinador del Grupo Parlamentario del Partido Acci\u00f3n Nacional (PAN) en el Estado de M\u00e9xico, Enrique Vargas del Villar, la presidenta municipal, Romina Contreras Carrasco, se\u00f1al\u00f3 que, en el cierre del a\u00f1o 2023, el gobierno de Huixquilucan entreg\u00f3 excelentes resultados a la ciudadan\u00eda, lo cual es gracias a un manejo responsable y transparente de los recursos p\u00fablicos.<\/p>\n<p>Indic\u00f3 que, a pesar del cierre del 2023, su administraci\u00f3n continu\u00f3 entregando obra p\u00fablica y apoyos sociales por todo el territorio, con el objetivo de mejorar la calidad de vida de la gente y que los huixquiluquenses se sientan respaldados por su gobierno.<\/p>\n<p>Romina Contreras apunt\u00f3 que estos esfuerzos han permitido que Huixquilucan se mantenga en los primeros lugares a nivel nacional tantas veces, consolid\u00e1ndose como un referente en la forma de hacer gobierno a nivel nacional.<\/p>\n<p>Por su parte, el tambi\u00e9n diputado local, Enrique Vargas, resalt\u00f3 el trabajo que realiz\u00f3 el gobierno municipal durante el 2023, con la intenci\u00f3n de mejorar los servicios p\u00fablicos que se ofrecen a la ciudadan\u00eda, adem\u00e1s de las condiciones en que se encuentra Huixquilucan.<\/p>\n<p>Mencion\u00f3 que desde este municipio se seguir\u00e1 demostrando que cuenta con uno de los mejores gobiernos del pa\u00eds, por lo que exhort\u00f3 a la ciudadan\u00eda a continuar trabajando en unidad y en conjunto con la administraci\u00f3n encabezada por Romina Contreras, pues solo as\u00ed se mantendr\u00e1 por la v\u00eda del crecimiento y del desarrollo.<\/p>\n","protected":false},"excerpt":{"rendered":"<p>A fin de apoyar la econom\u00eda de las familias con mayor vulnerabilidad social de San Fernando, el gobierno de esta localidad otorg\u00f3 m\u00e1s de 2 mil apoyos funcionales y alimentarios a igual n\u00famero de personas que se dieron cita en el deportivo de esta comunidad.<\/p>\n","protected":false},"author":3,"featured_media":605862,"comment_status":"open","ping_status":"open","sticky":false,"template":"","format":"standard","meta":{"_monsterinsights_skip_tracking":false,"_monsterinsights_sitenote_active":false,"_monsterinsights_sitenote_note":"","_monsterinsights_sitenote_category":0,"footnotes":""},"categories":[5],"tags":[2701,99151,99152,1097],"class_list":["post-605766","post","type-post","status-publish","format-standard","has-post-thumbnail","hentry","category-estado-de-mexico","tag-apoyo","tag-estado-de-mesxico","tag-familias-vulnerables","tag-huixquilucan"],"_links":{"self":[{"href":"https:\/\/www.diarioimagen.net\/index.php?rest_route=\/wp\/v2\/posts\/605766","targetHints":{"allow":["GET"]}}],"collection":[{"href":"https:\/\/www.diarioimagen.net\/index.php?rest_route=\/wp\/v2\/posts"}],"about":[{"href":"https:\/\/www.diarioimagen.net\/index.php?rest_route=\/wp\/v2\/types\/post"}],"author":[{"embeddable":true,"href":"https:\/\/www.diarioimagen.net\/index.php?rest_route=\/wp\/v2\/users\/3"}],"replies":[{"embeddable":true,"href":"https:\/\/www.diarioimagen.net\/index.php?rest_route=%2Fwp%2Fv2%2Fcomments&post=605766"}],"version-history":[{"count":0,"href":"https:\/\/www.diarioimagen.net\/index.php?rest_route=\/wp\/v2\/posts\/605766\/revisions"}],"wp:featuredmedia":[{"embeddable":true,"href":"https:\/\/www.diarioimagen.net\/index.php?rest_route=\/wp\/v2\/media\/605862"}],"wp:attachment":[{"href":"https:\/\/www.diarioimagen.net\/index.php?rest_route=%2Fwp%2Fv2%2Fmedia&parent=605766"}],"wp:term":[{"taxonomy":"category","embeddable":true,"href":"https:\/\/www.diarioimagen.net\/index.php?rest_route=%2Fwp%2Fv2%2Fcategories&post=605766"},{"taxonomy":"post_tag","embeddable":true,"href":"https:\/\/www.diarioimagen.net\/index.php?rest_route=%2Fwp%2Fv2%2Ftags&post=605766"}],"curies":[{"name":"wp","href":"https:\/\/api.w.org\/{rel}","templated":true}]}}