{"id":605817,"date":"2024-01-05T00:01:47","date_gmt":"2024-01-05T06:01:47","guid":{"rendered":"https:\/\/www.diarioimagen.net\/?p=605817"},"modified":"2024-01-05T01:16:45","modified_gmt":"2024-01-05T07:16:45","slug":"baja-california-cierra-2023-con-derrama-economica-de-119-mil-millones-de-pesos","status":"publish","type":"post","link":"https:\/\/www.diarioimagen.net\/?p=605817","title":{"rendered":"Baja California cierra 2023 con derrama econ\u00f3mica de 119 mil millones de pesos"},"content":{"rendered":"<h2>De cinco estrellas<\/h2>\n<h5>Victoria Gonz\u00e1lez Prado<\/h5>\n<p>&nbsp;<\/p>\n<ul>\n<li><strong>Six Senses Ibiza<em> es parte de la lista de <\/em>The World\u2019s 50 Best Hotel Academy<\/strong><\/li>\n<li><strong><em>Puerto Vallarta recibir\u00e1 el crucero mundial 2026 de la naviera MSC Cruceros<\/em><\/strong><\/li>\n<\/ul>\n<p>&nbsp;<\/p>\n<div id=\"attachment_605845\" style=\"width: 470px\" class=\"wp-caption aligncenter\"><a href=\"https:\/\/www.diarioimagen.net\/?attachment_id=605845\" rel=\"attachment wp-att-605845\"><img loading=\"lazy\" decoding=\"async\" aria-describedby=\"caption-attachment-605845\" class=\"size-full wp-image-605845\" src=\"https:\/\/www.diarioimagen.net\/wp-content\/uploads\/2024\/01\/turismo-estrellas-1.jpg\" alt=\"\" width=\"460\" height=\"270\" \/><\/a><p id=\"caption-attachment-605845\" class=\"wp-caption-text\">Enrique Herrmann, Vivian Salazar, Miguel Agui\u0301n\u0303iga, Helen Puente y Sau\u0301l Ancona.<\/p><\/div>\n<p>&nbsp;<\/p>\n<p><strong>Miguel Agui\u00f1iga Rodr\u00edguez<\/strong>, secretario de Turismo de Baja California encabez\u00f3 la reuni\u00f3n de Fin de A\u00f1o, acompa\u00f1ado por <strong>Vivian Salazar<\/strong>, directora de Mercadotecnia; <strong>Sa\u00fal Ancona<\/strong>, director de Baja Center Centro de Convenciones; <strong>Enrique Herrmann<\/strong>, asesor en la Secretar\u00eda de Turismo y <strong>Helen Puente<\/strong>, representante de destino junto con <strong>Adriana de la Torre<\/strong>, <strong>Benjam\u00edn D\u00edaz<\/strong> y <strong>Paul Orizaga<\/strong>, directivos de Adnova Comunicaciones.<\/p>\n<p>As\u00ed, con cena maridaje al estilo Baja en el hotel <em>Sofitel<\/em> Ciudad de M\u00e9xico se dieron cita tour-operadores, colaboradores y prensa para degustar los platillos preparados por los chefs que desde Baja California llegaron a cocinar: <strong>Viviana Mart\u00ednez<\/strong>, <strong>Miguel Bahena<\/strong> y <strong>Marcelo Hisaki<\/strong>.<\/p>\n<p>Al hacer uso de la palabra <strong>Agui\u00f1iga Rodr\u00edguez<\/strong>, expres\u00f3 su reconocimiento a todos los ah\u00ed reunidos por su contribuci\u00f3n al \u00e9xito tur\u00edstico alcanzado por Baja California a lo largo del 2023 y, en representaci\u00f3n de <strong>Marina del Pilar \u00c1vila Olmedo<\/strong>, gobernadora de Baja California, transmiti\u00f3 un c\u00e1lido saludo y destac\u00f3 el esfuerzo y compromiso para mantener el rumbo de crecimiento tur\u00edstico en la regi\u00f3n.<\/p>\n<p>Asimismo, se\u00f1al\u00f3 que al cierre de 2023, Baja California registrar\u00e1 28 millones de turistas y 119 mil millones de pesos por derrama econ\u00f3mica adem\u00e1s de ubicarse como el tercer destino estatal de cruceros del pa\u00eds, acerc\u00e1ndose al mill\u00f3n de cruceristas.<\/p>\n<p>El titular de Turismo detall\u00f3 que Baja California se posiciona como el tercer destino estatal de cruceros, con m\u00e1s de 323 cruceros previstos para el cierre del a\u00f1o, acerc\u00e1ndose a una cifra r\u00e9cord cercana al mill\u00f3n de pasajeros estimados para el 27 de diciembre. Crecimiento notable, comparado con los 676 mil pasajeros del a\u00f1o 2022.<\/p>\n<p>Destac\u00f3 tambi\u00e9n el incremento en las operaciones a\u00e9reas, alcanzando m\u00e1s de 95 mil en el a\u00f1o y proyectando cerca de 14 millones de pasajeros en 2023. Baja California est\u00e1 consolid\u00e1ndose en el \u00e1mbito aeroportuario, compitiendo con ciudades como Monterrey y abri\u00e9ndose paso en el \u00e1mbito internacional, con el esperado vuelo directo desde Phoenix a Tijuana programado para febrero del 2024.<\/p>\n<p><strong>Miguel Agui\u00f1iga Rodr\u00edguez<\/strong> llam\u00f3 a seguir promoviendo y vendiendo Baja California como destino e invit\u00f3 a continuar trabajando juntos para atraer m\u00e1s visitantes pues asegur\u00f3: \u201cel estado a\u00fan tiene mucho por descubrir\u201d y extendi\u00f3 sus mejores deseos para las festividades decembrinas y el A\u00f1o Nuevo e hizo hincapi\u00e9 en el papel fundamental que desempe\u00f1an las familias de todos aquellos involucrados en la industria tur\u00edstica, reconociendo su dedicaci\u00f3n<\/p>\n<p>Antes de degustar el men\u00fa de seis tiempos, <strong>Agui\u00f1iga Rodr\u00edguez<\/strong> record\u00f3 que Baja California goza de buena econom\u00eda, es una entidad segura donde se come y se bebe delicioso y cuenta con diversidad culinaria, por estas razones, dos destinos del estado, Tijuana y Ensenada fueron seleccionados para ser evaluados por la Gu\u00eda Michelin en este 2024.<\/p>\n<p>Y como bien dijo <strong>Miguel Agui\u00f1iga<\/strong>, \u201cse come y se disfruta delicioso en Baja California\u201d, nos dispusimos a disfrutar de la exquisita cena preparada por los tres chefs quienes viajaron desde Baja California para deleitar nuestros paladares.<\/p>\n<p>El men\u00fa, no puedo omitirlo y para que se le antoje visitar Baja California, aqu\u00ed va: Osti\u00f3n al <em>grill <\/em>en mantequilla de chile morita y pan r\u00fastico con vino blanco, <em>Sauvignon blanc<\/em> con <em>Chardonnay,<\/em> Madera 5. Sashimi de at\u00fan aleta azul (ensalada de algas, salsa macha, jengibre <em>yuzu <\/em>y soya a\u00f1ejada), vino blanco <em>Chardonnay,<\/em> Cruz Blanco.<\/p>\n<p>Aguachile de pulpo frito en habanero confitado y vino rosado, <em>Grenache,<\/em> <em>Mogor Badan Arrebol. <\/em>Abul\u00f3n, salsa de tomatillo martajado, cilantro con vino tinto, <em>Tempranillo\/Syrah<\/em>, <em>Vinisterra<\/em> Pies de Tierra. Codorniz asada con mole coloradito y pl\u00e1tano frito con vino tinto, Tempranillo Cabernet, Casa de Piedra Vino de Piedra.<\/p>\n<p>Por \u00faltimo y para endulzar el paladar, flan <em>brul\u00e9e<\/em> de camote con frutos de oto\u00f1o con vino de postre Moscatel. Aborigen Moscatel.<\/p>\n<p>\u2730\u2730\u2730\u2730\u2730 En la presentaci\u00f3n de los premios a lo mejor de la hospitalidad que se llev\u00f3 a cabo en Guildhall, Londres, se dio a conocer que <em>Six Senses Ibiza<\/em> forma parte de la lista de <em>The World\u2019s 50 Best Hotel Academy,<\/em> grupo de 580 l\u00edderes de la industria hotelera que reconoce a los mejores exponentes y experiencias alrededor del mundo.<\/p>\n<p>El inmueble est\u00e1 ubicado en el extremo norte de Ibiza en Espa\u00f1a, en Cala Xarraca, y cuenta con lujosas opciones de hospedaje que se adaptan a los viajeros con esp\u00edritu libre o para quienes buscan vivencias \u00fanicas. Ofrece, dos exclusivas mansiones con piscinas privadas, ampl\u00edas \u00e1reas comunes y espacios al aire libre. Destaca por amenidades que ofrecen servicios como chef de villa o <em>concierge,<\/em> tratamientos de spa e impresionantes cuevas frente al mar.<\/p>\n<p>Con experiencias arraigadas en la cultura local que celebran la m\u00fasica, arte, moda sostenible y rituales enfocados en el bienestar, el inmueble se ha convertido en referente para las Islas Baleares.<\/p>\n<p>\u2730\u2730\u2730\u2730\u2730 Puerto Vallarta recibir\u00e1 en 2026 el crucero mundial de la naviera MSC Cruceros, que navegar\u00e1 36 mil millas n\u00e1uticas en cuatro meses y cruzar\u00e1 el ecuador dos veces, inform\u00f3 el Fideicomiso para la Promoci\u00f3n Tur\u00edstica del destino.<\/p>\n<p>El viaje iniciar\u00e1 en enero del 2026 en Barcelona ir\u00e1 a las costas de Cura\u00e7ao. Llegar\u00e1 al continente americano y visitar\u00e1 Colombia, Costa Rica y M\u00e9xico, donde los pasajeros experimentar\u00e1n la calidez de Puerto Vallarta el 31 de enero, fecha de desembarque.<\/p>\n<p><em>MSC World Cruise 2026<\/em> continuar\u00e1 su traves\u00eda por Tahit\u00ed, Samoa, Nueva Zelanda, Australia, Jap\u00f3n, Corea del Sur, Vietnam, Malasia, Dub\u00e1i, Egipto y Grecia, por mencionar algunos, visitando 32 diferentes pa\u00edses y 47 destinos durante 119 d\u00edas.<\/p>\n<p>El arribo a Puerto Vallarta ser\u00e1 referente nacional e internacional en la industria de cruceros. En noviembre de 2023 Vallarta recibi\u00f3 161 cruceros, 505 mil 670 pasajeros, 40 por ciento m\u00e1s respecto al mismo periodo de 2022, donde se registraron 357 mil 251 cruceristas.<\/p>\n<p>&nbsp;<\/p>\n<blockquote>\n<p style=\"text-align: right;\">\u201c<strong>El<\/strong> <strong>\u00e1ngel de la fama tiene sus alas hechas de papel&#8230; peri\u00f3dico\u201d.<br \/>\n<\/strong><\/p>\n<\/blockquote>\n<p>&nbsp;<\/p>\n<p><em><span class=\"Apple-converted-space\"><a href=\"mailto:victoriagprado@gmail.com\" target=\"_blank\" rel=\"noopener noreferrer\">victoriagprado@gmail.com<\/a><br \/>\nX: <a href=\"https:\/\/twitter.com\/victoriagprado\" target=\"_blank\" rel=\"noopener noreferrer\">@victoriagprado<\/a><\/span><\/em><\/p>\n","protected":false},"excerpt":{"rendered":"<p><strong>Miguel Agui\u00f1iga Rodr\u00edguez<\/strong>, secretario de Turismo de Baja California encabez\u00f3 la reuni\u00f3n de Fin de A\u00f1o, acompa\u00f1ado por <strong>Vivian Salazar<\/strong>, directora de Mercadotecnia; <strong>Sa\u00fal Ancona<\/strong>, director de Baja Center Centro de Convenciones; <strong>Enrique Herrmann<\/strong>, asesor en la Secretar\u00eda de Turismo y <strong>Helen Puente<\/strong>, representante de destino junto con <strong>Adriana de la Torre<\/strong>, <strong>Benjam\u00edn D\u00edaz<\/strong> y <strong>Paul Orizaga<\/strong>, directivos de Adnova Comunicaciones.<\/p>\n","protected":false},"author":3,"featured_media":605845,"comment_status":"open","ping_status":"open","sticky":false,"template":"","format":"standard","meta":{"_monsterinsights_skip_tracking":false,"_monsterinsights_sitenote_active":false,"_monsterinsights_sitenote_note":"","_monsterinsights_sitenote_category":0,"footnotes":""},"categories":[11],"tags":[107,43674,43681,106],"class_list":["post-605817","post","type-post","status-publish","format-standard","has-post-thumbnail","hentry","category-turismo","tag-de-cinco-estrellas","tag-opinion","tag-turismo","tag-victoria-gonzalez-prado"],"_links":{"self":[{"href":"https:\/\/www.diarioimagen.net\/index.php?rest_route=\/wp\/v2\/posts\/605817","targetHints":{"allow":["GET"]}}],"collection":[{"href":"https:\/\/www.diarioimagen.net\/index.php?rest_route=\/wp\/v2\/posts"}],"about":[{"href":"https:\/\/www.diarioimagen.net\/index.php?rest_route=\/wp\/v2\/types\/post"}],"author":[{"embeddable":true,"href":"https:\/\/www.diarioimagen.net\/index.php?rest_route=\/wp\/v2\/users\/3"}],"replies":[{"embeddable":true,"href":"https:\/\/www.diarioimagen.net\/index.php?rest_route=%2Fwp%2Fv2%2Fcomments&post=605817"}],"version-history":[{"count":0,"href":"https:\/\/www.diarioimagen.net\/index.php?rest_route=\/wp\/v2\/posts\/605817\/revisions"}],"wp:featuredmedia":[{"embeddable":true,"href":"https:\/\/www.diarioimagen.net\/index.php?rest_route=\/wp\/v2\/media\/605845"}],"wp:attachment":[{"href":"https:\/\/www.diarioimagen.net\/index.php?rest_route=%2Fwp%2Fv2%2Fmedia&parent=605817"}],"wp:term":[{"taxonomy":"category","embeddable":true,"href":"https:\/\/www.diarioimagen.net\/index.php?rest_route=%2Fwp%2Fv2%2Fcategories&post=605817"},{"taxonomy":"post_tag","embeddable":true,"href":"https:\/\/www.diarioimagen.net\/index.php?rest_route=%2Fwp%2Fv2%2Ftags&post=605817"}],"curies":[{"name":"wp","href":"https:\/\/api.w.org\/{rel}","templated":true}]}}