{"id":605928,"date":"2024-01-08T00:02:19","date_gmt":"2024-01-08T06:02:19","guid":{"rendered":"https:\/\/www.diarioimagen.net\/?p=605928"},"modified":"2024-01-08T00:56:28","modified_gmt":"2024-01-08T06:56:28","slug":"wenses-y-lala-un-encuentro-eterno-que-ha-conquistado-el-corazon-del-publico","status":"publish","type":"post","link":"https:\/\/www.diarioimagen.net\/?p=605928","title":{"rendered":"\u201cWenses y Lala\u201d, un encuentro eterno que ha conquistado el coraz\u00f3n del p\u00fablico"},"content":{"rendered":"<p>&nbsp;<\/p>\n<h2 style=\"text-align: center;\">Inicia el a\u00f1o con una corta temporada en La Teatrer\u00eda<\/h2>\n<p>&nbsp;<\/p>\n<ul>\n<li><strong><em>Una obra multipremiada y una direcci\u00f3n excepcional de teatro mexicano<\/em><\/strong><\/li>\n<li><strong><em>Est\u00e1 llamada a ser una obra obligada del teatro porque logra ser cada d\u00eda m\u00e1s actual<\/em><\/strong><\/li>\n<\/ul>\n<p>&nbsp;<\/p>\n<div id=\"attachment_605982\" style=\"width: 285px\" class=\"wp-caption alignleft\"><a href=\"https:\/\/www.diarioimagen.net\/?attachment_id=605982\" rel=\"attachment wp-att-605982\"><img loading=\"lazy\" decoding=\"async\" aria-describedby=\"caption-attachment-605982\" class=\"wp-image-605982\" src=\"https:\/\/www.diarioimagen.net\/wp-content\/uploads\/2024\/01\/wenses-1.jpg\" alt=\"\" width=\"275\" height=\"367\" \/><\/a><p id=\"caption-attachment-605982\" class=\"wp-caption-text\">La incorporaci\u00f3n de F\u00e1tima Molina interpretando a la entra\u00f1able Lala, es una oportunidad para ver esta historia con una personalidad diferente en el escenario interactuando con su contraparte Wenses, buscando matices nuevos.<\/p><\/div>\n<p>\u201cWenses y Lala\u201d, una producci\u00f3n de la compa\u00f1\u00eda Los Tristes Tigres, inicia el a\u00f1o con una temporada en La Teatrer\u00eda a partir del 13 de enero. Es una obra que se ha consagrado como una de las favoritas de la audiencia y la cr\u00edtica. Si hay una historia de amor que ha conmovido al teatro en M\u00e9xico, es la de Wenses y Lala, puesta en escena entra\u00f1able y divertida que hoy m\u00e1s que nunca se vuelve necesaria para recordarnos lo m\u00e1s valioso que se tiene: la vida.<\/p>\n<p>Adri\u00e1n V\u00e1zquez nos habla sobre esta obra que sigue coleccionando \u00e9xitos y taquillas agotadas: \u201cMe siento orgulloso de todo lo que ha crecido la obra, pero tambi\u00e9n observo desde un punto de vista humilde el trabajo que nos toca hacer funci\u00f3n con funci\u00f3n\u201d.<\/p>\n<p>La incorporaci\u00f3n de F\u00e1tima Molina interpretando a la entra\u00f1able Lala, es una oportunidad para ver esta historia con una personalidad diferente en el escenario interactuando con su contraparte Wenses, buscando matices nuevos.<\/p>\n<p>Todo aquel que ha visto la obra, a veces no s\u00f3lo una sino varias veces, la recomienda por ser un montaje lleno de talento, desde el texto hasta las maravillosas interpretaciones que conforman el elenco. Por eso, no es de extra\u00f1ar encontrarnos con frases como: \u201cWenses y Lala nos ense\u00f1a lo que en verdad es el amor\u201d, \u201cLlevar\u00e9 esta obra en mi coraz\u00f3n siempre\u201d, \u201cUn homenaje a los que se fueron\u201d, \u201cLa recuerdo y mis ojos se inundan de nuevo\u201d.<\/p>\n<p>Adri\u00e1n comenta lo siguiente: \u201cEs un privilegio y me resulta muy satisfactorio poder tener el cari\u00f1o del p\u00fablico que tal vez nos permita seguir present\u00e1ndonos incluso cuando lleguemos a la tercera edad. Es muy grato ver todo lo que nos ha dado esta obra, todo lo que ha crecido y nosotros con ella\u201d.<\/p>\n<p>La puesta en escena sucede en alg\u00fan lugar del norte de M\u00e9xico al que se le podr\u00eda poner nombre, pero en realidad es el reflejo de cualquier sitio golpeado por la violencia. A pesar de ello, la naturalidad de las escenas y la narraci\u00f3n invita por medio de la comedia a revivir los recuerdos m\u00e1s atesorados que la memoria puede conservar: la infancia y los juegos en la calle con los vecinos, el malvado perro que correteaba a todos de camino a la tiendita, los a\u00f1os de escuela, el primer amor, el beso inolvidable, el canto de mam\u00e1, las historias que cuenta la familia, una tarde en el campo, la tranquilidad de un r\u00edo; entre otros peque\u00f1os detalles que le dan sentido a la existencia. As\u00ed, entre risas y l\u00e1grimas, nos cuentan la historia de dos vidas llenas de alegr\u00edas, de dolor, de p\u00e9rdidas y abandono, de episodios sangrientos que les quitaron lo que m\u00e1s quieren, de las promesas que los mantienen siempre unidos, y lo hacen de tal forma, que los espectadores se mantienen siempre en una monta\u00f1a rusa de emociones, sensaciones, recuerdos y reflexiones.<\/p>\n<p>Es por lo que, desde que naci\u00f3 esta obra, en el a\u00f1o 2014, hasta la fecha, han cultivado expresiones que ya hacen eco en todos los espacios donde se hable del buen teatro: \u201chermosa\u201d, \u201cun referente de la escena mexicana\u201d, \u201cuna joya total\u201d, \u201cmaravillosa\u201d, \u201cconmovedora y entra\u00f1able\u201d \u2026<\/p>\n<p>Wenses y Lala cumplir\u00e1 una temporada de 13 de enero al 25 de febrero con funciones los s\u00e1bados a las 20 horas y los domingos a las 18:00 horas en la Teatrer\u00eda, ubicado en Tabasco 152 Colonia Roma Norte. Los boletos tienen un costo de $550 y se pueden obtener en la taquilla y en web.<\/p>\n<p>&nbsp;<\/p>\n<blockquote><p>Sigue las redes sociales de la compa\u00f1\u00eda para consultar m\u00e1s informaci\u00f3n:<\/p>\n<p>FB <strong>wensesylala<\/strong> |\u00a0 <strong>LosTristesTigresCompania<\/strong><\/p>\n<p>IG <strong>tristestigresc<\/strong> |<\/p>\n<p>TW: <strong>@tristestigres<\/strong><\/p><\/blockquote>\n","protected":false},"excerpt":{"rendered":"<p>\u201cWenses y Lala\u201d, una producci\u00f3n de la compa\u00f1\u00eda Los Tristes Tigres, inicia el a\u00f1o con una temporada en La Teatrer\u00eda a partir del 13 de enero. Es una obra que se ha consagrado como una de las favoritas de la audiencia y la cr\u00edtica. Si hay una historia de amor que ha conmovido al teatro en M\u00e9xico, es la de Wenses y Lala, puesta en escena entra\u00f1able y divertida que hoy m\u00e1s que nunca se vuelve necesaria para recordarnos lo m\u00e1s valioso que se tiene: la vida.<\/p>\n","protected":false},"author":3,"featured_media":605983,"comment_status":"open","ping_status":"open","sticky":false,"template":"","format":"standard","meta":{"_monsterinsights_skip_tracking":false,"_monsterinsights_sitenote_active":false,"_monsterinsights_sitenote_note":"","_monsterinsights_sitenote_category":0,"footnotes":""},"categories":[48033],"tags":[99163,99164,48658,666,86468],"class_list":["post-605928","post","type-post","status-publish","format-standard","has-post-thumbnail","hentry","category-teatro","tag-conquiistado","tag-conquistado","tag-la-teatreria","tag-teatro","tag-wenses-y-lala"],"_links":{"self":[{"href":"https:\/\/www.diarioimagen.net\/index.php?rest_route=\/wp\/v2\/posts\/605928","targetHints":{"allow":["GET"]}}],"collection":[{"href":"https:\/\/www.diarioimagen.net\/index.php?rest_route=\/wp\/v2\/posts"}],"about":[{"href":"https:\/\/www.diarioimagen.net\/index.php?rest_route=\/wp\/v2\/types\/post"}],"author":[{"embeddable":true,"href":"https:\/\/www.diarioimagen.net\/index.php?rest_route=\/wp\/v2\/users\/3"}],"replies":[{"embeddable":true,"href":"https:\/\/www.diarioimagen.net\/index.php?rest_route=%2Fwp%2Fv2%2Fcomments&post=605928"}],"version-history":[{"count":0,"href":"https:\/\/www.diarioimagen.net\/index.php?rest_route=\/wp\/v2\/posts\/605928\/revisions"}],"wp:featuredmedia":[{"embeddable":true,"href":"https:\/\/www.diarioimagen.net\/index.php?rest_route=\/wp\/v2\/media\/605983"}],"wp:attachment":[{"href":"https:\/\/www.diarioimagen.net\/index.php?rest_route=%2Fwp%2Fv2%2Fmedia&parent=605928"}],"wp:term":[{"taxonomy":"category","embeddable":true,"href":"https:\/\/www.diarioimagen.net\/index.php?rest_route=%2Fwp%2Fv2%2Fcategories&post=605928"},{"taxonomy":"post_tag","embeddable":true,"href":"https:\/\/www.diarioimagen.net\/index.php?rest_route=%2Fwp%2Fv2%2Ftags&post=605928"}],"curies":[{"name":"wp","href":"https:\/\/api.w.org\/{rel}","templated":true}]}}