{"id":605932,"date":"2024-01-08T00:00:20","date_gmt":"2024-01-08T06:00:20","guid":{"rendered":"https:\/\/www.diarioimagen.net\/?p=605932"},"modified":"2024-01-08T23:15:47","modified_gmt":"2024-01-09T05:15:47","slug":"riviera-maya-arranca-2024-con-ocupacion-de-90-por-ciento","status":"publish","type":"post","link":"https:\/\/www.diarioimagen.net\/?p=605932","title":{"rendered":"Riviera Maya arranca 2024 con ocupaci\u00f3n de 90 por ciento"},"content":{"rendered":"<h2>Derecho de r\u00e9plica<\/h2>\n<h5>Jos\u00e9 Luis Monta\u00f1ez<\/h5>\n<p>&nbsp;<\/p>\n<ul>\n<li><strong><em>Esperan mayor estabilidad econ\u00f3mica para los siguientes d\u00edas<\/em><\/strong><\/li>\n<\/ul>\n<p>&nbsp;<\/p>\n<div id=\"attachment_605945\" style=\"width: 470px\" class=\"wp-caption aligncenter\"><a href=\"https:\/\/www.diarioimagen.net\/?attachment_id=605945\" rel=\"attachment wp-att-605945\"><img loading=\"lazy\" decoding=\"async\" aria-describedby=\"caption-attachment-605945\" class=\"size-full wp-image-605945\" src=\"https:\/\/www.diarioimagen.net\/wp-content\/uploads\/2024\/01\/Derecho-2.jpg\" alt=\"\" width=\"460\" height=\"270\" \/><\/a><p id=\"caption-attachment-605945\" class=\"wp-caption-text\">La Riviera Maya arranc\u00f3 los primeros d\u00edas del a\u00f1o con un 90 por ciento de ocupaci\u00f3n.<\/p><\/div>\n<p>&nbsp;<\/p>\n<p>La Riviera Maya arranc\u00f3 los primeros d\u00edas del a\u00f1o con un 90 por ciento de ocupaci\u00f3n hotelera, esperando que para las siguientes fechas se mantenga en un n\u00famero aceptable.<\/p>\n<p>La secretaria de Turismo del municipio de Solidaridad, Samaria Angulo Sala, declar\u00f3 que esperan una estabilidad econ\u00f3mica para los siguientes d\u00edas, derivado de un fuerte flujo de turismo que huye del fr\u00edo en sus lugares de origen para disfrutar de las playas en Quintana Roo.<\/p>\n<p>\u201cSe cumplieron las expectativas, el fin de semana anterior llegamos al 90% de ocupaci\u00f3n. Tenemos el arribo al aeropuerto y ha sobrepasado las visitas del a\u00f1o pasado, desde el 30 de diciembre hubo cifras r\u00e9cords y todos vienen a la Riviera Maya, a Playa del Carmen\u201d, explic\u00f3.<\/p>\n<p>Asimismo, destaca que este arribo se debe en gran medida a la organizaci\u00f3n de eventos, como el conteo regresivo para recibir el a\u00f1o 2024, que se dio en el parque Fundadores, donde una gran parte de la poblaci\u00f3n estuvo presente. \u201cCon el evento que hubo de la cuenta regresiva, fue un evento de m\u00e1s de 15 mil personas. Creo que s\u00ed hemos cumplido las expectativas\u201d, dijo.<\/p>\n<p>Hasta la semana pasada, el alto flujo de turismo se ve en las playas de la ciudad, la Quinta Avenida y, en general, en toda la zona tur\u00edstica de Playa del Carmen, asever\u00f3 la funcionaria municipal.<\/p>\n<p style=\"text-align: center;\"><strong>Contin\u00faan las expropiaciones por el Tren Maya<\/strong><\/p>\n<p>Si bien, el Tren Maya ya fue inaugurado el mes pasado, su construcci\u00f3n en algunos puntos y estaciones siguen en proceso, por lo que, la Secretar\u00eda de Desarrollo Agrario, Territorial y Urbano (Sedatu) ha publicado dos decretos en el Diario Oficial de la Federaci\u00f3n (DOF) para la expropiaci\u00f3n de 22 hect\u00e1reas en Campeche y M\u00e9rida.<\/p>\n<p>El primero de ellos se refiere a un terreno de trece hect\u00e1reas, ochenta y cuatro \u00e1reas, cuarenta y tres centi\u00e1reas, en el ejido Dzununc\u00e1n, que se encuentra en el municipio de M\u00e9rida, Yucat\u00e1n, a favor de Fonatur Tren Maya, S.A. de C.V., para destinarla a la construcci\u00f3n de obras de infraestructura ferroviaria, operaci\u00f3n del Proyecto Tren Maya.<\/p>\n<p>En este caso, se indic\u00f3 que el monto total de indemnizaci\u00f3n asciende a los 14.7 millones de pesos, con base en el valor comercial de la superficie a expropiar, de acuerdo a lo publicado en DOF.<\/p>\n<p>Mientras tanto, el segundo decreto, es para un predio que se encuentra en el ejido de \u201cSan Juan Carpizo\u201d, municipio de Champot\u00f3n, en Campeche. Se trata de una superficie de nueve hect\u00e1reas, veinti\u00fan \u00e1reas, veintiocho centi\u00e1reas de temporal y agostadero; y el monto de indemnizaci\u00f3n es de 6.8 millones de pesos detallan en el documento.<\/p>\n<p>Cabe destacar que esta nueva expropiaci\u00f3n ocurre a menos de un mes de la inauguraci\u00f3n de la primera fase del Tren Maya, que inicialmente fue de Campeche a Canc\u00fan el 15 de diciembre, y otra que va de Canc\u00fan a Palenque, el 30 del mismo mes. Ahora bien, las obras est\u00e1n llev\u00e1ndose a cabo a marchas forzadas con el objetivo de que todo el proyecto ya quede funcional para febrero de este a\u00f1o<\/p>\n<p>Tanto en Campeche como en M\u00e9rida, los terrenos contaban con convenios de ocupaci\u00f3n previa, a t\u00edtulo gratuito con Fonatur Tren Maya, se\u00f1alaron.<\/p>\n<p>Hay que recordar que como esta expropiaci\u00f3n, han ocurrido muchas otras desde la puesta en marcha de las obras de este mega proyecto federal, una de ellas el 14 de noviembre, publicada en el Diario Oficial de la Federaci\u00f3n (DOF) en la que se expropia, por causa de utilidad p\u00fablica, la superficie de 750 mil 734. 660 metros cuadrados correspondientes a 90 terreros privados a favor de la Federaci\u00f3n, para la ejecuci\u00f3n de cinco tramos del Tren Maya.<\/p>\n<p>La expropiaci\u00f3n de los 90 terrenos incluy\u00f3 las construcciones e instalaciones que se encuentran en los bienes inmuebles y que formen parte de ellos y que la Secretar\u00eda de Desarrollo Agrario Territorial y Urbano proceder\u00e1 con la ocupaci\u00f3n inmediata de los bienes. En ese caso, los inmuebles se ubican en Chiapas, Tabasco, Quintana Roo, Campeche y Yucat\u00e1n.<\/p>\n<p>En cada expropiaci\u00f3n se ha aclarado que el Tren Maya es el proyecto m\u00e1s importante de infraestructura, desarrollo socioecon\u00f3mico y turismo del presente sexenio y tendr\u00e1 un recorrido de mil 526 kil\u00f3metros por los estados de Chiapas, Tabasco, Campeche, Yucat\u00e1n y Quintana Roo e interconectar\u00e1 las principales ciudades y sitios tur\u00edsticos de la pen\u00ednsula de Yucat\u00e1n.<\/p>\n<p style=\"text-align: center;\"><strong>Para largo, reparaci\u00f3n de carreteras da\u00f1adas por mega proyecto <\/strong><\/p>\n<p>Por otro lado, autoridades de Chetumal dieron a conocer que todas las afectaciones en materia de infraestructura da\u00f1ada a causa de las obras por el Tren Maya deber\u00e1n esperar a ser reparadas hasta que se ponga en marcha, al ciento por ciento, el mega proyecto<\/p>\n<p>Y es que, adem\u00e1s del puente peatonal derribado en agosto de 2023 en la comunidad de Nicol\u00e1s Bravo, la construcci\u00f3n del tramo 6 y 7 del Tren Maya ha ocasionado la afectaci\u00f3n de carreteras estatales y caminos rurales, dejando una mala imagen a estos puntos, pero sobre todo una senda de peligro para automovilistas y transe\u00fantes.<\/p>\n<p>En este sentido, Oscar Dzib Cocom, secretario general del ayuntamiento de Oth\u00f3n P. Blanco (Chetumal), inform\u00f3 que ser\u00e1n reparados hasta que termine el proyecto federal y sus operaciones est\u00e9n completamente en marcha.<\/p>\n<p>\u201cEl caso del puente peatonal de Nicol\u00e1s Bravo le corresponde a la Secretar\u00eda de Infraestructura, Comunicaciones y Transportes (SICT), as\u00ed como a la empresa contratada por la Secretar\u00eda de la Defensa Nacional (Sedena) su reparaci\u00f3n y mantenimiento\u201d, destac\u00f3<\/p>\n<p>Y adelanta: \u201cYa le dijimos a la alcaldesa de Nicol\u00e1s Bravo que debe realizar las gestiones ante la SICT y explicar la necesidad de contar con este paso peatonal por la seguridad de los habitantes\u201d.<\/p>\n<p>No obstante, Dzib Cocom reconoce que en estos momentos resulta sumamente complicado conseguir recursos de la Federaci\u00f3n para reparar calles y carreteras afectadas, pues como siguen las obras de construcci\u00f3n, podr\u00edan verse nuevamente da\u00f1adas, de modo que, en tanto no concluyan los trabajos de construcci\u00f3n del Tren Maya no se podr\u00e1n reparar.<\/p>\n<p>El secretario general del ayuntamiento destaca que las obras de construcci\u00f3n del Tren Maya han da\u00f1ado carreteras federales que le corresponde a la SICT atender, as\u00ed como carreteras estatales y municipales \u201cEn estos momentos no tenemos una valuaci\u00f3n a cu\u00e1nto ascienden los da\u00f1os en carreteras e infraestructura de comunidades y alcald\u00edas, pero la Sedena ha convenido a que una vez terminado los trabajos de construcci\u00f3n del Tren Maya van a resarcir los da\u00f1os ocasionados a carreteras y caminos\u201d, concluy\u00f3.<\/p>\n<p><em>Escr\u00edbame a mi mail: <a href=\"mailto:montanezaguilar@gmail.com\" target=\"_blank\" rel=\"noopener noreferrer\">montanezaguilar@gmail.com<\/a><\/em><\/p>\n","protected":false},"excerpt":{"rendered":"<p><span style=\"color: #005497;\"><strong>Jos\u00e9 Luis Monta\u00f1ez<\/strong><\/span><br \/>\n<br \/>\nLa gobernadora Mara Lezama Espinosa inform\u00f3 que el puente Nichupt\u00e9 en Canc\u00fan presenta un avance del casi 40 por ciento en su construcci\u00f3n y se pretende inaugurar en los primeros meses del 2024.<\/p>\n","protected":false},"author":3,"featured_media":605945,"comment_status":"open","ping_status":"open","sticky":false,"template":"","format":"standard","meta":{"_monsterinsights_skip_tracking":false,"_monsterinsights_sitenote_active":false,"_monsterinsights_sitenote_note":"","_monsterinsights_sitenote_category":0,"footnotes":""},"categories":[11622,25512],"tags":[47840,54579,43674],"class_list":["post-605932","post","type-post","status-publish","format-standard","has-post-thumbnail","hentry","category-jose-luis-montanez-aguilar","category-nacional-nacional","tag-derecho-de-replica","tag-jose-luis-montanez","tag-opinion"],"_links":{"self":[{"href":"https:\/\/www.diarioimagen.net\/index.php?rest_route=\/wp\/v2\/posts\/605932","targetHints":{"allow":["GET"]}}],"collection":[{"href":"https:\/\/www.diarioimagen.net\/index.php?rest_route=\/wp\/v2\/posts"}],"about":[{"href":"https:\/\/www.diarioimagen.net\/index.php?rest_route=\/wp\/v2\/types\/post"}],"author":[{"embeddable":true,"href":"https:\/\/www.diarioimagen.net\/index.php?rest_route=\/wp\/v2\/users\/3"}],"replies":[{"embeddable":true,"href":"https:\/\/www.diarioimagen.net\/index.php?rest_route=%2Fwp%2Fv2%2Fcomments&post=605932"}],"version-history":[{"count":0,"href":"https:\/\/www.diarioimagen.net\/index.php?rest_route=\/wp\/v2\/posts\/605932\/revisions"}],"wp:featuredmedia":[{"embeddable":true,"href":"https:\/\/www.diarioimagen.net\/index.php?rest_route=\/wp\/v2\/media\/605945"}],"wp:attachment":[{"href":"https:\/\/www.diarioimagen.net\/index.php?rest_route=%2Fwp%2Fv2%2Fmedia&parent=605932"}],"wp:term":[{"taxonomy":"category","embeddable":true,"href":"https:\/\/www.diarioimagen.net\/index.php?rest_route=%2Fwp%2Fv2%2Fcategories&post=605932"},{"taxonomy":"post_tag","embeddable":true,"href":"https:\/\/www.diarioimagen.net\/index.php?rest_route=%2Fwp%2Fv2%2Ftags&post=605932"}],"curies":[{"name":"wp","href":"https:\/\/api.w.org\/{rel}","templated":true}]}}