{"id":606031,"date":"2024-01-09T00:07:28","date_gmt":"2024-01-09T06:07:28","guid":{"rendered":"https:\/\/www.diarioimagen.net\/?p=606031"},"modified":"2024-01-10T01:56:04","modified_gmt":"2024-01-10T07:56:04","slug":"durante-2023-mexico-supero-los-100-millones-de-pasajeros-aereos-sectur","status":"publish","type":"post","link":"https:\/\/www.diarioimagen.net\/?p=606031","title":{"rendered":"Durante 2023, M\u00e9xico super\u00f3 los 100 millones de pasajeros a\u00e9reos: Sectur"},"content":{"rendered":"<p><em>\u00a0<\/em><\/p>\n<ul>\n<li><strong><em>Casi 50 millones fueron internacionales y m\u00e1s de 58 millones, nacionales<\/em><\/strong><\/li>\n<\/ul>\n<p>&nbsp;<\/p>\n<div id=\"attachment_606083\" style=\"width: 470px\" class=\"wp-caption aligncenter\"><a href=\"https:\/\/www.diarioimagen.net\/?attachment_id=606083\" rel=\"attachment wp-att-606083\"><img loading=\"lazy\" decoding=\"async\" aria-describedby=\"caption-attachment-606083\" class=\"size-full wp-image-606083\" src=\"https:\/\/www.diarioimagen.net\/wp-content\/uploads\/2024\/01\/PASAJEROS-AEREOS.jpg\" alt=\"\" width=\"460\" height=\"270\" \/><\/a><p id=\"caption-attachment-606083\" class=\"wp-caption-text\">M\u00e9xico sum\u00f3 108 millones de pasajeros a\u00e9reos, de enero a noviembre de 2023, inform\u00f3 la Secretar\u00eda de Turismo federal.<\/p><\/div>\n<p>&nbsp;<\/p>\n<p>De enero a noviembre de 2023 ascendi\u00f3 a 108 millones el n\u00famero de pasajeros en vuelos mexicanos e internacionales, inform\u00f3 la Secretar\u00eda de Turismo federal (Sectur). De ese total, 49.73 millones de pasajeros fueron internacionales y 58.27 millones fueron nacionales, cifra que es 12.6 por ciento mayor con respecto a lo reportado en el mismo lapso de 2022, y que tambi\u00e9n supera en 19.1 por ciento los 48 millones 942 mil pasajeros que hubo en el acumulado de los once meses de 2019, el a\u00f1o previo a la pandemia.<\/p>\n<p>Los 49.73 millones de pasajeros de vuelos internacionales son un 9.9% superior al periodo enero-noviembre de 2022, mientras que los 58.27 millones de vuelos en M\u00e9xico son un 12.6%.<\/p>\n<p>La dependencia federal se\u00f1al\u00f3 que en ese periodo las principales aerol\u00edneas mexicanas que transportaron m\u00e1s pasajeros en vuelos internacionales fueron Aerom\u00e9xico y Volaris, que reportaron 11 millones de pasajeros, un incremento del 17.5% comparado con el mismo periodo de 2022.<\/p>\n<p>Adem\u00e1s, se apunt\u00f3 que las aerol\u00edneas estadounidenses que registraron el mayor flujo de pasajeros en el periodo fueron American Airlines y United Airlines, que en conjunto transportaron 11.66 millones de pasajeros, superando en 1.2% los pasajeros del mismo periodo de 2022.<\/p>\n<p>En cuanto a los pasajeros transportados en vuelos internacionales, la regi\u00f3n de Am\u00e9rica del Norte concentra una cuota del 84.2% del total, de los cuales del mercado estadounidense se transportaron 24.44 millones de pasajeros, con un incremento de 4% con respecto a enero-noviembre 2022.<\/p>\n<p>En tanto que, 13.84 millones de pasajeros corresponden a vuelos internacionales en aerol\u00edneas mexicanas, esto es un 15.2% m\u00e1s que en los primeros 11 meses de 2022, adem\u00e1s de 3.6 millones de pasajeros en vuelos de Canad\u00e1, que representan un aumento del 67.7% comparado con lo transportado en enero-noviembre de 2022.<\/p>\n<p>La Sectur subray\u00f3 que, en el citado periodo, el mercado europeo tuvo un incremento del 2.9%, con 3.72 millones de pasajeros transportados a M\u00e9xico; de Centro y Suram\u00e9rica el incremento fue del 2.9% al reportar 3.83 millones, mientras que Asia creci\u00f3 un 24.1%, con 287,285 pasajeros, comparados con las llegadas entre enero y noviembre de 2022.<\/p>\n<p>En cuanto a vuelos nacionales, las aerol\u00edneas que presentaron mayor actividad fueron Volaris y Viva Aerobus, que transportaron en conjunto 41.58 millones de pasajeros, superando en 12.6% lo registrado en el mismo periodo de 2022.<\/p>\n","protected":false},"excerpt":{"rendered":"<p>De enero a noviembre de 2023 ascendi\u00f3 a 108 millones el n\u00famero de pasajeros en vuelos mexicanos e internacionales, inform\u00f3 la Secretar\u00eda de Turismo federal (Sectur). De ese total, 49.73 millones de pasajeros fueron internacionales y 58.27 millones fueron nacionales, cifra que es 12.6 por ciento mayor con respecto a lo reportado en el mismo lapso de 2022, y que tambi\u00e9n supera en 19.1 por ciento los 48 millones 942 mil pasajeros que hubo en el acumulado de los once meses de 2019, el a\u00f1o previo a la pandemia.<\/p>\n","protected":false},"author":3,"featured_media":606083,"comment_status":"open","ping_status":"open","sticky":false,"template":"","format":"standard","meta":{"_monsterinsights_skip_tracking":false,"_monsterinsights_sitenote_active":false,"_monsterinsights_sitenote_note":"","_monsterinsights_sitenote_category":0,"footnotes":""},"categories":[17,11],"tags":[99165,46364,2865],"class_list":["post-606031","post","type-post","status-publish","format-standard","has-post-thumbnail","hentry","category-especiales","category-turismo","tag-aereos","tag-pasajeros","tag-sectur"],"_links":{"self":[{"href":"https:\/\/www.diarioimagen.net\/index.php?rest_route=\/wp\/v2\/posts\/606031","targetHints":{"allow":["GET"]}}],"collection":[{"href":"https:\/\/www.diarioimagen.net\/index.php?rest_route=\/wp\/v2\/posts"}],"about":[{"href":"https:\/\/www.diarioimagen.net\/index.php?rest_route=\/wp\/v2\/types\/post"}],"author":[{"embeddable":true,"href":"https:\/\/www.diarioimagen.net\/index.php?rest_route=\/wp\/v2\/users\/3"}],"replies":[{"embeddable":true,"href":"https:\/\/www.diarioimagen.net\/index.php?rest_route=%2Fwp%2Fv2%2Fcomments&post=606031"}],"version-history":[{"count":0,"href":"https:\/\/www.diarioimagen.net\/index.php?rest_route=\/wp\/v2\/posts\/606031\/revisions"}],"wp:featuredmedia":[{"embeddable":true,"href":"https:\/\/www.diarioimagen.net\/index.php?rest_route=\/wp\/v2\/media\/606083"}],"wp:attachment":[{"href":"https:\/\/www.diarioimagen.net\/index.php?rest_route=%2Fwp%2Fv2%2Fmedia&parent=606031"}],"wp:term":[{"taxonomy":"category","embeddable":true,"href":"https:\/\/www.diarioimagen.net\/index.php?rest_route=%2Fwp%2Fv2%2Fcategories&post=606031"},{"taxonomy":"post_tag","embeddable":true,"href":"https:\/\/www.diarioimagen.net\/index.php?rest_route=%2Fwp%2Fv2%2Ftags&post=606031"}],"curies":[{"name":"wp","href":"https:\/\/api.w.org\/{rel}","templated":true}]}}