{"id":606200,"date":"2024-01-10T00:00:58","date_gmt":"2024-01-10T06:00:58","guid":{"rendered":"https:\/\/www.diarioimagen.net\/?p=606200"},"modified":"2024-01-10T22:31:54","modified_gmt":"2024-01-11T04:31:54","slug":"crece-la-ventaja-de-sheinbaum-sobre-xochitl-galvez-rumbo-a-la-presidencia","status":"publish","type":"post","link":"https:\/\/www.diarioimagen.net\/?p=606200","title":{"rendered":"Crece la ventaja de Sheinbaum sobre X\u00f3chitl G\u00e1lvez, rumbo a la Presidencia"},"content":{"rendered":"<h2>Derecho de r\u00e9plica<\/h2>\n<h5>Jos\u00e9 Luis Monta\u00f1ez<\/h5>\n<p>&nbsp;<\/p>\n<ul>\n<li><strong><em>La diferencia entre la morenista y la panista supera los 22 puntos<\/em><\/strong><\/li>\n<\/ul>\n<p>&nbsp;<\/p>\n<div id=\"attachment_606276\" style=\"width: 470px\" class=\"wp-caption aligncenter\"><a href=\"https:\/\/www.diarioimagen.net\/?attachment_id=606276\" rel=\"attachment wp-att-606276\"><img loading=\"lazy\" decoding=\"async\" aria-describedby=\"caption-attachment-606276\" class=\"size-full wp-image-606276\" src=\"https:\/\/www.diarioimagen.net\/wp-content\/uploads\/2024\/01\/derecho-2.jpg\" alt=\"\" width=\"460\" height=\"308\" \/><\/a><p id=\"caption-attachment-606276\" class=\"wp-caption-text\">Claudia Sheinbaum Pardo ampli\u00f3 su ventaja a m\u00e1s de 22 puntos porcentuales frente a la precandidata del frente opositor, X\u00f3chitl G\u00e1lvez Ruiz.<\/p><\/div>\n<p>&nbsp;<\/p>\n<p>En la carrera por la Presidencia de la Rep\u00fablica, la morenista Claudia Sheinbaum Pardo ampli\u00f3 su ventaja a m\u00e1s de 22 puntos porcentuales frente a la precandidata del frente opositor, X\u00f3chitl G\u00e1lvez Ruiz, de acuerdo a resultados de varias encuestas.<\/p>\n<p>La representante de la coalici\u00f3n Juntos Hacemos Historia tiene 52% de las preferencias ante el 30% de la abandera de la alianza Frente y Coraz\u00f3n por M\u00e9xico con un estudio demosc\u00f3pico de <em>El Financiero<\/em>, en un sondeo realizado a finales del a\u00f1o pasado.<\/p>\n<p>En otra encuesta, de Citibanamex, Sheinbaum Pardo tiene una aceptaci\u00f3n de 46% sobre 24% de G\u00e1lvez Ruiz, una ventaja tambi\u00e9n de 22 puntos.<\/p>\n<p>La encuesta de Covarrubias y Asociados, que publica <em>El Heraldo<\/em>, revela que el 55 por ciento de participantes tiene la intenci\u00f3n de votar por la ex jefa de Gobierno de la Ciudad de M\u00e9xico, en tanto, G\u00e1lvez Ruiz obtuvo un 22 por ciento, una diferencia de 33 puntos porcentuales.<\/p>\n<p>El sondeo de MetricsMX ubica a Sheinbaum con un 67.5% y a X\u00f3chitl con un 32.5%, una diferencia de 34.5, mientras que Tresearch International le da un 60.5% contra el 33.4% de la abanderada de la oposici\u00f3n. Un estudio de Grupo Impacto (Gii360) coloca a la aspirante de Morena en la delantera con 59% y a la panista en un 16%.<\/p>\n<p>Estos estudios de opini\u00f3n se publican a cinco meses de la elecci\u00f3n presidencial de M\u00e9xico, el 2 de junio, cuando 97 millones de personas est\u00e1n llamados a votar por 20,375 cargos federales, incluyendo la Presidencia de la Rep\u00fablica, los 500 esca\u00f1os de la C\u00e1mara de Diputados y los 128 del Senado, as\u00ed como nueve gobernadores.<\/p>\n<p style=\"text-align: center;\"><strong>37 mil nuevos empleos en Quintana Roo<\/strong><\/p>\n<p>Durante 2023, Quintana Roo report\u00f3 37 mil nuevos empleos, logrando un hist\u00f3rico n\u00famero de 505 mil plazas laborales formales en toda la entidad, coloc\u00e1ndose dentro de los primeros lugares de creaci\u00f3n de puestos en los \u00faltimos 12 meses.<\/p>\n<p>El Instituto Mexicano del Seguro Social (IMSS) report\u00f3 que el a\u00f1o pasado la entidad report\u00f3 un nuevo r\u00e9cord al tener m\u00e1s de 500 mil trabajadores inscritos, principalmente en el sector de servicios, muy a pesar de que el d\u00e9ficit de trabajadores es a\u00fan del 10 por ciento y no ha podido cubrirse hasta la actualidad.<\/p>\n<p>Durante enero de 2023 la cifra fue de 479 mil trabajadores, es decir, un incremento de 11 mil plazas respecto al cierre de 2022; posteriormente en junio se report\u00f3 que Quintana Roo super\u00f3 los 500 mil empleos formales, marcando un nuevo r\u00e9cord, sobre todo con la llegada de m\u00e1s hoteles y proyectos de infraestructura federal.<\/p>\n<p>De tal manera que un buen n\u00famero de trabajadores se colocaron en el sector de la construcci\u00f3n en obras como el Tren Maya, el bulevar Colosio, as\u00ed como el Aeropuerto de Tulum, que ya se encuentran en operaciones.<\/p>\n<p>El director general de ManpowerGroup para M\u00e9xico, Caribe y Centroam\u00e9rica, Alberto Alesi, declar\u00f3 que el empleo formal bati\u00f3 r\u00e9cords, esto pese a que en el \u00faltimo mes se report\u00f3 una baja, lo cual calific\u00f3 como algo normal en esta \u00e9poca del a\u00f1o.<\/p>\n<p>En Quintana Roo se report\u00f3 una baja de 14 mil 600 plazas. \u201cLas bajas de diciembre obedecen a un tema c\u00edclico, el cierre de plantas de producci\u00f3n, el t\u00e9rmino de trabajos en obras temporales, cierres productivos y ventas de temporada, relacionadas con sectores como manufactura, comercio y servicios\u201d, aclar\u00f3 y dijo que entre enero y marzo de este 2024 se espera a creaci\u00f3n de nuevas oportunidades de trabajo en la formalidad.<\/p>\n<p>Dentro de la \u00faltima edici\u00f3n de la Encuesta de Expectativas de Empleo de ManpowerGroup M\u00e9xico, se dijo que el 48% de las empresas reportaron intenciones de ampliar su plantilla de trabajadores en el periodo referido y a decir, del director de esta empresa, los sectores que presentan las tendencias m\u00e1s altas de contrataci\u00f3n son Ciencias de la Vida y la Salud; Tecnolog\u00edas de la Informaci\u00f3n; Transporte, Log\u00edstica y Automotriz; y Manufactura, entre otros.<\/p>\n<p style=\"text-align: center;\"><strong>Verificar\u00e1n aumento salarial<\/strong><\/p>\n<p>La Secretar\u00eda del Trabajo y Previsi\u00f3n Social (STyPS) dio a conocer que a partir de febrero van a comenzar con las revisiones de aumentos salariales en las empresas, y es que al menos 350 mil trabajadores en Quintana Roo ya deben contar con el aumento de 20% en la primera quincena del mes.<\/p>\n<p>La titular de la dependencia, Flor Ruiz Cos\u00edo, explic\u00f3 que las empresas deben hacer el incremento y para identificar el cumplimiento esperar\u00e1n el pago de las dos primeras quincenas del a\u00f1o, para luego iniciar las verificaciones.<\/p>\n<p>En este sentido, coment\u00f3: \u201cHay cerca de 500 mil asegurados en el IMSS, de estos 340 mil est\u00e1n con uno o dos salarios m\u00ednimos y que son el sector que estar\u00e1 beneficiado de manera directa, aunque los sindicatos en las negociaciones de los contratar\u00eda colectivos se hacen acciones para incrementar los salarios\u201d.<\/p>\n<p>Cabe destacar que la mayor\u00eda de los colaboradores en la entidad cobran quincenalmente, de modo que para el 15 de enero deber\u00e1 verse reflejado el aumento salarial y de no ser as\u00ed, se inst\u00f3 a los trabajadores a que puedan acercarse a la Procuradur\u00eda de la Defensa del Trabajo o a la Direcci\u00f3n de Inspecci\u00f3n para realizar su denuncia y recibir el apoyo.<\/p>\n<p>Actualmente, Quintana Roo reporta un salario promedio de 534. 87 pesos, y se trabaja con la iniciativa privada para verificar que cada a\u00f1o se tengan salarios m\u00e1s competitivos; pues de acuerdo con la Comisi\u00f3n Nacional de Salarios M\u00ednimos para este 2024, el salario m\u00ednimo general pasa de 207.44 a 248.93 pesos diarios; lo que representa un incremento de 20%, tambi\u00e9n en los m\u00ednimos profesionales<\/p>\n<p>Ruiz Cos\u00edo destac\u00f3 que \u201chay que reconocer que durante este sexenio hemos tenido alzas importantes al salario de 110%, pasamos en 2018 de dos mil 650 hasta alcanzar este 2024 con siete mil 468 pesos mensuales\u201d.<\/p>\n<p>Finalmente, se indic\u00f3 que para verificar el cumplimiento de las empresas, los sindicatos ya est\u00e1n tambi\u00e9n en las revisiones de contratos colectivos, de este modo se pueden garantizar los incrementos en favor de 90 mil colaboradores m\u00ednimo en el estado.<\/p>\n<p><em>Escr\u00edbame a mi mail: <a href=\"mailto:montanezaguilar@gmail.com\" target=\"_blank\" rel=\"noopener noreferrer\">montanezaguilar@gmail.com<\/a><\/em><\/p>\n","protected":false},"excerpt":{"rendered":"<p><span style=\"color: #005497;\"><strong>Jos\u00e9 Luis Monta\u00f1ez<\/strong><\/span><br \/>\n<br \/>\nEn la carrera por la Presidencia de la Rep\u00fablica, la morenista Claudia Sheinbaum Pardo ampli\u00f3 su ventaja a m\u00e1s de 22 puntos porcentuales frente a la precandidata del frente opositor, X\u00f3chitl G\u00e1lvez Ruiz, de acuerdo a resultados de varias encuestas.<\/p>\n","protected":false},"author":3,"featured_media":606277,"comment_status":"open","ping_status":"open","sticky":false,"template":"","format":"standard","meta":{"_monsterinsights_skip_tracking":false,"_monsterinsights_sitenote_active":false,"_monsterinsights_sitenote_note":"","_monsterinsights_sitenote_category":0,"footnotes":""},"categories":[11622,25512],"tags":[47840,54579,43674],"class_list":["post-606200","post","type-post","status-publish","format-standard","has-post-thumbnail","hentry","category-jose-luis-montanez-aguilar","category-nacional-nacional","tag-derecho-de-replica","tag-jose-luis-montanez","tag-opinion"],"_links":{"self":[{"href":"https:\/\/www.diarioimagen.net\/index.php?rest_route=\/wp\/v2\/posts\/606200","targetHints":{"allow":["GET"]}}],"collection":[{"href":"https:\/\/www.diarioimagen.net\/index.php?rest_route=\/wp\/v2\/posts"}],"about":[{"href":"https:\/\/www.diarioimagen.net\/index.php?rest_route=\/wp\/v2\/types\/post"}],"author":[{"embeddable":true,"href":"https:\/\/www.diarioimagen.net\/index.php?rest_route=\/wp\/v2\/users\/3"}],"replies":[{"embeddable":true,"href":"https:\/\/www.diarioimagen.net\/index.php?rest_route=%2Fwp%2Fv2%2Fcomments&post=606200"}],"version-history":[{"count":0,"href":"https:\/\/www.diarioimagen.net\/index.php?rest_route=\/wp\/v2\/posts\/606200\/revisions"}],"wp:featuredmedia":[{"embeddable":true,"href":"https:\/\/www.diarioimagen.net\/index.php?rest_route=\/wp\/v2\/media\/606277"}],"wp:attachment":[{"href":"https:\/\/www.diarioimagen.net\/index.php?rest_route=%2Fwp%2Fv2%2Fmedia&parent=606200"}],"wp:term":[{"taxonomy":"category","embeddable":true,"href":"https:\/\/www.diarioimagen.net\/index.php?rest_route=%2Fwp%2Fv2%2Fcategories&post=606200"},{"taxonomy":"post_tag","embeddable":true,"href":"https:\/\/www.diarioimagen.net\/index.php?rest_route=%2Fwp%2Fv2%2Ftags&post=606200"}],"curies":[{"name":"wp","href":"https:\/\/api.w.org\/{rel}","templated":true}]}}