{"id":606321,"date":"2024-01-10T00:04:19","date_gmt":"2024-01-10T06:04:19","guid":{"rendered":"https:\/\/www.diarioimagen.net\/?p=606321"},"modified":"2024-01-10T02:34:15","modified_gmt":"2024-01-10T08:34:15","slug":"carambola-de-3-bandas","status":"publish","type":"post","link":"https:\/\/www.diarioimagen.net\/?p=606321","title":{"rendered":"Carambola de 3 bandas"},"content":{"rendered":"<h2>De pe a pa<\/h2>\n<h5>Alberto Vieyra G.<\/h5>\n<p>&nbsp;<\/p>\n<p>El rechazo de Ernestina Godoy, la fiscal esp\u00eda de la oposici\u00f3n en la capital del pa\u00eds o \u201cfiscal carnala\u201d, se convirti\u00f3 este lunes 8 de enero en la primera derrota de la \u201ccorcholata\u201d amlista Claudia Sheinbaum y el carambolazo tambi\u00e9n le aboll\u00f3 la corona al partido Morena y sin faltar al Dios sexenal de Palacio Nacional. El morenismo sufri\u00f3 una triple derrota o un carambolazo de 3 bandas con negros presagios electorales para Morena en la capital mexicana.<\/p>\n<p>Con las pr\u00e1cticas pol\u00edticas m\u00e1s ruines y de falta de oficio pol\u00edtico, que incluyeron balaceras y terrorismo tel\u00e9fonico contra diputados priistas y panistas, entre ellos Guadalupe Barr\u00f3n, a quien sicarios rociaron de balas su camioneta frente a su casa a la 1:00 am de este lunes. Ya se ve que esos de Morena traen sangre de galgos y son incapaces de privilegiar el di\u00e1logo, los acuerdos o concertaciones que permitan la gobernabilidad pol\u00edtica en M\u00e9xico. Ya se ve que el bast\u00f3n de mando de do\u00f1a Claudia es muy cortito y no le permite cortarse el cord\u00f3n umbilical que la atan al Dios de Palacio Nacional.<\/p>\n<p>Esta primera derrota pol\u00edtica que sufri\u00f3 Morena, Sheinbaum y AMLO en la Ciudad de M\u00e9xico nos deja en claro que el arroz no est\u00e1 cocido para los morenistas en la capital azteca y su nerviosismo los est\u00e1 llevando a cometer acciones de barbarie que podr\u00edamos lamentar, pues no hay que olvidar que durante el r\u00e9gimen de la 4T la violencia electoral sent\u00f3 sus reales con 48 muertos en 2018 y con m\u00e1s de 150 en 2021. Aqu\u00ed ya no estamos hablando de que Garc\u00eda Luna, Carlos Salinas, Fox, Felipe Calder\u00f3n o Pe\u00f1a Nieto son los villanos y falta ver cu\u00e1ntas v\u00edctimas te\u00f1ir\u00e1n de rojo el proceso electoral federal de este 2024.<\/p>\n<p>Aqu\u00ed nada que el conservadurismo o de que los medios de comunicaci\u00f3n y periodistas cr\u00edticos son los que est\u00e1n enrarecimiento el ambiente pol\u00edtico y social en la Rep\u00fablica, no, qu\u00e9 va, ese enrarecimiento de la paz social corre a cargo de mafias criminales, muchas veces ligadas a Morena o por lo menos toleradas por los reg\u00edmenes morenistas y su infame pol\u00edtica de impunidad, de \u201cabrazos, no balazos\u201d.<\/p>\n<p>El 2024 ser\u00e1 un a\u00f1o que hablemos muy claro: Lo que no ha servido hay que mandarlo al demonio, como bien reza un spot de la precandidata presidencial X\u00f3chitl G\u00e1lvez y la \u00fanica manera de cambiar ese infame estado de cosas es con nuestra suprema voluntad en las urnas y no a balazos ni terrorismo, como lo est\u00e1 haciendo el morenismo.<\/p>\n<p><em><a href=\"mailto:info@agenciamn.com\" target=\"_blank\" rel=\"noopener noreferrer\">info@agenciamn.com<\/a><\/em><\/p>\n","protected":false},"excerpt":{"rendered":"<p><span style=\"color: #005497;\"><strong>Alberto Vieyra G.<\/strong><\/span><\/p>\n","protected":false},"author":3,"featured_media":0,"comment_status":"open","ping_status":"open","sticky":false,"template":"","format":"standard","meta":{"_monsterinsights_skip_tracking":false,"_monsterinsights_sitenote_active":false,"_monsterinsights_sitenote_note":"","_monsterinsights_sitenote_category":0,"footnotes":""},"categories":[4596],"tags":[43697,4597,43674],"class_list":["post-606321","post","type-post","status-publish","format-standard","hentry","category-alberto-vieyra-g","tag-alberto-vieyra-g","tag-de-pe-a-pa","tag-opinion"],"_links":{"self":[{"href":"https:\/\/www.diarioimagen.net\/index.php?rest_route=\/wp\/v2\/posts\/606321","targetHints":{"allow":["GET"]}}],"collection":[{"href":"https:\/\/www.diarioimagen.net\/index.php?rest_route=\/wp\/v2\/posts"}],"about":[{"href":"https:\/\/www.diarioimagen.net\/index.php?rest_route=\/wp\/v2\/types\/post"}],"author":[{"embeddable":true,"href":"https:\/\/www.diarioimagen.net\/index.php?rest_route=\/wp\/v2\/users\/3"}],"replies":[{"embeddable":true,"href":"https:\/\/www.diarioimagen.net\/index.php?rest_route=%2Fwp%2Fv2%2Fcomments&post=606321"}],"version-history":[{"count":0,"href":"https:\/\/www.diarioimagen.net\/index.php?rest_route=\/wp\/v2\/posts\/606321\/revisions"}],"wp:attachment":[{"href":"https:\/\/www.diarioimagen.net\/index.php?rest_route=%2Fwp%2Fv2%2Fmedia&parent=606321"}],"wp:term":[{"taxonomy":"category","embeddable":true,"href":"https:\/\/www.diarioimagen.net\/index.php?rest_route=%2Fwp%2Fv2%2Fcategories&post=606321"},{"taxonomy":"post_tag","embeddable":true,"href":"https:\/\/www.diarioimagen.net\/index.php?rest_route=%2Fwp%2Fv2%2Ftags&post=606321"}],"curies":[{"name":"wp","href":"https:\/\/api.w.org\/{rel}","templated":true}]}}