{"id":606341,"date":"2024-01-10T00:07:30","date_gmt":"2024-01-10T06:07:30","guid":{"rendered":"https:\/\/www.diarioimagen.net\/?p=606341"},"modified":"2024-01-10T02:47:41","modified_gmt":"2024-01-10T08:47:41","slug":"en-vez-de-samuel-garcia-mc-lanza-como-candidato-a-su-coordinador-de-campana","status":"publish","type":"post","link":"https:\/\/www.diarioimagen.net\/?p=606341","title":{"rendered":"En vez de Samuel Garc\u00eda, MC lanza como candidato a su coordinador de campa\u00f1a"},"content":{"rendered":"<h2>Clase Pol\u00edtica<\/h2>\n<h5>Miguel \u00c1ngel Rivera<\/h5>\n<p>&nbsp;<\/p>\n<p>Si existe el acuerdo secreto entre los dirigentes y fundadores de Morena, Andr\u00e9s Manuel L\u00f3pez Obrador, y de Movimiento Ciudadano (MC), Dante Delgado Rannauro, para restarle votos al frente opositor, ahora denominado Fuerza y Coraz\u00f3n por M\u00e9xico, luego del sainete de la postulaci\u00f3n y retiro del gobernador de Nuevo Le\u00f3n, Samuel Garc\u00eda, dicho plan ha venido a menos, al anuncirse la nominaci\u00f3n como precandidato presidencial del coordinador de los diputados del tambi\u00e9n conocido como Movimiento Naranja, Jorge \u00c1lvarez M\u00e1ynez.<\/p>\n<p>A pesar de su ya larga trayectoria pol\u00edtica, el actual diputado federal por MC, no tiene ni de lejos el arrastre que demostr\u00f3 en unos cuantos d\u00edas el mandatario neoleon\u00e9s, tal vez porque no tiene a su lado a una esposa como Mariana Rodr\u00edguez Cant\u00fa, la empresaria e influencer que constituye el principal valor de Samuel Garc\u00eda Sep\u00falveda, especialmente cuando se trata de atraer el voto de los j\u00f3venes.<\/p>\n<p>Nacido el 8 de julio de 1985 en la capital de Zacatecas, se puede considerar un pol\u00edtico joven, pero no es suficiente para despertar la emoci\u00f3n del cuantioso sector de j\u00f3venes inscrito en el padr\u00f3n electoral.<\/p>\n<p>Por otra parte, su trayectoria, aunque siempre en las filas de la oposici\u00f3n no se puede considerar lineal, pues tiene aristas que no son bien apreciadas al menos por el actual inquilino de Palacio Nacional, pues realiz\u00f3 estudios en universidades privadas, como el Instituto Tecnol\u00f3gico y de Estudios Superiores de Occidente (ITESO) y el Instituto Tecnol\u00f3gico y de Estudios Superiores de Monterrey (ITESM).<\/p>\n<p>De hecho, esa elecci\u00f3n de instituciones educativas resulta sorpresiva para el hijo de un fundador del Partido Comunista en Zacatecas, como lo fue su padre, Felipe \u00c1lvarez Calder\u00f3n.<\/p>\n<p>El ahora virtual candidato presidencial de MC empez\u00f3 su actividad pol\u00edtica, a principios del actual siglo en el partido que presum\u00eda ser el abanderado de la izquierda, el PRD, pero en 2010 cambi\u00f3 radicalmente, al ser postulado para diputado local por el casi desaparecido Partido Nueva Alianza (Panal) como parte de una alianza de la que formaron parte el PRI y el PVEM.<\/p>\n<p style=\"text-align: center;\"><strong>El nuevo candidato tiene experiencia, pues pas\u00f3 por varios partidos<\/strong><\/p>\n<p>Triunf\u00f3 en esas elecciones y, ya como diputado, se sum\u00f3 a la bancada del PRI. Al t\u00e9rmino de su mandato, sobrevino otro cambio, \u00c1lvarez M\u00e1ynez apareci\u00f3 en las filas de Movimiento Ciudadano, partido en el que ha ocupado varios cargos dentro de la dirigencia nacional, como las secretar\u00edas de organizaci\u00f3n y acci\u00f3n pol\u00edtica, la comisi\u00f3n operativa nacional y la secretar\u00eda general de acuerdos, y que lo llev\u00f3 a la C\u00e1mara de Diputados federal, en donde actualmente es el coordinador de su grupo parlamentario.<\/p>\n<p>Lleg\u00f3 por la v\u00eda plurinominal, dentro de los legisladores surgidos de la primera circunscripci\u00f3n. En el portal de esa dependencia del Legislativo aparece como representante de Jalisco.<\/p>\n<p>Si bien no tuvo que hacer campa\u00f1a para obtener su actual sitio en el Palacio Legislativo de San L\u00e1zaro, cuando se lanz\u00f3 la candidatura presidencial de Samuel Garc\u00eda, el pol\u00edtico originario de Zacatecas fue nombrado coordinador de la campa\u00f1a.<\/p>\n<p>Ayer se confirm\u00f3 que \u00c1lvarez M\u00e1ynez ser\u00e1 el abanderado del partido naranja.<\/p>\n<p>El encargado de hacer el anuncio fue el gobernador de Nuevo Le\u00f3n y anterior precandidato, Samuel Garc\u00eda, quien en su cuenta de X insert\u00f3 un video, en el cual manifest\u00f3: \u201cLa buena noticia para M\u00e9xico es que esto apenas comienza. Se metieron con la generaci\u00f3n equivocada\u201d.<\/p>\n<p>\u201c\u00bfQu\u00e9 dijeron? Que ya no iba a haber candidato&#8230; \u00a1Ilusos! Les tengo unas excelentes noticias para Nuevo Le\u00f3n, M\u00e9xico y los j\u00f3venes que somos mayor\u00eda en este pa\u00eds.<\/p>\n<p>\u201cLos ilusos de la vieja pol\u00edtica creyeron que nos hab\u00edamos quedado sin candidato, que peg\u00e1ndole a Samuel millones de j\u00f3venes se quedar\u00edan sin esa opci\u00f3n fresca y de futuro. Pues se equivocan, porque Samuel era el precandidato, pero somos millones en este equipo.<\/p>\n<p>\u201cAs\u00ed que hoy quiero decirles que entrego la estafeta a mi compadre, que era coordinador de campa\u00f1a, Jorge \u00c1lvarez M\u00e1ynez. Quiero decirles que tenemos precandidato, muy bueno, y es el m\u00e1s naranja y fosfo de todos, porque es el que m\u00e1s antig\u00fcedad y m\u00e1s representa a esta gran plataforma, Movimiento Ciudadano\u201d, explic\u00f3 el gobernador.<\/p>\n<p>\u00c1lvarez M\u00e1ynez, a su vez, lanz\u00f3 otro mensaje, donde sostiene: \u201cMalas noticias para la vieja pol\u00edtica. Buenas noticias para M\u00e9xico: lo nuevo va de nuevo\u201d.<\/p>\n<p>En su perfil, el emecista se presenta como un pol\u00edtico comprometido con las pol\u00edticas para construir un pa\u00eds m\u00e1s humano, abogando por trabajadores con licencias de maternidad y paternidad ampliadas, vacaciones dignas y jornadas laborales adecuadas.<\/p>\n<p>Fuentes allegadas a MC indicaron que ser\u00e1 hoy, mi\u00e9rcoles 10, cuando la Comisi\u00f3n Permanente del Consejo Pol\u00edtico Nacional del partido naranja har\u00e1 oficial que \u00c1lvarez M\u00e1ynez ser\u00e1 su abanderado rumbo a la elecci\u00f3n de 2024.<\/p>\n<p>Se presume que gran parte de la campa\u00f1a del abanderado de MC estar\u00e1 m\u00e1s dirigida contra la candidata del opositor Fuerza y Coraz\u00f3n por M\u00e9xico, X\u00f3chitl G\u00e1lvez, pero de inicio se estima que sus mensajes tendr\u00e1n menos impacto que los de Samuel Garc\u00eda en los escasos d\u00edas en que asumi\u00f3 la candidatura del partido de Dante Delgado.<\/p>\n<p>Esta apreciaci\u00f3n ser\u00e1 confirmada por las empresas especializadas en encuestas, claro, las que gozan de autonom\u00eda, no las que est\u00e1n al servicio de una de las fuerzas pol\u00edticas en contienda.<\/p>\n<p style=\"text-align: center;\"><strong>Una nueva exigencia del PRI para que se destinen m\u00e1s recursos al campo<\/strong><\/p>\n<p>En consonancia con el repetido llamado del presidente del PRI, Alejandro Moreno, al gobierno del presidente L\u00f3pez Obrador para que aumente la ayuda a los productores agropecuarios que atraviesan por condiciones muy dif\u00edciles, la bancada de su partido promueve reformas al presupuesto federal.<\/p>\n<p>Moreno, asegur\u00f3 que el campo mexicano atraviesa por la incertidumbre y se encuentra en total olvido, abandonado por el gobierno.<\/p>\n<p>A fin de establecer mecanismos que atiendan y combatan los problemas de sequ\u00eda en las zonas agropecuarias, pueblos ind\u00edgenas y comunidades rurales, el diputado priista Juan Francisco Espinoza Egu\u00eda, present\u00f3 una iniciativa que adiciona una fracci\u00f3n X al art\u00edculo 56 de la Ley de Desarrollo Rural Sustentable.<\/p>\n<p>El integrante del Grupo Parlamentario del PRI fundament\u00f3 que este proyecto de ley pretende establecer apoyo a los productores y organizaciones econ\u00f3micas, con incentivos para la atenci\u00f3n de las sequ\u00edas en el territorio nacional, considerando esto como una estrategia espec\u00edfica para combatir uno de los mayores problemas que afrontan las personas ocupadas de este sector.<\/p>\n<p>El legislador destac\u00f3 que la escasez de lluvias es un problema recurrente que afecta diversas regiones del pa\u00eds y tiene consecuencias en el sector agropecuario, como la baja de la producci\u00f3n agr\u00edcola, impacto en la ganader\u00eda, inseguridad alimentaria, aumento de precios, desplazamiento de poblaci\u00f3n y presi\u00f3n sobre recursos h\u00eddricos.<\/p>\n<p>El legislador priista se\u00f1al\u00f3 que es crucial implementar estrategias de gesti\u00f3n del agua m\u00e1s efectivas, promover pr\u00e1cticas agr\u00edcolas sostenibles, fomentar la investigaci\u00f3n en cultivos resistentes a la sequ\u00eda y desarrollar sistemas de alerta temprana para enfrentar eventos clim\u00e1ticos extremos.<\/p>\n<p>Indic\u00f3 que de acuerdo con el monitor de sequ\u00eda de la Comisi\u00f3n Nacional del Agua (Conagua), 2023 ha sido el a\u00f1o que m\u00e1s afectaciones ha registrado el pa\u00eds con 56 por ciento, mientras 59 por ciento de las presas presentan un llenado inferior a 50 por ciento, lo cual revela un serio problema que afecta a productores del sector.<\/p>\n<p>Por esta raz\u00f3n, Espinoza Egu\u00eda resalt\u00f3 la importancia de incentivar la adopci\u00f3n de pr\u00e1cticas agr\u00edcolas sostenibles que mejoren la capacidad del suelo para retener agua, por lo cual propuso destinar recursos para la investigaci\u00f3n y desarrollo de cultivos resistentes a la sequ\u00eda y adaptados a las condiciones clim\u00e1ticas locales, as\u00ed como promover tecnolog\u00edas de gesti\u00f3n del agua innovadoras.<\/p>\n<p>Tambi\u00e9n establecer pol\u00edticas de ordenamiento territorial que consideren las condiciones clim\u00e1ticas y de disponibilidad de agua, para garantizar un uso sostenible de los recursos naturales y fomentar la participaci\u00f3n de las comunidades locales en la toma de decisiones. Sostuvo el valor de considerarlo cuando existen m\u00e1s de 6.5 millones de personas ocupadas en el sector agr\u00edcola, ganadero, silv\u00edcola y de pesca.<\/p>\n<p><em><a href=\"mailto:riparcangel@hotmail.com\" target=\"_blank\" rel=\"noopener noreferrer\">riparcangel@hotmail.com<\/a><\/em><\/p>\n","protected":false},"excerpt":{"rendered":"<p><span style=\"color: #005497;\"><strong>Miguel \u00c1ngel Rivera<\/strong><\/span><\/p>\n","protected":false},"author":3,"featured_media":0,"comment_status":"open","ping_status":"open","sticky":false,"template":"","format":"standard","meta":{"_monsterinsights_skip_tracking":false,"_monsterinsights_sitenote_active":false,"_monsterinsights_sitenote_note":"","_monsterinsights_sitenote_category":0,"footnotes":""},"categories":[84119],"tags":[84120,84121,43674],"class_list":["post-606341","post","type-post","status-publish","format-standard","hentry","category-miguel-angel-rivera","tag-clase-politica","tag-miguel-angel-rivera","tag-opinion"],"_links":{"self":[{"href":"https:\/\/www.diarioimagen.net\/index.php?rest_route=\/wp\/v2\/posts\/606341","targetHints":{"allow":["GET"]}}],"collection":[{"href":"https:\/\/www.diarioimagen.net\/index.php?rest_route=\/wp\/v2\/posts"}],"about":[{"href":"https:\/\/www.diarioimagen.net\/index.php?rest_route=\/wp\/v2\/types\/post"}],"author":[{"embeddable":true,"href":"https:\/\/www.diarioimagen.net\/index.php?rest_route=\/wp\/v2\/users\/3"}],"replies":[{"embeddable":true,"href":"https:\/\/www.diarioimagen.net\/index.php?rest_route=%2Fwp%2Fv2%2Fcomments&post=606341"}],"version-history":[{"count":0,"href":"https:\/\/www.diarioimagen.net\/index.php?rest_route=\/wp\/v2\/posts\/606341\/revisions"}],"wp:attachment":[{"href":"https:\/\/www.diarioimagen.net\/index.php?rest_route=%2Fwp%2Fv2%2Fmedia&parent=606341"}],"wp:term":[{"taxonomy":"category","embeddable":true,"href":"https:\/\/www.diarioimagen.net\/index.php?rest_route=%2Fwp%2Fv2%2Fcategories&post=606341"},{"taxonomy":"post_tag","embeddable":true,"href":"https:\/\/www.diarioimagen.net\/index.php?rest_route=%2Fwp%2Fv2%2Ftags&post=606341"}],"curies":[{"name":"wp","href":"https:\/\/api.w.org\/{rel}","templated":true}]}}