{"id":606362,"date":"2024-01-11T00:06:25","date_gmt":"2024-01-11T06:06:25","guid":{"rendered":"https:\/\/www.diarioimagen.net\/?p=606362"},"modified":"2024-01-11T23:02:17","modified_gmt":"2024-01-12T05:02:17","slug":"destaca-alumniversitaria-de-la-uaemex-en-alemania-por-apoyo-a-migrantes","status":"publish","type":"post","link":"https:\/\/www.diarioimagen.net\/?p=606362","title":{"rendered":"Destaca alumniversitaria de la UAEM\u00e9x en Alemania, por apoyo a migrantes"},"content":{"rendered":"<p>&nbsp;<\/p>\n<div id=\"attachment_606403\" style=\"width: 470px\" class=\"wp-caption aligncenter\"><a href=\"https:\/\/www.diarioimagen.net\/?attachment_id=606403\" rel=\"attachment wp-att-606403\"><img loading=\"lazy\" decoding=\"async\" aria-describedby=\"caption-attachment-606403\" class=\"size-full wp-image-606403\" src=\"https:\/\/www.diarioimagen.net\/wp-content\/uploads\/2024\/01\/uaem-destaca.jpg\" alt=\"\" width=\"460\" height=\"270\" \/><\/a><p id=\"caption-attachment-606403\" class=\"wp-caption-text\">M\u00f3nica Carmona Cano, alumniversitaria de la Facultad de Ciencias Pol\u00edticas y Sociales de la UAEM\u00e9x, realiza estudios de posgrado en Gesti\u00f3n de Conflictos Interculturales en la Universidad Alice Salomon Hochschule, en Berl\u00edn, Alemania.<\/p><\/div>\n<p>&nbsp;<\/p>\n<p><strong>Toluca, Estado de M\u00e9xico.\u2014<\/strong> La alumniversitaria de la Universidad Aut\u00f3noma del Estado de M\u00e9xico (UAEM\u00e9x), M\u00f3nica Carmona Cano, egresada de la Licenciatura en Ciencias Pol\u00edticas y Administraci\u00f3n P\u00fablica de la Facultad de Ciencias Pol\u00edticas y Sociales, comparti\u00f3 que la Aut\u00f3noma mexiquense fue su base para poder desempe\u00f1arse en apoyar a refugiados en Alemania.<\/p>\n<p>Carmona Cano actualmente realiza sus estudios de posgrado de Maestr\u00eda en Gesti\u00f3n de Conflictos Interculturales en la Universidad Alice Salomon Hochschule, en Berl\u00edn, Alemania, donde tambi\u00e9n trabaja en la Oficina de Refugiados que pertenece a esa instituci\u00f3n.<\/p>\n<p>Carmona Cano explic\u00f3 que fue gracias al impulso que la UAEM\u00e9x hace de la movilidad internacional que vivi\u00f3 la experiencia acad\u00e9mica de realizar estudios en la Universidad de Varsovia cuando estudiaba la licenciatura y a partir de ah\u00ed sigui\u00f3 buscando oportunidades para realizar una maestr\u00eda en el extranjero.<\/p>\n<p>\u201cInvito\u00a0 a todos los estudiantes a que aprovechen todas las oportunidades\u00a0 que brinda la UAEm\u00e9x\u00a0 porque han impulsado el intercambio de estudiantes a nivel internacional y estoy agradecida de tener esa oportunidad, porque yo me fui de movilidad\u00a0 a la Universidad de Varsovia y fue una experiencia muy bonita, no solo acad\u00e9mica, de ver c\u00f3mo era la Universidad all\u00e1, en Polonia, sino tambi\u00e9n tuve la oportunidad de hacer unas pr\u00e1cticas en la Embajada de M\u00e9xico y fue muy bonito y apoy\u00e9 a organizar la primera exposici\u00f3n de Frida Kahlo, la visita del presidente Polaco ac\u00e1 a M\u00e9xico en 2017\u201d, record\u00f3.<\/p>\n<p>En ese sentido, exhort\u00f3 a la comunidad estudiantil a aprovechar las oportunidades que la UAEM\u00e9x ofrece, como la movilidad internacional o nacional, para incrementar la calidad de la formaci\u00f3n del alumnado.<\/p>\n<p>\u201cLos motivo a no hacer solo movilidad, sino a que tambi\u00e9n aprovechen para hacer pr\u00e1cticas profesionales y vean c\u00f3mo implementar lo que uno ha aprendido en los a\u00f1os universitarios\u201d, sugiri\u00f3.<\/p>\n<p>Carmona Cano indic\u00f3 que con su formaci\u00f3n acad\u00e9mica y profesional ha encontrado su vocaci\u00f3n de apoyar a quienes migran por diversas circunstancias, camino que le gustar\u00eda seguir explorando.<\/p>\n<p>\u201cTengo muy clara mi vocaci\u00f3n de acompa\u00f1ar a las personas en su proceso de migraci\u00f3n y en este momento estoy acompa\u00f1ando a muchos enfermeros mexicanos en Alemania que est\u00e1n en ese proceso de homologaci\u00f3n profesional, de integraci\u00f3n cultural, y estoy buscando las posibilidades de contribuir m\u00e1s, adem\u00e1s de mi tesis\u201d, agreg\u00f3.<\/p>\n<p>Carmona Cano dijo sentirse muy orgullosa de ser aluminiversitaria y de que la UAEM\u00e9x tenga un prestigio y reconocimiento internacional que le ha permitido tener diversas oportunidades en el extranjero.<\/p>\n","protected":false},"excerpt":{"rendered":"<p>La alumniversitaria de la Universidad Aut\u00f3noma del Estado de M\u00e9xico (UAEM\u00e9x), M\u00f3nica Carmona Cano, egresada de la Licenciatura en Ciencias Pol\u00edticas y Administraci\u00f3n P\u00fablica de la Facultad de Ciencias Pol\u00edticas y Sociales, comparti\u00f3 que la Aut\u00f3noma mexiquense fue su base para poder desempe\u00f1arse en apoyar a refugiados en Alemania.<\/p>\n","protected":false},"author":3,"featured_media":606403,"comment_status":"open","ping_status":"open","sticky":false,"template":"","format":"standard","meta":{"_monsterinsights_skip_tracking":false,"_monsterinsights_sitenote_active":false,"_monsterinsights_sitenote_note":"","_monsterinsights_sitenote_category":0,"footnotes":""},"categories":[5],"tags":[853,67878],"class_list":["post-606362","post","type-post","status-publish","format-standard","has-post-thumbnail","hentry","category-estado-de-mexico","tag-alemania","tag-uaemex"],"_links":{"self":[{"href":"https:\/\/www.diarioimagen.net\/index.php?rest_route=\/wp\/v2\/posts\/606362","targetHints":{"allow":["GET"]}}],"collection":[{"href":"https:\/\/www.diarioimagen.net\/index.php?rest_route=\/wp\/v2\/posts"}],"about":[{"href":"https:\/\/www.diarioimagen.net\/index.php?rest_route=\/wp\/v2\/types\/post"}],"author":[{"embeddable":true,"href":"https:\/\/www.diarioimagen.net\/index.php?rest_route=\/wp\/v2\/users\/3"}],"replies":[{"embeddable":true,"href":"https:\/\/www.diarioimagen.net\/index.php?rest_route=%2Fwp%2Fv2%2Fcomments&post=606362"}],"version-history":[{"count":0,"href":"https:\/\/www.diarioimagen.net\/index.php?rest_route=\/wp\/v2\/posts\/606362\/revisions"}],"wp:featuredmedia":[{"embeddable":true,"href":"https:\/\/www.diarioimagen.net\/index.php?rest_route=\/wp\/v2\/media\/606403"}],"wp:attachment":[{"href":"https:\/\/www.diarioimagen.net\/index.php?rest_route=%2Fwp%2Fv2%2Fmedia&parent=606362"}],"wp:term":[{"taxonomy":"category","embeddable":true,"href":"https:\/\/www.diarioimagen.net\/index.php?rest_route=%2Fwp%2Fv2%2Fcategories&post=606362"},{"taxonomy":"post_tag","embeddable":true,"href":"https:\/\/www.diarioimagen.net\/index.php?rest_route=%2Fwp%2Fv2%2Ftags&post=606362"}],"curies":[{"name":"wp","href":"https:\/\/api.w.org\/{rel}","templated":true}]}}