{"id":606737,"date":"2024-01-15T00:01:58","date_gmt":"2024-01-15T06:01:58","guid":{"rendered":"https:\/\/www.diarioimagen.net\/?p=606737"},"modified":"2024-01-15T06:23:01","modified_gmt":"2024-01-15T12:23:01","slug":"nuevo-record-de-visitas-en-el-estado-ron-desantis-gobernador-de-florida","status":"publish","type":"post","link":"https:\/\/www.diarioimagen.net\/?p=606737","title":{"rendered":"\u201cNuevo r\u00e9cord de visitas en el estado\u201d, Ron DeSantis, gobernador de Florida"},"content":{"rendered":"<h2>De cinco estrellas<\/h2>\n<h5>Victoria Gonz\u00e1lez Prado<\/h5>\n<p>&nbsp;<\/p>\n<p style=\"font-weight: 400;\"><strong><em>\u2013 Pronto, la fiesta de La Candelaria; te sugerimos vinos mexicanos<\/em><\/strong><\/p>\n<p style=\"font-weight: 400;\"><strong><em>\u2013 Arajet, la aerol\u00ednea de Rep\u00fablica Dominicana, transport\u00f3 m\u00e1s de 550 mil pasajeros en 2023<\/em><\/strong><\/p>\n<p>&nbsp;<\/p>\n<div id=\"attachment_606738\" style=\"width: 470px\" class=\"wp-caption aligncenter\"><a href=\"https:\/\/www.diarioimagen.net\/?attachment_id=606738\" rel=\"attachment wp-att-606738\"><img loading=\"lazy\" decoding=\"async\" aria-describedby=\"caption-attachment-606738\" class=\"size-full wp-image-606738\" src=\"https:\/\/www.diarioimagen.net\/wp-content\/uploads\/2024\/01\/turismo-estrellas-4.jpg\" alt=\"\" width=\"460\" height=\"270\" \/><\/a><p id=\"caption-attachment-606738\" class=\"wp-caption-text\">Ron DeSan y Dana Young.<\/p><\/div>\n<p>&nbsp;<\/p>\n<p>&nbsp;<\/p>\n<p style=\"font-weight: 400;\">El gobernador de Florida, <strong>Ron DeSantis<\/strong> anuncia que las visitas a Florida establecieron nuevo r\u00e9cord \u2013en el tercer trimestre del a\u00f1o\u2013 con un total estimado de 35.1 millones de visitantes entre julio y septiembre de 2023. De esas se incluyen 32.2 millones de nacionales, 2.2 millones de extranjeros y 666 mil visitantes canadienses. Adem\u00e1s, Florida sigue batiendo r\u00e9cords anuales de visitas con 105.2 millones en 2023, 724 mil visitantes m\u00e1s que en los nueve primeros meses de 2022.<\/p>\n<p style=\"font-weight: 400;\"><strong>DeSantis<\/strong>, asegura que \u201cFlorida contin\u00faa estableciendo r\u00e9cords de visitas debido a nuestro compromiso de permitir a los visitantes disfrutar de sus viajes sin restricciones gubernamentales arbitrarias y seguir\u00e1 siendo un faro de libertad para los viajeros\u00bb.<\/p>\n<p style=\"font-weight: 400;\">Por su parte, <strong>Dana Young<\/strong>, presidente y CEO de <em>Visit Florida<\/em> indica: \u201clos esfuerzos realizados, junto con los socios tur\u00edsticos locales, destacan la belleza sin igual del Estado del Sol e impulsan un crecimiento en las visitas de viajeros globales, ello debido al liderazgo visionario del gobernador, cuyas pol\u00edticas de <em>Freedom First<\/em> llevaron a nuestro estado a cifras r\u00e9cord de visitantes, Florida tiene asegurada una nueva normalidad con una elevada cuota de mercado del turismo, especialmente del internacional\u00bb.<\/p>\n<p style=\"font-weight: 400;\">Aqu\u00ed algunos datos destacados de las \u00faltimas estimaciones de <em>Visit Florida<\/em>: se estima que 35.1 millones de visitantes viajaron a Florida en el tercer trimestre de 2023, lo que supone 1.6 por ciento de aumento respecto al mismo periodo de 2022 y 8 por ciento m\u00e1s que en el mismo periodo de 2019.<\/p>\n<p style=\"font-weight: 400;\">Florida recibi\u00f3 105.2 millones de visitantes en los tres primeros trimestres de 2023, con 96.4 millones de visitantes nacionales y 6.0 millones de extranjeros.<\/p>\n<p style=\"font-weight: 400;\">El gasto en viajes ha subido 11.3 por ciento en comparaci\u00f3n con el tercer trimestre de 2019, mientras que en el conjunto de Estados Unidos solo ha subido 3.9 por ciento. Florida sigue superando a nuestra competencia, ya que el gasto en viajes en California y Nueva York baj\u00f3 3.2 y 1.2 por ciento, respectivamente.<\/p>\n<p style=\"font-weight: 400;\">Se calcula que en el tercer trimestre el n\u00famero de visitantes nacionales ascendi\u00f3 32.2 millones, el de extranjeros 2.2 millones y el de canadienses 666 mil.<\/p>\n<p style=\"font-weight: 400;\">El n\u00famero de visitantes extranjeros y canadienses en CY 2023 aument\u00f3 19.3 por ciento y 60.3 por ciento respectivamente comparado con el\u00a0 mismo periodo de 2022. El aumento porcentual total de todos los visitantes se sit\u00faa en .7 por ciento con respecto a los nueve primeros meses de 2022.<\/p>\n<p style=\"font-weight: 400;\">Los visitantes nacionales representaron el 91.8 por ciento en el tercer trimestre de 2023, mientras que los extranjeros fueron 6.3 por ciento y los canadienses 1.9 por ciento.<\/p>\n<p style=\"font-weight: 400;\">El \u00edndice de recuperaci\u00f3n de visitas a\u00e9reas en M\u00e9xico en 2022 fue del 90 y en el 2023, 104 por ciento.<\/p>\n<p style=\"font-weight: 400;\">Durante el tercer cuarto del 2019, Florida tuvo 137 mil visitantes provenientes de M\u00e9xico v\u00eda a\u00e9rea, en 2022, en ese mismo cuarto, la recuperaci\u00f3n estaba en 120 mil, n\u00famero bajo que no se recuper\u00f3 completamente. Fue durante el 2023, que se superaron los anteriores con 140 mil visitantes v\u00eda a\u00e9rea.<\/p>\n<p style=\"font-weight: 400;\"><strong>*****<\/strong> Bien dicen que el marat\u00f3n Guadalupe-Reyes ya no termina el seis de enero, se prolonga hasta el 2 de febrero con la celebraci\u00f3n de la Candelaria y la famosa comilona de tamales.<\/p>\n<p style=\"font-weight: 400;\">Si disfrutaste la Rosca de Reyes con <em>champagne<\/em> <em>Piper-Heidsieck, <\/em>seguramente notaste notas de frutas frescas y c\u00edtricos que se entrelazan a la perfecci\u00f3n con el agua de azahar, ralladura de naranja y frutos secos presentes en la rosca.<\/p>\n<p style=\"font-weight: 400;\">\u00bfTe toc\u00f3 el ni\u00f1o en la Rosca de Reyes?, como marca la tradici\u00f3n, est\u00e1s obligado a invitar los tamales as\u00ed que te recomendamos vinos de El Cielo en el Valle de Guadalupe, ideales para maridarlos.<\/p>\n<p style=\"font-weight: 400;\">Y aqu\u00ed las sugerencias: tamales verdes <em>Cassiopea,<\/em> <em>Sauvignon Blanc<\/em>. Agradable car\u00e1cter frutal en el que predominan notas c\u00edtricas, con gran equilibrio y posgusto medio largo. La nota fresca es el eje conductor de la armonizaci\u00f3n con la acidez de la salsa verde.<\/p>\n<p style=\"font-weight: 400;\">El vino rosado <em>Selene<\/em> con uvas <em>Sangiovese, Zinfandel, Moscato,<\/em> armoniza muy bien con tamales de rajas, con sus delicados aromas de durazno y flores blancas en boca es sutil, de cuerpo medio con gran balance y final prolongado.<\/p>\n<p style=\"font-weight: 400;\">Para los tamales de mole: Galileo, con uva Tempranillo y 12 meses en barrica. \u00a0Notas frutales presentes en el paladar, excelentes taninos y acidez, crear\u00e1n \u00a0armon\u00eda con el mole. Pru\u00e9balo tambi\u00e9n con Ori\u00f3n, <em>blend<\/em>, Tempranillo, <em>Grenache <\/em>y <em>Merlot <\/em>con excelente astringencia y posgusto largo, y <em>G&amp;G by Ginasommelier<\/em>Reserva Especial, ensamble de <em>Zinfadel, Malbec, Sangiovese<\/em> har\u00e1n que la experiencia sea extraordinaria.<\/p>\n<p style=\"font-weight: 400;\">Para los tamales de frijol con quesillo y hoja santa, <em>Copernicus<\/em>, el multipremiado <em>blend <\/em>de <em>Cabernet Sauvignon <\/em>con <em>Merlot<\/em>. Los aromas de frutos negros y rojos en conjunto con los dejos herbales y especiados del vino lo acompa\u00f1an muy bien.<\/p>\n<p style=\"font-weight: 400;\"><em>Capricornius,<\/em> elegante y reconocido <em>Chardonnay<\/em> con seis meses en barrica es \u00a0\u00a0ideal para los tamales de cochinita pibil. El vino tiene aromas de pi\u00f1a miel madura y manzana que se conjuntan con las notas de mantequilla y tostados propios de la barrica. Es ideal tambi\u00e9n para tamales dulces de pi\u00f1a.<\/p>\n<p style=\"font-weight: 400;\">Otra opci\u00f3n es <em>G&amp;G by Ginasommelier Ros\u00e9,<\/em> <em>blend<\/em> de <em>Zinfandel, Malbec<\/em> y <em>Sangiovese<\/em>, aportan cuerpo y aroma, y armonizan muy bien con tamal de cerdo o pollo con salsa roja.<\/p>\n<p style=\"font-weight: 400;\">Para los tamales de hongos con epazote, <em>Procyon<\/em> de uva <em>Syrah<\/em>, con 18 meses en barrica y 18 en botella, armoniza muy bien por sus intensos y fragantes aromas. Tambi\u00e9n resulta muy interesante con <em>Eclipse,<\/em> blend de tintos que con cada nueva a\u00f1ada sorprende al paladar de quien lo prueba.<\/p>\n<p style=\"font-weight: 400;\">Para tamales dulces, especialmente de guayaba, <em>G&amp;G by Ginasommelier Sauvignon Blanc<\/em> ideal por sus aromas frutales, cuerpo medio y posgusto prolongado.<\/p>\n<p style=\"font-weight: 400;\">Para tamales de chocolate, nada mejor que <em>Perseus,<\/em> uva <em>Nebbiolo <\/em>y <em>Sangiovese<\/em>. Este tinto posee notas a tierra mojada, trufa, frutas rojas y negras, de gran estructura, redondo en boca y larga permanencia.<\/p>\n<p style=\"font-weight: 400;\"><strong>*****<\/strong> <em>Arajet,<\/em> la aerol\u00ednea de Rep\u00fablica Dominicana que fue reconocida en la cumbre mundial de aviaci\u00f3n como la mejor nueva compa\u00f1\u00eda del mundo, culmin\u00f3 2023 transportando m\u00e1s de 550 mil pasajeros.<\/p>\n<p style=\"font-weight: 400;\"><strong>V\u00edctor <\/strong><strong>Manuel <\/strong><strong>Pacheco M\u00e9ndez<\/strong>, CEO y fundador de <em>Arajet<\/em> record\u00f3 que tiene proyectado para este 2024 transportar a 1 mill\u00f3n y medio de pasajeros \u00a0y agregar nuevos destinos a su amplia red, como Paraguay, Uruguay y Bolivia. Asimismo, destac\u00f3 que est\u00e1n a la espera de la aprobaci\u00f3n del Departamento de Trasporte para volar desde y hacia los Estados Unidos.<\/p>\n<p style=\"font-weight: 400;\">El CEO y fundador de la aerol\u00ednea dijo: \u201cen el 2023 demostramos nuestro compromiso y fidelidad con la democratizaci\u00f3n de los cielos de la regi\u00f3n y en este 2024 seguiremos aumentando las frecuencias en los mercados que precisan m\u00e1s presencia, continuaremos brind\u00e1ndole la oportunidad a nuestros pasajeros de viajar seguros, en aviones nuevos, con el mejor servicio a bordo y al mejor precio del mercado\u201d.<\/p>\n<p>&nbsp;<\/p>\n<p>&nbsp;<\/p>\n<blockquote>\n<p style=\"text-align: right;\">\u201c<strong>El<\/strong> <strong>\u00e1ngel de la fama tiene sus alas hechas de papel&#8230; peri\u00f3dico\u201d.<br \/>\n<\/strong><\/p>\n<\/blockquote>\n<p>&nbsp;<\/p>\n<p><em><span class=\"Apple-converted-space\"><a href=\"mailto:victoriagprado@gmail.com\" target=\"_blank\" rel=\"noopener noreferrer\">victoriagprado@gmail.com<\/a><br \/>\nX: <a href=\"https:\/\/twitter.com\/victoriagprado\" target=\"_blank\" rel=\"noopener noreferrer\">@victoriagprado<\/a><\/span><\/em><\/p>\n","protected":false},"excerpt":{"rendered":"<p>El gobernador de Florida, Ron DeSantis anuncia que las visitas a Florida establecieron nuevo r\u00e9cord \u2013en el tercer trimestre del a\u00f1o\u2013 con un total estimado de 35.1 millones de visitantes entre julio y septiembre de 2023. De esas se incluyen 32.2 millones de nacionales, 2.2 millones de extranjeros y 666 mil visitantes canadienses. Adem\u00e1s, Florida sigue batiendo r\u00e9cords anuales de visitas con 105.2 millones en 2023, 724 mil visitantes m\u00e1s que en los nueve primeros meses de 2022.<\/p>\n","protected":false},"author":1,"featured_media":606738,"comment_status":"open","ping_status":"open","sticky":false,"template":"","format":"standard","meta":{"_monsterinsights_skip_tracking":false,"_monsterinsights_sitenote_active":false,"_monsterinsights_sitenote_note":"","_monsterinsights_sitenote_category":0,"footnotes":""},"categories":[11],"tags":[43681],"class_list":["post-606737","post","type-post","status-publish","format-standard","has-post-thumbnail","hentry","category-turismo","tag-turismo"],"_links":{"self":[{"href":"https:\/\/www.diarioimagen.net\/index.php?rest_route=\/wp\/v2\/posts\/606737","targetHints":{"allow":["GET"]}}],"collection":[{"href":"https:\/\/www.diarioimagen.net\/index.php?rest_route=\/wp\/v2\/posts"}],"about":[{"href":"https:\/\/www.diarioimagen.net\/index.php?rest_route=\/wp\/v2\/types\/post"}],"author":[{"embeddable":true,"href":"https:\/\/www.diarioimagen.net\/index.php?rest_route=\/wp\/v2\/users\/1"}],"replies":[{"embeddable":true,"href":"https:\/\/www.diarioimagen.net\/index.php?rest_route=%2Fwp%2Fv2%2Fcomments&post=606737"}],"version-history":[{"count":0,"href":"https:\/\/www.diarioimagen.net\/index.php?rest_route=\/wp\/v2\/posts\/606737\/revisions"}],"wp:featuredmedia":[{"embeddable":true,"href":"https:\/\/www.diarioimagen.net\/index.php?rest_route=\/wp\/v2\/media\/606738"}],"wp:attachment":[{"href":"https:\/\/www.diarioimagen.net\/index.php?rest_route=%2Fwp%2Fv2%2Fmedia&parent=606737"}],"wp:term":[{"taxonomy":"category","embeddable":true,"href":"https:\/\/www.diarioimagen.net\/index.php?rest_route=%2Fwp%2Fv2%2Fcategories&post=606737"},{"taxonomy":"post_tag","embeddable":true,"href":"https:\/\/www.diarioimagen.net\/index.php?rest_route=%2Fwp%2Fv2%2Ftags&post=606737"}],"curies":[{"name":"wp","href":"https:\/\/api.w.org\/{rel}","templated":true}]}}