{"id":606751,"date":"2024-01-15T00:05:45","date_gmt":"2024-01-15T06:05:45","guid":{"rendered":"https:\/\/www.diarioimagen.net\/?p=606751"},"modified":"2024-01-15T07:13:29","modified_gmt":"2024-01-15T13:13:29","slug":"la-4t-quiere-una-sociedad-de-idiotas","status":"publish","type":"post","link":"https:\/\/www.diarioimagen.net\/?p=606751","title":{"rendered":"La 4T quiere una sociedad de idiotas"},"content":{"rendered":"<h2>Perfil de M\u00e9xico<\/h2>\n<h5>Armando R\u00edos Ruiz<\/h5>\n<p>&nbsp;<\/p>\n<p style=\"font-weight: 400;\">A estas alturas de gobierno de la 4T, est\u00e1 m\u00e1s que claro el verdadero motivo que inspira al Presidente a continuar al frente de ese tim\u00f3n perverso que transporta a los 130 millones de mexicanos a un destino a todas luces incierto, aunque f\u00e1cil de adivinar. Quiere un M\u00e9xico empobrecido, con gente ilusa y conformista, ap\u00e1tica y mantenida.<\/p>\n<p style=\"font-weight: 400;\">Quiere una sociedad de personas que por ignorante y convencida del mejor Presidente de la historia, est\u00e9 siempre dispuesta a aplaudir sus ocurrencias, sus dislates, sus grandes deseos de transformar el pa\u00eds en uno en el que la familia disponga de \u00e9l a discreci\u00f3n, sin que ning\u00fan periodista se atreva a comentar los niveles de corrupci\u00f3n alcanzados con su participaci\u00f3n activa.<\/p>\n<p style=\"font-weight: 400;\">Una parte de la sociedad le cree con fervor ciego. Inmersa en un sopor, en un marasmo profundo que no le permite ver la realidad y que no es capaz de leer una l\u00ednea de ning\u00fan peri\u00f3dico para medio informarse. Hay otro sector que permanece atento y que ha trabajado denodadamente para despertar y convencer al grupo opuesto sin lograrlo. Quienes se convencen, lo hacen por s\u00ed mismos.<\/p>\n<p style=\"font-weight: 400;\">El primero en protestar por las investigaciones de los periodistas de verdad, es obviamente el Presidente, por estar convertido en blanco de las cr\u00edticas de sus constantes mentiras y de todo lo que hace para mantener con la boca abierta a sus incondicionales. Pero de inmediato es secundado por sus secuaces, como la candidata a la Presidencia y quienes se creen reba\u00f1o del nuevo gu\u00eda celestial.<\/p>\n<p style=\"font-weight: 400;\">\u00a0La semana pasada, el periodista Carlos Loret de Mola, investigador serio, meticuloso y decidido, lo puso a rabiar en toda su dimensi\u00f3n, con una noticia que en cualquier otro pa\u00eds del mundo hubiera motivado una investigaci\u00f3n profunda e inclusive la c\u00e1rcel para el hijo, involucrado igual que todos los dem\u00e1s, en ese fen\u00f3meno que el padre se comprometi\u00f3 formal y solemnemente a combatir.<\/p>\n<p style=\"font-weight: 400;\">Algo parecido ocurri\u00f3 el a\u00f1o pasado en Colombia. Nicol\u00e1s Petro, hijo mayor del presidente, Gustavo Petro, fue detenido junto con su esposa, Day V\u00e1zquez, por delitos de lavado de activos y violaci\u00f3n de datos personales, respectivamente.<\/p>\n<p style=\"font-weight: 400;\">En nuestro pa\u00eds, el Presidente se ha visto impelido a dar la cara en sus ma\u00f1aneras, para disculpar a los tres hijos con su primera esposa, obviamente sin lograrlo, porque los hechos demuestran que no tienen remedio. No obstante, el Primer Mandatario se ha ocupado de su disculpa. Y conste que uno de ellos no tiene siquiera oficio, pero s\u00ed bastante beneficio.<\/p>\n<p style=\"font-weight: 400;\">Esto es lo de menos. Por lo visto s\u00ed tiene de d\u00f3nde echar mano para darse una vida exageradamente cara, que compite con el jet set mundial, en centros de recreaci\u00f3n que son demasiado caros. \u00bfC\u00f3mo alguien que no trabaja puede darse una vida llena de lujos, tanto en el extranjero como en M\u00e9xico? Esto se pregunta mucha gente, aunque, obviamente, la explicaci\u00f3n es imaginable.<\/p>\n<p style=\"font-weight: 400;\">El informador ha hecho gala de conocer bien su trabajo. Antes exhibi\u00f3 a Andr\u00e9s L\u00f3pez Beltr\u00e1n, otro hijo del Presidente, como el influyente que acomod\u00f3 las cosas para obtener un contrato s\u00faper millonario otorgado a la empresa Romedic, propiedad de Am\u00edlcar Ol\u00e1n Aparicio. Pero \u00bfpara qui\u00e9n creen que ser\u00edan las ganancias? \u00bfPara el supuesto due\u00f1o del negocio?<\/p>\n<p style=\"font-weight: 400;\">Y apenas toc\u00f3 el turno al m\u00e1s joven. A Gonzalo L\u00f3pez Beltr\u00e1n, inmerso en comercios con el Tren Maya, cuya construcci\u00f3n se ha encarecido hasta el cielo. Mucha gente dijo: \u201cahora sabemos por qu\u00e9\u201d.<\/p>\n<p style=\"font-weight: 400;\">Pero el Presidente apareci\u00f3 en una ma\u00f1anera, no para justificarlo, sino para hablar mal del periodista, de quien dijo como siempre, sin ofrecer una sola prueba, que es m\u00e1s rico que toda su familia junta. Elucubr\u00f3 que \u201cdebe\u201d ganar por lo menos un mill\u00f3n de pesos mensuales. Es una especulaci\u00f3n sin sentido y sin sost\u00e9n, imaginaci\u00f3n que quiere usar como escudo.<\/p>\n<p style=\"font-weight: 400;\">Con los hijos, las evidencias est\u00e1n expuestas a todo el que quiera verlas. El \u00fanico trabajo es asomarse a las redes sociales para informarse.<\/p>\n<p><a href=\"mailto:ariosruiz@gmail.com\" target=\"_blank\" rel=\"noopener noreferrer\"><em>ariosruiz@gmail.com<\/em><\/a><\/p>\n","protected":false},"excerpt":{"rendered":"<p><span style=\"color: #005497;\"><strong>Armando R\u00edos Ruiz<\/strong><\/span><\/p>\n","protected":false},"author":1,"featured_media":0,"comment_status":"open","ping_status":"open","sticky":false,"template":"","format":"standard","meta":{"_monsterinsights_skip_tracking":false,"_monsterinsights_sitenote_active":false,"_monsterinsights_sitenote_note":"","_monsterinsights_sitenote_category":0,"footnotes":""},"categories":[88405],"tags":[],"class_list":["post-606751","post","type-post","status-publish","format-standard","hentry","category-armando-rios-ruiz"],"_links":{"self":[{"href":"https:\/\/www.diarioimagen.net\/index.php?rest_route=\/wp\/v2\/posts\/606751","targetHints":{"allow":["GET"]}}],"collection":[{"href":"https:\/\/www.diarioimagen.net\/index.php?rest_route=\/wp\/v2\/posts"}],"about":[{"href":"https:\/\/www.diarioimagen.net\/index.php?rest_route=\/wp\/v2\/types\/post"}],"author":[{"embeddable":true,"href":"https:\/\/www.diarioimagen.net\/index.php?rest_route=\/wp\/v2\/users\/1"}],"replies":[{"embeddable":true,"href":"https:\/\/www.diarioimagen.net\/index.php?rest_route=%2Fwp%2Fv2%2Fcomments&post=606751"}],"version-history":[{"count":0,"href":"https:\/\/www.diarioimagen.net\/index.php?rest_route=\/wp\/v2\/posts\/606751\/revisions"}],"wp:attachment":[{"href":"https:\/\/www.diarioimagen.net\/index.php?rest_route=%2Fwp%2Fv2%2Fmedia&parent=606751"}],"wp:term":[{"taxonomy":"category","embeddable":true,"href":"https:\/\/www.diarioimagen.net\/index.php?rest_route=%2Fwp%2Fv2%2Fcategories&post=606751"},{"taxonomy":"post_tag","embeddable":true,"href":"https:\/\/www.diarioimagen.net\/index.php?rest_route=%2Fwp%2Fv2%2Ftags&post=606751"}],"curies":[{"name":"wp","href":"https:\/\/api.w.org\/{rel}","templated":true}]}}