{"id":606801,"date":"2024-01-16T00:01:40","date_gmt":"2024-01-16T06:01:40","guid":{"rendered":"https:\/\/www.diarioimagen.net\/?p=606801"},"modified":"2024-01-15T23:08:25","modified_gmt":"2024-01-16T05:08:25","slug":"los-lideres-de-la-corrupcion","status":"publish","type":"post","link":"https:\/\/www.diarioimagen.net\/?p=606801","title":{"rendered":"Los l\u00edderes de la corrupci\u00f3n"},"content":{"rendered":"<h2>Desde el portal<\/h2>\n<h5>\u00c1ngel Soriano<\/h5>\n<p>&nbsp;<\/p>\n<p>Mario Delgado, dirigente nacional de Morena, asegur\u00f3 que Markio Cort\u00e9s, del PAN, y Alejandro Moreno C\u00e1rdenas (a) \u201cAlito\u201d, del PRI, son los nuevos l\u00edderes de la corrupci\u00f3n en M\u00e9xico, luego de conocerse la cantidad de dependencias e instituciones no gubernamentales que planeaban repartirse en Coahuila, tras ganar el proceso electoral de 2023 para renovar la gubernatura.<\/p>\n<p>Explic\u00f3 que a partir de las notar\u00edas se crean empresas fantasma para obtener recursos p\u00fablico y desde el control del instituto de la transparencia ocultar todo, por lo que hab\u00edan negociado esos organismos -junto con las oficinas recaudatorias- para saquear el estado sin dejar huella al tener en su poder los organismos clave.<\/p>\n<p>Y de este acuerdo hay pruebas, las mismas que exhibi\u00f3 Marko Cort\u00e9s, donde se queja del incumplimiento del acuerdo por parte del gobernador triunfante del PRI, Manolo Jim\u00e9nez, ex alcalde de Saltillo y en el que basa su inconformidad, pues se trata de convenios marco que se aplican en cualquier pa\u00eds del mundo civilizado.<\/p>\n<p>Al lado de Pe\u00f1a Nieto, el ex presidente es un aprendiz, se\u00f1ala Mario Delgado al recordar que, en su momento, Marko Cortes acus\u00f3 a Pe\u00f1a Nieto de otorgar notar\u00edas a sus incondicionales como pago a sus servicios. Ese tipo de negociaciones da\u00f1an la credibilidad de la fe p\u00fablica, explica a su vez la titular de Gobernaci\u00f3n, Luisa Mar\u00eda Alcalde.<\/p>\n<p style=\"text-align: center;\"><strong>TURBULENCIAS<br \/>\nM\u00e9xico, potencia cultural<\/strong><\/p>\n<p>Y continuando en su recorrido por el pa\u00eds para supervisar obras que estar\u00e1n operando al 100% en septiembre pr\u00f3ximo, el presidente Andr\u00e9s Manuel L\u00f3pez Obrador emiti\u00f3 un mensaje desde Chichen Itz\u00e1, cuna de la civilizaci\u00f3n maya de mayor esplendor, donde se\u00f1ala que nuestro pa\u00eds es una potencia cultural e invita a debatir su dicho. El Tren Maya es el medio de transporte moderno que permitir\u00e1 a millones de visitantes dar fe de este testimonio: la riqueza oculta a nadie beneficiaba como lo ser\u00e1 ahora en que la Naci\u00f3n maya tendr\u00e1 que ofrecer sus bellezas culturales y naturales a propios y extra\u00f1os\u2026 La hidalguense X\u00f3chitl G\u00e1lvez avanza en la construcci\u00f3n de su propia alianza, Fuerza y Coraz\u00f3n por M\u00e9xico, una vez que avanza tambi\u00e9n en desligarse de la nociva presencia de los lideres de la coalici\u00f3n partidista PRI-PAN-PRD que para nada son bien vistos en todo el pa\u00eds y que constituyen un lastre para las aspiraciones presidenciales de la senadora con licencia; cuando menos en diversas partes del pa\u00eds se constituyen ya comit\u00e9s de apoyo con miras a los comicios del 2 de junio\u2026 Desde la \u00e9poca del ex presidente Carlos Salinas, afirma el presidente del Club Primera Plana, Jos\u00e9 Luis Uribe, en entrevista con Edmundo C\u00e1zarez, hab\u00eda pugna por los decomisos de coca\u00edna que realizaba la secretaria de Marina, lo cual quiere decir que los carteles de la droga desde tiempos remotos se han infiltrado en nuestras instituciones hasta llegar a situaciones de violencia imparables como se observa en todos los rincones del pa\u00eds\u2026 En la SEP tambi\u00e9n habr\u00eda que investigar el conflicto de intereses: c\u00f3mo es posible que en tiempo r\u00e9cord un funcionario poderoso obtenga su titulo en 24 horas, cuando se trata de tramites complicados porque se trata de acreditar s\u00f3lida formaci\u00f3n acad\u00e9mica y autoridad moral para el ejercicio profesional al servicio de la comunidad. Hasta ahora se sigue culpando al Centro Universitario C\u00faspide, que tambi\u00e9n est\u00e1 en el ajo, pero la SEP es la responsable al avalar un t\u00edtulo profesional sin tener el respaldo de estudios realizados. Esta situaci\u00f3n, como otras y las que vengan, ponen en duda la honestidad de quienes est\u00e1n al frente de las instituciones de nuestro pa\u00eds que durante d\u00e9cadas gozaron de credibilidad.<\/p>\n<p><u><a href=\"mailto:asorianocarrasco@yahoo.com\" target=\"_blank\" rel=\"noopener noreferrer\"><em>asorianocarrasco@yahoo.com<\/em><\/a><br \/>\n<em><a href=\"https:\/\/revistabrecha.com\" target=\"_blank\" rel=\"noopener noreferrer\">www.revistabrecha.com<\/a><br \/>\n<\/em><\/u><em>facebook oficial <a href=\"https:\/\/es-la.facebook.com\/RevistaBrecha.Oficial\" target=\"_blank\" rel=\"noopener\">@BrechaRevista<\/a><\/em><\/p>\n","protected":false},"excerpt":{"rendered":"<p><span style=\"color: #005497;\"><strong>\u00c1ngel Soriano<\/strong><\/span><\/p>\n","protected":false},"author":3,"featured_media":0,"comment_status":"open","ping_status":"open","sticky":false,"template":"","format":"standard","meta":{"_monsterinsights_skip_tracking":false,"_monsterinsights_sitenote_active":false,"_monsterinsights_sitenote_note":"","_monsterinsights_sitenote_category":0,"footnotes":""},"categories":[135],"tags":[85,86,43674],"class_list":["post-606801","post","type-post","status-publish","format-standard","hentry","category-angel-soriano-opinion","tag-angel-soriano","tag-desde-el-portal","tag-opinion"],"_links":{"self":[{"href":"https:\/\/www.diarioimagen.net\/index.php?rest_route=\/wp\/v2\/posts\/606801","targetHints":{"allow":["GET"]}}],"collection":[{"href":"https:\/\/www.diarioimagen.net\/index.php?rest_route=\/wp\/v2\/posts"}],"about":[{"href":"https:\/\/www.diarioimagen.net\/index.php?rest_route=\/wp\/v2\/types\/post"}],"author":[{"embeddable":true,"href":"https:\/\/www.diarioimagen.net\/index.php?rest_route=\/wp\/v2\/users\/3"}],"replies":[{"embeddable":true,"href":"https:\/\/www.diarioimagen.net\/index.php?rest_route=%2Fwp%2Fv2%2Fcomments&post=606801"}],"version-history":[{"count":0,"href":"https:\/\/www.diarioimagen.net\/index.php?rest_route=\/wp\/v2\/posts\/606801\/revisions"}],"wp:attachment":[{"href":"https:\/\/www.diarioimagen.net\/index.php?rest_route=%2Fwp%2Fv2%2Fmedia&parent=606801"}],"wp:term":[{"taxonomy":"category","embeddable":true,"href":"https:\/\/www.diarioimagen.net\/index.php?rest_route=%2Fwp%2Fv2%2Fcategories&post=606801"},{"taxonomy":"post_tag","embeddable":true,"href":"https:\/\/www.diarioimagen.net\/index.php?rest_route=%2Fwp%2Fv2%2Ftags&post=606801"}],"curies":[{"name":"wp","href":"https:\/\/api.w.org\/{rel}","templated":true}]}}