{"id":606829,"date":"2024-01-16T00:06:21","date_gmt":"2024-01-16T06:06:21","guid":{"rendered":"https:\/\/www.diarioimagen.net\/?p=606829"},"modified":"2024-01-16T23:38:34","modified_gmt":"2024-01-17T05:38:34","slug":"la-joven-democracia-en-mexico","status":"publish","type":"post","link":"https:\/\/www.diarioimagen.net\/?p=606829","title":{"rendered":"La joven democracia en M\u00e9xico"},"content":{"rendered":"<h2>Los Pozos de Carlos Pozos<\/h2>\n<h5>Carlos Pozos<br \/>\n[ <em>Lord Mol\u00e9cula<\/em> ]<\/h5>\n<p>&nbsp;<\/p>\n<p>Amiga y amigo lector, cuando est\u00e9 usted leyendo este trabajo period\u00edstico, estaremos a 146 d\u00edas de las elecciones pol\u00edticas de M\u00e9xico en donde se elegir\u00e1 a m\u00e1s de 20 mil encargados de representar a los mexicanos de a pie; o bien, de velar por los intereses de los ciudadanos que los eligieron.<\/p>\n<p>Recordemos que el Consejo General del Instituto Nacional Electoral (INE) modific\u00f3 las fechas de inicio y conclusi\u00f3n del periodo de precampa\u00f1as para el Proceso Electoral Federal (PEF) 2023-2024, las cuales se iniciaron el pasado 20 de noviembre de a\u00f1o 2023 y culminar\u00e1n el pr\u00f3ximo jueves 18 de enero del a\u00f1o en curso, por lo que la doctora <strong>Claudia Sheinbaum Pardo<\/strong> y su lejana competencia \u2014de acuerdo con las \u00faltimas encuestas de opini\u00f3n\u2014 <strong>Bertha X\u00f3chitl G\u00e1lvez Ruiz<\/strong>, ya no podr\u00e1n hacer recorridos medi\u00e1ticos por los Estados Unidos Mexicanos.<\/p>\n<p>Ser\u00e1 el viernes 1 de marzo cuando inicien formalmente las campa\u00f1as pol\u00edticas y terminar\u00e1n el mi\u00e9rcoles 29 de mayo. Mientras nos acercamos a dichas fechas, en tan s\u00f3lo 16 d\u00edas de lo que va de este a\u00f1o, los medios de manipulaci\u00f3n convencionales \u2014radio, televisi\u00f3n y prensa escrita\u2014 han desplegado la nueva campa\u00f1a de exaltar la violencia en el pa\u00eds.<\/p>\n<p>A diario se dan matanzas y enfrentamientos entre las bandas y carteles de la delincuencia en nuestro territorio y estos sucesos son utilizados y magnificados por los voceros de los medios mercantiles de comunicaci\u00f3n \u2014conductores, opin\u00f3logos, comentaristas, intelectuales org\u00e1nicos, editorialistas, caricaturistas, columnistas, cuentachistes metidos a periodistas, entre otros\u2014. Como el bolet\u00edn del conservadurismo, el peri\u00f3dico <em>Reforma<\/em>, public\u00f3 a ocho columnas el pasado fin de semana que \u201c25% de los distritos electorales en M\u00e9xico sufre violencia y conflictos\u201d.<\/p>\n<p>El pron\u00f3stico del autor de esta columna es que el tema de la seguridad ser\u00e1 el valor estrat\u00e9gico para la oposici\u00f3n \u2014PRIAN y PRD\u2014 en los tiempos electorales de este a\u00f1o. Con la narrativa diaria se pretende imputar al gobierno del<strong> Presidente de M\u00e9xico, Andr\u00e9s Manuel L\u00f3pez<\/strong> <strong>Obrador<\/strong>, como el \u00fanico responsable; deslindando de responsabilidades a los gobiernos anteriores y actuales, tanto estatales como municipales.<\/p>\n<p>Y as\u00ed, buscan darle elementos a la candidata aliancista, <strong>Bertha X\u00f3chitl G\u00e1lvez<\/strong>, para que pueda tener la bandera y ondear que \u201ces una negligencia la pol\u00edtica de abrazos a los delincuentes y balazos a los j\u00f3venes\u201d. Por ello reitero que la inseguridad va a ser este a\u00f1o el elemento a destacar dentro de las campa\u00f1as rumbo a las urnas el pr\u00f3ximo domingo 2 de junio de 2024.<\/p>\n<p>En este domingo 14 de enero, el diario <em>Reforma<\/em> destaca en su portada que el 25 por ciento del territorio electoral de M\u00e9xico existe alg\u00fan riesgo de que la violencia o presencia del crimen organizado impacte el desarrollo de los comicios en curso.<\/p>\n<p>Seg\u00fan la empresa de comunicaci\u00f3n <em>Reforma<\/em>, documenta que en 74 de los 300 distritos electorales federales se registraron ataques a pol\u00edticos, operadores partidistas y funcionarios electorales; masacres, plagios de migrantes; enfrentamientos entre criminales, as\u00ed como emboscadas a polic\u00edas y fuerzas armadas.<\/p>\n<p>En el mapa de riesgo se incluyeron 21 entidades: CDMX, Chiapas, Guanajuato, Jalisco, Morelos, Tabasco, Veracruz, Baja California, Sonora, Chihuahua, Nuevo Le\u00f3n, Tamaulipas, Sinaloa, Durango, Zacatecas, San Luis Potos\u00ed, Colima, Michoac\u00e1n, Guerrero, Estado de M\u00e9xico y Quintana Roo.<\/p>\n<p>De esos 74 focos rojos, 20 son coincidentes con distritos que el Instituto Nacional Electoral (INE), en diversos informes, califica como \u201ccomplejos\u201d para la integraci\u00f3n de casillas y organizaci\u00f3n de la elecci\u00f3n, por las condiciones de \u201calta inseguridad\u201d.<\/p>\n<p>Las principales regiones afectadas son las de Tierra Caliente, entre Estado de M\u00e9xico, Guerrero y Michoac\u00e1n, por la disputa violenta de \u201cLa Familia Michoacana\u201d con grupos rivales y las extorsiones que realiza a las autoridades y pobladores.<\/p>\n<p>\u201cEl clima de inseguridad y otros problemas sociales, pol\u00edticos y econ\u00f3micos que prevalecen en Tierra Caliente, y la complejidad geogr\u00e1fica de la zona, lo convierten en el distrito (el n\u00famero 1, Ciudad Altamirano, en Guerrero) con el \u00edndice de complejidad m\u00e1s alto para la operaci\u00f3n log\u00edstica electoral\u201d, indica el INE en uno de sus informes de octubre sobre la adscripci\u00f3n de nuevo personal en las juntas.<\/p>\n<p>Sin duda, vemos y aceptamos que existe violencia en nuestro pa\u00eds, pero a nivel presidencial, hasta la fecha no sabemos y creemos que en M\u00e9xico no ha existido una apuesta del crimen para tomar el poder pol\u00edtico de la silla presidencial, como aconteci\u00f3 a\u00f1os atr\u00e1s en la rep\u00fablica de Colombia, con el famoso personaje de <strong>Pablo Escobar Gaviria.<\/strong><\/p>\n<p>A manera de conclusi\u00f3n, en estos cinco a\u00f1os de esta joven democracia que vivimos en M\u00e9xico con la llegada del primer gobierno emanado de un partido pol\u00edtico de izquierda, <strong>Morena<\/strong>, y el paso de las elecciones intermedias, no existen los elementos para anular unas elecciones en el pa\u00eds por violencia; y les recuerdo que los tres casos en los que una elecci\u00f3n se anular\u00eda son: uno, que alg\u00fan candidato exceda el gasto de campa\u00f1a en un cinco por ciento del monto total autorizado: dos, que se compre o adquiera cobertura informativa o tiempos de radio y televisi\u00f3n fuera de la ley; y tres, que se reciban o utilicen recursos de procedencia il\u00edcita o recursos p\u00fablicos en las campa\u00f1as\u2026 Hasta aqu\u00ed con Los Pozos de Carlos Pozos. Y si desean que le haga su pregunta al Presidente de M\u00e9xico en la conferencia de prensa \u201cma\u00f1anera\u201d, por favor h\u00e1ganmela llegar al correo: <a href=\"mailto:lordmolecularedaccion@gmail.com\" target=\"_blank\" rel=\"noopener\"><em>lordmolecularedaccion@gmail.com<\/em><\/a>, v\u00eda X a: <a href=\"https:\/\/twitter.com\/lordmolecula?ref_src=twsrc%5Egoogle%7Ctwcamp%5Eserp%7Ctwgr%5Eauthor\" target=\"_blank\" rel=\"noopener\"><em>@lordmoleculaoficial<\/em><\/a>, o bien, visiten nuestro portal <em><a href=\"https:\/\/www.lordmoleculaoficial.com\/\" target=\"_blank\" rel=\"noopener\">https:\/\/www.lordmoleculaoficial.com<\/a><\/em>, as\u00ed como tambi\u00e9n pueden ver mi Canal <a href=\"https:\/\/www.youtube.com\/channel\/UC0WxwnD6D67eYwmmRWQnOEg\" target=\"_blank\" rel=\"noopener\"><em>Lord Mol\u00e9cula Oficial<\/em><\/a>.<\/p>\n","protected":false},"excerpt":{"rendered":"<p><span style=\"color: #005497;\"><strong>Carlos Pozos<\/strong><\/span><\/p>\n","protected":false},"author":3,"featured_media":0,"comment_status":"open","ping_status":"open","sticky":false,"template":"","format":"standard","meta":{"_monsterinsights_skip_tracking":false,"_monsterinsights_sitenote_active":false,"_monsterinsights_sitenote_note":"","_monsterinsights_sitenote_category":0,"footnotes":""},"categories":[97814],"tags":[97816,97815,43674],"class_list":["post-606829","post","type-post","status-publish","format-standard","hentry","category-carlos-pozos","tag-carlos-pozos","tag-los-pozos-de-carlos-pozos","tag-opinion"],"_links":{"self":[{"href":"https:\/\/www.diarioimagen.net\/index.php?rest_route=\/wp\/v2\/posts\/606829","targetHints":{"allow":["GET"]}}],"collection":[{"href":"https:\/\/www.diarioimagen.net\/index.php?rest_route=\/wp\/v2\/posts"}],"about":[{"href":"https:\/\/www.diarioimagen.net\/index.php?rest_route=\/wp\/v2\/types\/post"}],"author":[{"embeddable":true,"href":"https:\/\/www.diarioimagen.net\/index.php?rest_route=\/wp\/v2\/users\/3"}],"replies":[{"embeddable":true,"href":"https:\/\/www.diarioimagen.net\/index.php?rest_route=%2Fwp%2Fv2%2Fcomments&post=606829"}],"version-history":[{"count":0,"href":"https:\/\/www.diarioimagen.net\/index.php?rest_route=\/wp\/v2\/posts\/606829\/revisions"}],"wp:attachment":[{"href":"https:\/\/www.diarioimagen.net\/index.php?rest_route=%2Fwp%2Fv2%2Fmedia&parent=606829"}],"wp:term":[{"taxonomy":"category","embeddable":true,"href":"https:\/\/www.diarioimagen.net\/index.php?rest_route=%2Fwp%2Fv2%2Fcategories&post=606829"},{"taxonomy":"post_tag","embeddable":true,"href":"https:\/\/www.diarioimagen.net\/index.php?rest_route=%2Fwp%2Fv2%2Ftags&post=606829"}],"curies":[{"name":"wp","href":"https:\/\/api.w.org\/{rel}","templated":true}]}}