{"id":606831,"date":"2024-01-16T00:02:13","date_gmt":"2024-01-16T06:02:13","guid":{"rendered":"https:\/\/www.diarioimagen.net\/?p=606831"},"modified":"2024-01-16T00:40:28","modified_gmt":"2024-01-16T06:40:28","slug":"esta-segura-claudia-sheinbaum-que-no-necesita-permiso-para-debatir","status":"publish","type":"post","link":"https:\/\/www.diarioimagen.net\/?p=606831","title":{"rendered":"\u00bfEst\u00e1 segura Claudia Sheinbaum que no necesita permiso para debatir?"},"content":{"rendered":"<h2>La Retaguardia<\/h2>\n<h5>Adriana Moreno Cordero<\/h5>\n<p>&nbsp;<\/p>\n<ul>\n<li><strong><em>No son pocos los problemas que se le acumulan a la ex jefa de Gobierno<\/em><\/strong><\/li>\n<\/ul>\n<p>&nbsp;<\/p>\n<p>\u00bfEst\u00e1 segura la precandidata <strong>Claudia Sheinbaum<\/strong> que no necesita permiso para debatir con la opositora <strong>X\u00f3chitl G\u00e1lvez<\/strong>? La pregunta viene a cuento porque justo hoy salieron las fechas de los debates de los candidatos presidenciales y es una ley no escrita que este tipo de ejercicios los evade quien va punteando en las encuestas, que es el caso ni m\u00e1s ni menos que de la morenista consentida de Palacio Nacional.<\/p>\n<p>De manera muy escueta, durante una reuni\u00f3n con integrantes de la American Society, contest\u00f3 de manera seca y seria que \u201cno hace falta\u201d, que le pida permiso al presidente <strong>Andr\u00e9s Manuel L\u00f3pez Obrador<\/strong> para debatir. La molestia se le notaba en el rostro y en el tono, de lo cual puede inferirse que le incomoda a la se\u00f1ora Sheinbaum de Tarriba que la confronten con la precandidata de la coalici\u00f3n Fuerza y Coraz\u00f3n por M\u00e9xico.<\/p>\n<p>Y es que no son pocos los problemas que se le empiezan a venir encima a la morenista. Cuesti\u00f3n de recordar que en cada acto que se presenta, no faltan las voces de sus propios correligionarios que le cuestionan sobre los nombramientos de los candidatos al Senado de la Rep\u00fablica, C\u00e1mara de Diputados y dem\u00e1s puestos de elecci\u00f3n popular.<\/p>\n<p>Qui\u00e9n lo dir\u00eda, el inquilino de Palacio Nacional \u201cpalomea\u201d y la exjefa de Gobierno de la Ciudad de M\u00e9xico es quien tiene que cargar con las inconformidades y reclamos y, por m\u00e1s que se quiere imponer a golpe de rega\u00f1os, nada m\u00e1s no consigue apaciguar.<\/p>\n<p>Retomando el asunto de los debates, de acuerdo con el Instituto Nacional Electoral, (INE), el primer debate se celebrar\u00e1 el 7 de abril y de una manera in\u00e9dita, la sede ser\u00e1 las oficinas de este Instituto, porque no hay antecedente de que un debate entre candidatos presidenciales se haya realizado en las instalaciones del INE y por lo visto, ser\u00e1 la primera contienda entre mujeres la que inaugurar\u00e1 esto.<\/p>\n<p>El segundo se llevar\u00e1 a cabo el 28 de abril en los Estudios Churubusco y el tercero se celebrar\u00e1 en el Instituto Tecnol\u00f3gico de Estudios Superiores de Monterrey, Campus Ciudad de M\u00e9xico, ubicado en el Centro Cultural Universitario Tlatelolco.<\/p>\n<p>Aqu\u00ed la pregunta que surge inmediatamente es a cu\u00e1ntos debates asistir\u00e1 la se\u00f1ora Sheinbaum.<\/p>\n<p>Cuando el hoy presidente L\u00f3pez Obrador se enfrent\u00f3 en las urnas con el panista <strong>Ricardo Anaya; Jos\u00e9 Antonio Meade<\/strong>, del PRI; <strong>Jaime Rodr\u00edguez<\/strong>, \u201cel Bronco\u201d y hasta una fugaz <strong>Margarita Zavala<\/strong>, que al final, como se recordar\u00e1, se retir\u00f3, se llev\u00f3 a cabo un primer debate en el Palacio de Miner\u00eda de la Ciudad de M\u00e9xico, en el 2018, en el que el diario estadunidense, <em>The New York Times<\/em> evalu\u00f3:<\/p>\n<p>\u201cCon un nuevo formato en el que los candidatos tuvieron r\u00e9plicas y preguntas directas de los moderadores, los cinco contendientes debatieron sobre corrupci\u00f3n, inseguridad y democracia; el resultado de esta puesta en escena, seg\u00fan los analistas consultados para este art\u00edculo, es poco probable que cambie sustancialmente las preferencias mostradas en las encuestas, en las que hasta el momento aventaja c\u00f3modamente el candidato a la presidencia Andr\u00e9s Manuel L\u00f3pez Obrador (AMLO) de \u2018Juntos Haremos Historia\u2019\u201d.<\/p>\n<p>No obstante, seis a\u00f1os despu\u00e9s, no es momento de que en el oficialismo se emocionen y \u201cechen las campanas al vuelo\u201d, en primer lugar porque toda esa esperanza que lleg\u00f3 a representar el tabasque\u00f1o en los comicios del 2018, se ha perdido completamente y ello se puede comprobar con el llamado voto de los decepcionados entre los que se cuentan destacados l\u00edderes de opini\u00f3n.<\/p>\n<p>Solo, con sus ocurrencias y sus obras fara\u00f3nicas, el de Tepetit\u00e1n, a pulso, aument\u00f3 la cifra de quienes no est\u00e1n dispuestos a votar por Morena y si a eso agregamos que Claudia Sheinbaum solo se ha limitado a decir que continuar\u00e1 con \u201cel segundo piso de la cuarta transformaci\u00f3n\u201d, la t\u00f3nica de la campa\u00f1a presidencial morenista cuando arranque el primer d\u00eda de marzo pr\u00f3ximo, no tendr\u00eda por qu\u00e9 cambiar. En suma, es el continuismo; llevar al hoyo al pa\u00eds.<\/p>\n<p>Adem\u00e1s, las elecciones del 2024, \u2014y es pertinente reiterarlo\u2014, son tan in\u00e9ditas como trascendentales porque por vez primera en M\u00e9xico tendremos a una mujer presidenta de la Rep\u00fablica porque el emecista flamante candidato <strong>Jorge Alvarez Maynez<\/strong>, a lo m\u00e1s que podr\u00eda aspirar es a captar el voto de aquellos hombres que no estar\u00edan dispuestos a votar nunca en su vida por una mujer.<\/p>\n<p style=\"text-align: center;\"><strong>Municiones<\/strong><\/p>\n<p>*** Ya se consignaba en este espacio en anterior entrega, que cuando la diputada trans <strong>Salma Lu\u00e9vano<\/strong>, acept\u00f3 las disculpas del presidente L\u00f3pez Obrador porque lo llam\u00f3 \u201cse\u00f1or vestido de mujer\u201d, le solicit\u00f3 una audiencia para revisar la agenda sobre la comunidad LGBTTTIQA+, que son objeto de discriminaci\u00f3n, por lo que era urgente la reuni\u00f3n. En esa ocasi\u00f3n se anot\u00f3 en este espacio que lo mejor que pod\u00eda hacer la diputada morenista, era sentarse a esperar porque parada se iba a cansar, ya que es conocida la posici\u00f3n del presidente de evadir esos temas. Pues el pasado fin de semana, fue asesinada a plena luz del d\u00eda la activista trans Samantha Fonseca, por el rumbo de la alcald\u00eda Xochimilco y por cierto, hab\u00eda recibido amenazas de muerte. Ayer, colectivos de personas transg\u00e9nero, se manifestaron primero, en las inmediaciones de Palacio Nacional y luego, en Insurgentes y avenida Paseo de la Reforma. Algo en lo que deber\u00edan de poner atenci\u00f3n en Palacio Nacional es que dichos manifestantes, condenaron los\u00a0discursos transf\u00f3bicos<strong>\u00a0<\/strong>del presidente<strong> L\u00f3pez Obrador<\/strong>\u00a0contra la diputada trans Lu\u00e9vano, con todo y que el Ejecutivo le ofreci\u00f3 disculpas y lo dicho, la reuni\u00f3n que solicit\u00f3 Salma Lu\u00e9vano, no tiene para cu\u00e1ndo llevarse a cabo y se puede pronosticar que no se realizar\u00e1.<\/p>\n<p>*** Llama la atenci\u00f3n que aunque los casos de Covid-19 est\u00e1n aumentando en el pa\u00eds, en esta errada y llamada cuarta transformaci\u00f3n nadie diga nada y la flamante precandidata morenista, se atreva a se\u00f1alar que es responsabilidad del Estado que la salud funcione. Pues aqu\u00ed en M\u00e9xico, nada de eso. \u201cYo soy de las que cree que M\u00e9xico tiene que tener un sistema de bienestar y que el Estado debe cubrir ese sistema\u201d, sostuvo muy ufana la exjefa de Gobierno de la CDMX. Por lo dem\u00e1s, no van a decir nada en el oficialismo sobre el tema porque estamos en \u00e9poca electoral y lo m\u00e1s probable es que las vacunas Abdal\u00e1 y Sputnik ya hayan caducado. \u00a1Qu\u00e9 tal!<\/p>\n<p><u><a href=\"mailto:morcora@gmail.com\" target=\"_blank\" rel=\"noopener noreferrer\"><em>morcora@gmail.com<\/em><\/a><\/u><\/p>\n","protected":false},"excerpt":{"rendered":"<p><span style=\"color: #005497;\"><strong>Adriana Moreno Cordero<\/strong><\/span><\/p>\n","protected":false},"author":3,"featured_media":0,"comment_status":"open","ping_status":"open","sticky":false,"template":"","format":"standard","meta":{"_monsterinsights_skip_tracking":false,"_monsterinsights_sitenote_active":false,"_monsterinsights_sitenote_note":"","_monsterinsights_sitenote_category":0,"footnotes":""},"categories":[69370],"tags":[69369,69368,43674],"class_list":["post-606831","post","type-post","status-publish","format-standard","hentry","category-adriana-moreno-cordero","tag-adriana-moreno-cordero","tag-la-retaguardia","tag-opinion"],"_links":{"self":[{"href":"https:\/\/www.diarioimagen.net\/index.php?rest_route=\/wp\/v2\/posts\/606831","targetHints":{"allow":["GET"]}}],"collection":[{"href":"https:\/\/www.diarioimagen.net\/index.php?rest_route=\/wp\/v2\/posts"}],"about":[{"href":"https:\/\/www.diarioimagen.net\/index.php?rest_route=\/wp\/v2\/types\/post"}],"author":[{"embeddable":true,"href":"https:\/\/www.diarioimagen.net\/index.php?rest_route=\/wp\/v2\/users\/3"}],"replies":[{"embeddable":true,"href":"https:\/\/www.diarioimagen.net\/index.php?rest_route=%2Fwp%2Fv2%2Fcomments&post=606831"}],"version-history":[{"count":0,"href":"https:\/\/www.diarioimagen.net\/index.php?rest_route=\/wp\/v2\/posts\/606831\/revisions"}],"wp:attachment":[{"href":"https:\/\/www.diarioimagen.net\/index.php?rest_route=%2Fwp%2Fv2%2Fmedia&parent=606831"}],"wp:term":[{"taxonomy":"category","embeddable":true,"href":"https:\/\/www.diarioimagen.net\/index.php?rest_route=%2Fwp%2Fv2%2Fcategories&post=606831"},{"taxonomy":"post_tag","embeddable":true,"href":"https:\/\/www.diarioimagen.net\/index.php?rest_route=%2Fwp%2Fv2%2Ftags&post=606831"}],"curies":[{"name":"wp","href":"https:\/\/api.w.org\/{rel}","templated":true}]}}