{"id":606841,"date":"2024-01-16T00:06:15","date_gmt":"2024-01-16T06:06:15","guid":{"rendered":"https:\/\/www.diarioimagen.net\/?p=606841"},"modified":"2024-01-18T02:22:25","modified_gmt":"2024-01-18T08:22:25","slug":"terminan-las-precampanas","status":"publish","type":"post","link":"https:\/\/www.diarioimagen.net\/?p=606841","title":{"rendered":"Terminan las precampa\u00f1as"},"content":{"rendered":"<h2>Aunque pese<\/h2>\n<h5>Salvador Mart\u00ednez Garc\u00eda<\/h5>\n<p><strong>\u00a0<\/strong><\/p>\n<p>En este at\u00edpico proceso electoral, iniciado antes de los tiempos marcados por la ley, esta semana terminan las precampa\u00f1as presidenciales sin grandes aportaciones que puedan anticipar una seria disputa por el poder, hoy con augurado triunfo del partido en el gobierno.<\/p>\n<p>Ya hace seis a\u00f1os Andr\u00e9s Manuel L\u00f3pez Obrador gan\u00f3 la presidencia de la Rep\u00fablica con un 53 por ciento de los votos emitidos y hoy, de acuerdo a las encuestas realizadas, Claudia Sheinbaum, aventaja con un porcentaje similar o incluso superior a su adversaria de La Coalici\u00f3n Fuerza y Coraz\u00f3n por M\u00e9xico, X\u00f3chitl G\u00e1lvez.<\/p>\n<p>Los partidos de esta coalici\u00f3n, PRI, PAN y PRD, as\u00ed como las fuerzas de la derecha, no han logrado entusiasmar a la ciudadan\u00eda y por m\u00e1s que se quiso inflar el cierre de la precampa\u00f1a de X\u00f3chitl G\u00e1lvez en la Arena Ciudad de M\u00e9xico, a donde llevaron alrededor de 30 mil personas, lo cierto es que no es representativo del electorado de la capital y mucho menos del pa\u00eds.<\/p>\n<p>En el campo de las propuestas, est\u00e1 claro que Claudia es la garant\u00eda de la continuidad del Gobierno Obradorista, mientras que X\u00f3chitl no atina a dise\u00f1ar una propuesta de gobierno alternativo y todo lo reduce a la cr\u00edtica al actual gobierno y lugares comunes que ya no le redit\u00faan mayores simpat\u00edas a las que le arrojan las encuestas con alrededor de 20 por ciento de apoyo popular.<\/p>\n<p>Habr\u00e1 que esperar que se concluyan los procesos de selecci\u00f3n de candidatos a gobernador, senadores, diputados, presidencias municipales, alcald\u00edas y dem\u00e1s puestos de elecci\u00f3n popular en disputa el pr\u00f3ximo 2 de junio para definir las simpat\u00edas de las dos coaliciones que buscan el triunfo, porque muy poco se puede esperar del Movimiento Ciudadano, que con Jorge \u00c1lvarez M\u00e1ynez como candidato presidencial poco le aportar\u00e1.<\/p>\n<p>Entraremos esta semana a un periodo de calma, al menos en cuanto a m\u00edtines p\u00fablicos se refiere, y ser\u00e1 hasta el primero de marzo cuando inicien las campa\u00f1as formales y con ellas las propuestas de gobierno de fondo de las y el aspirante presidencial. Ojal\u00e1 y realmente se formulen esquemas pol\u00edtico-ideol\u00f3gico que pueda ser contrastado por la ciudadan\u00eda al tomar su decisi\u00f3n.<\/p>\n<p style=\"text-align: center;\"><strong>Susurros<\/strong><\/p>\n<p>En la Ciudad de M\u00e9xico tambi\u00e9n se conocen ya los nombres de quienes aspiran al Gobierno capitalino, Clara Brugada por la coalici\u00f3n encabezada por Morena; Santiago Taboada Cortina por PAN-PRI-PRD y el candidato Salom\u00f3n Chertorivski por Movimiento Ciudadano. Tambi\u00e9n aqu\u00ed es previsible el resultado a favor de Morena, aunque puede que haya un menor margen de ventaja.<\/p>\n<p>Los azules saben de su fuerza en una tercia de alcald\u00edas, pero est\u00e1n conscientes de su debilidad en el resto, por lo que esperar\u00edan apoyos del PRI y del PRD, sin embargo, estos \u00faltimos han venido mucho a menos en los \u00faltimos cinco a\u00f1os.<\/p>\n<p>Si no se logran ofrecer campa\u00f1as frescas, innovadoras y con ideas concretas, el proceso electoral local podr\u00eda ser un tanto cuanto aburrido. Veremos.<\/p>\n<p><a href=\"mailto:salvadormartinez@visionmx.com\" target=\"_blank\" rel=\"noopener\"><em>salvadormartinez@visionmx.com<\/em><\/a><br \/>\n<em>Twitter: <a href=\"https:\/\/twitter.com\/salvador_mtz\" target=\"_blank\" rel=\"noopener\">@salvador_mtz<\/a><\/em><\/p>\n","protected":false},"excerpt":{"rendered":"<p><span style=\"color: #005497;\"><strong>Salvador Mart\u00ednez Garc\u00eda<\/strong><\/span><\/p>\n","protected":false},"author":3,"featured_media":0,"comment_status":"open","ping_status":"open","sticky":false,"template":"","format":"standard","meta":{"_monsterinsights_skip_tracking":false,"_monsterinsights_sitenote_active":false,"_monsterinsights_sitenote_note":"","_monsterinsights_sitenote_category":0,"footnotes":""},"categories":[96743],"tags":[96744,43674,96745],"class_list":["post-606841","post","type-post","status-publish","format-standard","hentry","category-salvador-martinez-garcia","tag-aunque-pese","tag-opinion","tag-salvador-martinez-garcia"],"_links":{"self":[{"href":"https:\/\/www.diarioimagen.net\/index.php?rest_route=\/wp\/v2\/posts\/606841","targetHints":{"allow":["GET"]}}],"collection":[{"href":"https:\/\/www.diarioimagen.net\/index.php?rest_route=\/wp\/v2\/posts"}],"about":[{"href":"https:\/\/www.diarioimagen.net\/index.php?rest_route=\/wp\/v2\/types\/post"}],"author":[{"embeddable":true,"href":"https:\/\/www.diarioimagen.net\/index.php?rest_route=\/wp\/v2\/users\/3"}],"replies":[{"embeddable":true,"href":"https:\/\/www.diarioimagen.net\/index.php?rest_route=%2Fwp%2Fv2%2Fcomments&post=606841"}],"version-history":[{"count":0,"href":"https:\/\/www.diarioimagen.net\/index.php?rest_route=\/wp\/v2\/posts\/606841\/revisions"}],"wp:attachment":[{"href":"https:\/\/www.diarioimagen.net\/index.php?rest_route=%2Fwp%2Fv2%2Fmedia&parent=606841"}],"wp:term":[{"taxonomy":"category","embeddable":true,"href":"https:\/\/www.diarioimagen.net\/index.php?rest_route=%2Fwp%2Fv2%2Fcategories&post=606841"},{"taxonomy":"post_tag","embeddable":true,"href":"https:\/\/www.diarioimagen.net\/index.php?rest_route=%2Fwp%2Fv2%2Ftags&post=606841"}],"curies":[{"name":"wp","href":"https:\/\/api.w.org\/{rel}","templated":true}]}}