{"id":606854,"date":"2024-01-16T00:06:45","date_gmt":"2024-01-16T06:06:45","guid":{"rendered":"https:\/\/www.diarioimagen.net\/?p=606854"},"modified":"2024-01-16T00:59:27","modified_gmt":"2024-01-16T06:59:27","slug":"la-bomba-de-sanjuana-2","status":"publish","type":"post","link":"https:\/\/www.diarioimagen.net\/?p=606854","title":{"rendered":"La bomba de Sanjuana"},"content":{"rendered":"<h2>As\u00ed las cosas&#8230;<\/h2>\n<h5>Humberto Mares N.<\/h5>\n<p>&nbsp;<\/p>\n<p>Luego de las publicaciones de Sanjuana Mart\u00ednez Montemayor, ex directora de Notimex, en donde declara que le pidieron el 20 por ciento de sus liquidaciones a los trabajadores de la agencia de noticias para darles una buena liquidaci\u00f3n y de inmediato, y que rechaz\u00f3 la periodista, est\u00e1 ahora en el banquillo de acusados y se\u00f1alada por su compa\u00f1eros de partido y de grupo.<\/p>\n<p>De ser la periodista m\u00e1s honesta, recta y de toda la confianza del se\u00f1or de Palacio, pas\u00f3 a ser la se\u00f1alada y alejada del grupo compacto de Palacio.<\/p>\n<p>Lo que Mart\u00ednez Montemayor denunci\u00f3 sobre la exigencia de 20% del monto de las liquidaciones de los trabajadores de Notimex para la campa\u00f1a, negociadas por el padre de la secretaria, el abogado Arturo Alcalde deja abierta la sospecha de que exista un patr\u00f3n para allegarse recursos ilegales en tiempos electorales en un momento que coincide con las liquidaciones de los trabajadores de Mexicana -cuyo abogado tambi\u00e9n era Alcalde- y Fonatur. Tambi\u00e9n fue asesor del sindicato de Mexicana, cuyos agremiados recibieron liquidaciones por sus servicios la marca, por 815 millones de pesos.<\/p>\n<p>AMLO pidi\u00f3 que presentara pruebas de las liquidaciones ilegales en Notimex, a lo que respondi\u00f3 que lo har\u00eda, mediante denuncias que preparan sus abogados. La se\u00f1ora Mart\u00ednez Montemayor ten\u00eda la intenci\u00f3n de obtener un lugar privilegiado en las listas de legisladores servidores que no hacen campa\u00f1a, para asegurar su vida pol\u00edtica y obtener protecci\u00f3n. Hoy, debido al desenlace del asunto Notimex, lo perdi\u00f3 y seguramente ser\u00e1 borrada de la famosa lista de los buenos.<\/p>\n<p style=\"text-align: center;\"><strong>El acuerdo en cuesti\u00f3n<\/strong><\/p>\n<p>Como que las cuentas no empatan. En la coalici\u00f3n PRI, PAN y PRD (Frente Amplio por M\u00e9xico) los n\u00fameros se emparejaron y a los tres integrantes como que mejoraron mediante el acuerdo titulado titulado \u201cAcuerdo Pol\u00edtico Electoral Coahuila 2023- 2024\u201d dado a conocer el pasado 9 de enero, que caus\u00f3 mucho oleaje y descontentos y enojosos en ambos bandos.<\/p>\n<p>En s\u00edntesis, el acuerdo firmado por los l\u00edderes nacionales de los partidos consist\u00eda en destinar posiciones a integrantes de los equipos de campa\u00f1a de los tres partidos, principalmente priistas y panistas, que participaron y apoyaron la campa\u00f1a del pri\u00edsta Manolo Jim\u00e9nez Salinas, para gobernador. Estos tipos de acuerdos siempre se han hecho. Esto no quiere decir estimado lector que estoy de acuerdo con ello. No, no es lo correcto, debi\u00f3 hacerse bien fundamentado jur\u00eddicamente y con toda transparencia.<\/p>\n<p>La exhibici\u00f3n de Marko Cort\u00e9s, presidente Nacional del PAN, fue una acci\u00f3n de un pol\u00edtico de primaria y s\u00f3lo se exhibi\u00f3. Mal por todos lados. Insisto, siempre se han hecho y existen otros arreglos superiores, como quitarle 10 o el 20 por ciento de salario de los trabajadores para financiar la campa\u00f1a.<\/p>\n<p style=\"text-align: center;\"><strong>Los n\u00fameros<\/strong><\/p>\n<p>Y esa fue la motivaci\u00f3n de la 4T para atacar con todo y desviar la atenci\u00f3n hacia el enemigo. El presidente AMLO calific\u00f3 de \u201cmafioso\u201d el acuerdo de la coalici\u00f3n opositora y Marko Cort\u00e9s de inmediato contest\u00f3: \u201cSe\u00f1or Presidente el \u00fanico mafioso aqu\u00ed es usted\u201d revir\u00f3 Marko Cort\u00e9s, dirigente nacional del PAN, en respuesta a la cr\u00edtica del Ejecutivo federal, quien adem\u00e1s acus\u00f3 casos de corrupci\u00f3n y alianzas con el crimen del actual gobierno.<\/p>\n<p>Dentro de los acuerdos, no el de Coahuila, sino desde que iniciaron, el PAN, PRI y PRD acordaron que en Coahuila el tricolor ser\u00eda mano y lo dejaron a su entero control a cambio de que el PAN ser\u00eda mano en la elecci\u00f3n presidencial y Ciudad de M\u00e9xico. As\u00ed acordaron y lo respetaron. La cuesti\u00f3n est\u00e1 en las posiciones legislativas. En general el PRI sali\u00f3 ganando aunque los n\u00fameros est\u00e1n muy parejos.<\/p>\n<p>En total, el PRI tiene 14 posiciones en la primera f\u00f3rmula y el PAN s\u00f3lo 13, aunque actualmente hay casi el doble de senadores panistas que priistas. Marko Cort\u00e9s s\u00f3lo logr\u00f3 candidaturas al Senado en algunos de sus bastiones como Aguascalientes, Chihuahua y Quer\u00e9taro seg\u00fan el convenio que \u00e9l filtr\u00f3.<\/p>\n<p>Los panistas ocupan el primer lugar en Baja California Baja California Sur Durango Jalisco el estado de M\u00e9xico Nayarit Quintana Roo San Luis Potos\u00ed Tamaulipas y Veracruz.<\/p>\n<p>En la C\u00e1mara de Diputados, la coalici\u00f3n competir\u00e1 como un s\u00f3lo bloque en 253 de los 300 distritos electorales. El PRI podr\u00e1 colocar a 96 candidatos, solo dos menos que el PAN. El PAN tiene actualmente 79 diputados; el PRI s\u00f3lo 49. Este es el precio que la dirigencia del PRI aplic\u00f3 a sus socios, para dejar que manejaran la Presidencia. Obtener el mayor n\u00famero de candidaturas posibles y en lugares competitivos es lo que el PRI crey\u00f3 que val\u00eda su apoyo a la coalici\u00f3n, de pasada, el PRD tambi\u00e9n logr\u00f3 aumentar su cuota legislativa y por eso se qued\u00f3.<\/p>\n<p>El PAN aparentemente gan\u00f3, pero al final \u201cAlito\u201d se sali\u00f3 con la suya y sac\u00f3 la experiencia y logr\u00f3 aumentar las posiciones legislativas del PRI y esto se refleja en la repartici\u00f3n, que muchos de los diputados y senadores buscar\u00e1n reelegirse, o ir a campa\u00f1a o buscar otra posici\u00f3n y ceder su lugar en el legislativo.<\/p>\n<p>El pleito pleno est\u00e1 en las posiciones claves en los mandos de las c\u00e1maras o en la administraci\u00f3n p\u00fablica, seg\u00fan el partido que gane la presidencial, las 9 gubernaturas en juego y hasta las alcald\u00edas de ciudades grandes. As\u00ed las cosas, hasta pronto.<\/p>\n<p><a href=\"mailto:hmares21@gmail.com\" target=\"_blank\" rel=\"noopener\"><em>hmares21@gmail.com<\/em><\/a><\/p>\n","protected":false},"excerpt":{"rendered":"<p><span style=\"color: #005497;\"><strong>Humberto Mares N.<\/strong><\/span><\/p>\n","protected":false},"author":3,"featured_media":0,"comment_status":"open","ping_status":"open","sticky":false,"template":"","format":"standard","meta":{"_monsterinsights_skip_tracking":false,"_monsterinsights_sitenote_active":false,"_monsterinsights_sitenote_note":"","_monsterinsights_sitenote_category":0,"footnotes":""},"categories":[15043],"tags":[92044,92045,43674],"class_list":["post-606854","post","type-post","status-publish","format-standard","hentry","category-humberto-mares-n","tag-asi-las-cosas","tag-humberto-mares-n","tag-opinion"],"_links":{"self":[{"href":"https:\/\/www.diarioimagen.net\/index.php?rest_route=\/wp\/v2\/posts\/606854","targetHints":{"allow":["GET"]}}],"collection":[{"href":"https:\/\/www.diarioimagen.net\/index.php?rest_route=\/wp\/v2\/posts"}],"about":[{"href":"https:\/\/www.diarioimagen.net\/index.php?rest_route=\/wp\/v2\/types\/post"}],"author":[{"embeddable":true,"href":"https:\/\/www.diarioimagen.net\/index.php?rest_route=\/wp\/v2\/users\/3"}],"replies":[{"embeddable":true,"href":"https:\/\/www.diarioimagen.net\/index.php?rest_route=%2Fwp%2Fv2%2Fcomments&post=606854"}],"version-history":[{"count":0,"href":"https:\/\/www.diarioimagen.net\/index.php?rest_route=\/wp\/v2\/posts\/606854\/revisions"}],"wp:attachment":[{"href":"https:\/\/www.diarioimagen.net\/index.php?rest_route=%2Fwp%2Fv2%2Fmedia&parent=606854"}],"wp:term":[{"taxonomy":"category","embeddable":true,"href":"https:\/\/www.diarioimagen.net\/index.php?rest_route=%2Fwp%2Fv2%2Fcategories&post=606854"},{"taxonomy":"post_tag","embeddable":true,"href":"https:\/\/www.diarioimagen.net\/index.php?rest_route=%2Fwp%2Fv2%2Ftags&post=606854"}],"curies":[{"name":"wp","href":"https:\/\/api.w.org\/{rel}","templated":true}]}}