{"id":606915,"date":"2024-01-17T00:03:21","date_gmt":"2024-01-17T06:03:21","guid":{"rendered":"https:\/\/www.diarioimagen.net\/?p=606915"},"modified":"2024-01-17T01:17:04","modified_gmt":"2024-01-17T07:17:04","slug":"inicia-gobierno-del-edomex-censo-de-productores-agricolas-en-texcaltitlan","status":"publish","type":"post","link":"https:\/\/www.diarioimagen.net\/?p=606915","title":{"rendered":"Inicia gobierno del Edomex censo de productores agr\u00edcolas en Texcaltitl\u00e1n"},"content":{"rendered":"<p>&nbsp;<\/p>\n<p><a href=\"https:\/\/www.diarioimagen.net\/?attachment_id=606993\" rel=\"attachment wp-att-606993\"><img loading=\"lazy\" decoding=\"async\" class=\"aligncenter size-full wp-image-606993\" src=\"https:\/\/www.diarioimagen.net\/wp-content\/uploads\/2024\/01\/inicia-gobierno-edomex.jpg\" alt=\"\" width=\"460\" height=\"270\" \/><\/a><\/p>\n<p>&nbsp;<\/p>\n<p><strong>Texcaltitl\u00e1n, Estado de M\u00e9xico.\u2014 <\/strong>Dando continuidad a la Estrategia Transversal para la Construcci\u00f3n de la Paz en Texcaltitl\u00e1n, la Secretar\u00eda del Campo realiz\u00f3 un registro de productores en este municipio para conocer sus necesidades productivas y dar seguimiento a los productores.<\/p>\n<p>En ese sentido, se les brindar\u00e1 acompa\u00f1amiento t\u00e9cnico para mejorar su producci\u00f3n, evitar plagas postcosecha y generar\u00e1n capacitaciones para elaborar fertilizantes org\u00e1nicos y eficientar el uso de agua la pr\u00f3xima temporada de siembra, dichas actividades forman parte de la estrategia estatal de parte del Gobierno del Estado de M\u00e9xico que encabeza la Maestra Delfina G\u00f3mez \u00c1lvarez. Resguardados, cerca de 100 trabajadores de la Secretar\u00eda del Campo recorrieron las comunidades de Texcapilla, Palmillas, Llano Grande, Ojo de Agua, la Gavia y Venta Morales, pertenecientes a dos n\u00facleos agrarios dentro del municipio. En la actividad se registraron m\u00e1s de 822 productores.<\/p>\n<p>&nbsp;<\/p>\n<p>&nbsp;<\/p>\n","protected":false},"excerpt":{"rendered":"<p>Dando continuidad a la Estrategia Transversal para la Construcci\u00f3n de la Paz en Texcaltitl\u00e1n, la Secretar\u00eda del Campo realiz\u00f3 un registro de productores en este municipio para conocer sus necesidades productivas y dar seguimiento a los productores.<\/p>\n","protected":false},"author":3,"featured_media":606993,"comment_status":"open","ping_status":"open","sticky":false,"template":"","format":"standard","meta":{"_monsterinsights_skip_tracking":false,"_monsterinsights_sitenote_active":false,"_monsterinsights_sitenote_note":"","_monsterinsights_sitenote_category":0,"footnotes":""},"categories":[5],"tags":[43675,76462,99218,50922],"class_list":["post-606915","post","type-post","status-publish","format-standard","has-post-thumbnail","hentry","category-estado-de-mexico","tag-estado-de-mexico","tag-plagas","tag-postcosecha","tag-texcaltitlan"],"_links":{"self":[{"href":"https:\/\/www.diarioimagen.net\/index.php?rest_route=\/wp\/v2\/posts\/606915","targetHints":{"allow":["GET"]}}],"collection":[{"href":"https:\/\/www.diarioimagen.net\/index.php?rest_route=\/wp\/v2\/posts"}],"about":[{"href":"https:\/\/www.diarioimagen.net\/index.php?rest_route=\/wp\/v2\/types\/post"}],"author":[{"embeddable":true,"href":"https:\/\/www.diarioimagen.net\/index.php?rest_route=\/wp\/v2\/users\/3"}],"replies":[{"embeddable":true,"href":"https:\/\/www.diarioimagen.net\/index.php?rest_route=%2Fwp%2Fv2%2Fcomments&post=606915"}],"version-history":[{"count":0,"href":"https:\/\/www.diarioimagen.net\/index.php?rest_route=\/wp\/v2\/posts\/606915\/revisions"}],"wp:featuredmedia":[{"embeddable":true,"href":"https:\/\/www.diarioimagen.net\/index.php?rest_route=\/wp\/v2\/media\/606993"}],"wp:attachment":[{"href":"https:\/\/www.diarioimagen.net\/index.php?rest_route=%2Fwp%2Fv2%2Fmedia&parent=606915"}],"wp:term":[{"taxonomy":"category","embeddable":true,"href":"https:\/\/www.diarioimagen.net\/index.php?rest_route=%2Fwp%2Fv2%2Fcategories&post=606915"},{"taxonomy":"post_tag","embeddable":true,"href":"https:\/\/www.diarioimagen.net\/index.php?rest_route=%2Fwp%2Fv2%2Ftags&post=606915"}],"curies":[{"name":"wp","href":"https:\/\/api.w.org\/{rel}","templated":true}]}}