{"id":606937,"date":"2024-01-17T00:01:47","date_gmt":"2024-01-17T06:01:47","guid":{"rendered":"https:\/\/www.diarioimagen.net\/?p=606937"},"modified":"2024-01-17T01:14:14","modified_gmt":"2024-01-17T07:14:14","slug":"inclusive-collection-part-of-world-of-hyatt-anuncia-su-expansion","status":"publish","type":"post","link":"https:\/\/www.diarioimagen.net\/?p=606937","title":{"rendered":"<em>Inclusive Collection Part<\/em> of <em>World of Hyatt<\/em> anuncia su expansi\u00f3n"},"content":{"rendered":"<h2>De cinco estrellas<\/h2>\n<h5>Victoria Gonz\u00e1lez Prado<\/h5>\n<p>&nbsp;<\/p>\n<ul>\n<li><strong><em>ANA obtiene reconocimiento 5 estrellas de <\/em>SKYTRAX<em> por 11 a\u00f1os consecutivos<\/em><\/strong><\/li>\n<li><strong><em>El Tianguis Tur\u00edstico 2025 ser\u00e1 en Tijuana, Baja California<\/em><\/strong><\/li>\n<\/ul>\n<p>&nbsp;<\/p>\n<div id=\"attachment_606983\" style=\"width: 470px\" class=\"wp-caption aligncenter\"><a href=\"https:\/\/www.diarioimagen.net\/?attachment_id=606983\" rel=\"attachment wp-att-606983\"><img loading=\"lazy\" decoding=\"async\" aria-describedby=\"caption-attachment-606983\" class=\"size-full wp-image-606983\" src=\"https:\/\/www.diarioimagen.net\/wp-content\/uploads\/2024\/01\/turismo-estrellas-5.jpg\" alt=\"\" width=\"460\" height=\"270\" \/><\/a><p id=\"caption-attachment-606983\" class=\"wp-caption-text\">Durante la reuni\u00f3n en la BMV.<\/p><\/div>\n<p>&nbsp;<\/p>\n<p>Con la intenci\u00f3n de agradecer el apoyo brindado, como cada a\u00f1o, a socios comerciales, clientes y prensa, <strong>Gonzalo del Pe\u00f3n<\/strong>, <em>Group President, Global Commercial, Inclusive Collection, part of World of Hyatt<\/em> presidi\u00f3 reuni\u00f3n en las instalaciones de la Bolsa de Valores (BMV) en la Ciudad de M\u00e9xico.<\/p>\n<p>Previo a la reuni\u00f3n, hubo un recorrido dirigido por el Museo de la BMX, espacio dedicado a la narraci\u00f3n hist\u00f3rica enfocada en la cultura burs\u00e1til del pa\u00eds. Con la creaci\u00f3n de este espacio y la Escuela de la Bolsa inaugurada hace un a\u00f1o, el museo difunde entre todo el p\u00fablico, y especialmente entre estudiantes universitarios el conocimiento de temas financieros y muestra la forma en que ha contribuido en el desarrollo del pa\u00eds.<\/p>\n<p>El Museo de la Bolsa propone un recorrido cronol\u00f3gico desde sus inicios en 1894, hasta su consolidaci\u00f3n como instituci\u00f3n confiable y eficiente. Su principal objetivo es difundir el conocimiento de la cultura burs\u00e1til y la importancia hist\u00f3rica que ha tenido la BMV en M\u00e9xico.<\/p>\n<p>La expo se desarrolla a trav\u00e9s de una l\u00ednea de tiempo que entrelaza los diferentes n\u00facleos tem\u00e1ticos, pasando por el surgimiento de las primeras Bolsas (B\u00e9lgica en el siglo XIII y Holanda en el siglo XVII), las caracter\u00edsticas operativas y arquitect\u00f3nicas de las distintas sedes de la BMV, su evoluci\u00f3n legal y administrativa, la constante innovaci\u00f3n tecnol\u00f3gica\u00a0 y su perfil vanguardista en el panorama internacional.<\/p>\n<p>Luego se ofreci\u00f3 un brindis en el que <strong>Gonzalo del Pe\u00f3n<\/strong>, acompa\u00f1ado por <strong>Gabriel Felip<\/strong>, <em>Group President, Inclusive Collection Global Operations; <\/em><strong>Philippe Frey<\/strong>, <em>Managing Director de Inclusive Collection Americas;<\/em> <strong>Yarla Covarrubias<\/strong>, directora Comercial M\u00e9xico; <strong>Luis N\u00fa\u00f1ez<\/strong>, vicepresidente de Ventas Globales para Las Am\u00e9ricas ambos de <em>Inclusive Collection<\/em>; <strong>Juan Pablo Puerta<\/strong>, CFO de ALG y <strong>Christophe Lorvo<\/strong>, vicepresidente de \u00c1rea y gerente general de <em>Hyatt Regency Mexico City, <\/em>aprovech\u00f3 la ocasi\u00f3n para desear que 2024 sea un a\u00f1o de salud y \u00e9xitos.<\/p>\n<p>Al referirse a la cadena hotelera asegur\u00f3, \u201ceste a\u00f1o ha sido de grandes retos, pero fue positivo para nosotros. En los \u00faltimos dos a\u00f1os, la compa\u00f1\u00eda report\u00f3 un gran crecimiento en ingresos y los propietarios de los hoteles obtuvieron beneficios, se innov\u00f3 en atractivos y nuevas propiedades para satisfacer a los hu\u00e9spedes m\u00e1s exigentes.<\/p>\n<p>El presidente del Grupo <em>Inclusive Collection<\/em>, resumi\u00f3 las aperturas realizadas en 2023, y dio a conocer las programadas para 2024, \u201cser\u00e1n seis hoteles en los siguientes seis meses y sumar\u00e1n m\u00e1s de 4 mil 406 habitaciones en M\u00e9xico, Rep\u00fablica Dominicana y St. Luc\u00eda, el esperado inicio de operaciones de nuestra nueva marca <em>Hyatt Vivid<\/em>, y Mazatl\u00e1n como nuevo destino en el portafolio de la compa\u00f1\u00eda en M\u00e9xico\u201d.<\/p>\n<p>Destac\u00f3 la apertura de <em>Sunscape Coco Punta Cana<\/em> con mil 91 habitaciones que empez\u00f3 a recibir hu\u00e9spedes el 30 de noviembre pasado. <em>Sunscape Dominicus La Romana<\/em>, 854 habitaciones abri\u00f3 el pasado 15 de enero y ese mismo d\u00eda abri\u00f3 <em>Secrets Tides<\/em> con 854 habitaciones.<\/p>\n<p><em>Secrets St. Lucia<\/em>, 342 habitaciones abrir\u00e1 en este a\u00f1o y, en M\u00e9xico, <em>Secrets Playa Blanca Costa Mujeres<\/em>, con 507 suites abrir\u00e1 en febrero pr\u00f3ximo. <em>Dreams Estrella del Mar Mazatl\u00e1n Golf &amp; Spa<\/em> <em>Resorts<\/em> en abril pr\u00f3ximo y ser\u00e1 el primer <em>all inclusive<\/em> de lujo en operar en la Perla del Pac\u00edfico mexicano. Es un hotel familiar con parque acu\u00e1tico, r\u00edo artificial, varias piscinas y 358 <em>suites<\/em> con vistas al mar \u2014incluyendo 29 <em>swim-out<\/em> <em>suites<\/em> y secci\u00f3n especial s\u00f3lo para adultos\u2014, ubicado en un terreno de 5 hect\u00e1reas con frente de playa de 293 metros. Su dise\u00f1o est\u00e1 inspirado en el Centro Hist\u00f3rico de Mazatl\u00e1n, y sobresale la belleza y vegetaci\u00f3n de la regi\u00f3n.<\/p>\n<p>La nueva marca <em>Hyatt Vivid<\/em> va a redefinir la hospitalidad con un enfoque informal. Dise\u00f1ado para la pr\u00f3xima generaci\u00f3n de viajeros, ofrece itinerarios locales, programas y entretenimiento que inspiran la interacci\u00f3n social. La propuesta gastron\u00f3mica incluye <em>food trucks <\/em>y opciones casuales. El primer inmueble abrir\u00e1 el 15 de marzo pr\u00f3ximo con 400 habitaciones, que combinan comodidad y dise\u00f1o inspirado en la deidad maya Kukulc\u00e1n. Los hu\u00e9spedes tendr\u00e1n acceso al hotel hermano <em>Dreams Grand Island<\/em> con 660 habitaciones cuando sea inaugurado, lo que ampliar\u00e1 las opciones para una experiencia completa.<\/p>\n<p>Las exclusivas inclusiones <em>Unlimited-Luxury<\/em> de ambos hoteles brindan servicios <em>premium<\/em> como mesero en piscina, bebidas ilimitadas y eventos diarios. La oferta culinaria abarca 19 conceptos \u00fanicos desde cocina japonesa hasta mediterr\u00e1nea y se podr\u00e1 disfrutar de spa de 7 mil metros cuadrados, gimnasio, piscinas y mucho m\u00e1s.<\/p>\n<p>\u2730\u2730\u2730\u2730\u2730 <em>All Nippon Airways<\/em> (ANA), obtuvo la designaci\u00f3n de calidad de servicio de 5 estrellas de <em>SKYTRAX,<\/em> organizaci\u00f3n internacional independiente l\u00edder a nivel mundial en la calificaci\u00f3n del transporte a\u00e9reo. ANA es la \u00fanica aerol\u00ednea japonesa que ha mantenido la calificaci\u00f3n de 5 estrellas por 11 a\u00f1os consecutivos desde 2013, siendo testimonio de su compromiso inquebrantable, dedicaci\u00f3n y hospitalidad mostrada por sus empleados.<\/p>\n<p>La \u201cCalificaci\u00f3n de Estrellas de Aerol\u00edneas Internacionales\u201d se basa en una auditor\u00eda rigurosa en la que eval\u00faan los est\u00e1ndares de calidad del servicio a bordo y en el aeropuerto de cada aerol\u00ednea. Las calificaciones de 5 estrellas se otorgan a las aerol\u00edneas que proporcionan consistentemente servicio de alta calidad. Solo 10 aerol\u00edneas en el mundo han obtenido la m\u00e1xima calificaci\u00f3n de 5 estrellas, y ANA es la \u00fanica aerol\u00ednea japonesa que ha mantenido esta distinci\u00f3n durante una d\u00e9cada de forma consecutiva.<\/p>\n<p>La compa\u00f1\u00eda recibi\u00f3 grandes elogios por su alto nivel de servicio continuo proporcionado por su personal en todos los aspectos del viaje. El premio tambi\u00e9n reconoci\u00f3 los esfuerzos continuos para mejorar sus productos y ofertas de servicio para garantizar una experiencia de viaje a\u00e9reo m\u00e1s segura y c\u00f3moda.<\/p>\n<p><strong>Shinichi Inoue<\/strong>, presidente y CEO de ANA asegur\u00f3: \u201cla designaci\u00f3n de 5 estrellas por <em>SKYTRAX<\/em> durante m\u00e1s de una d\u00e9cada refleja el compromiso inquebrantable de nuestro equipo con la excelencia y la entrega de servicio excepcional para nuestros clientes. Mientras celebramos este logro, permaneceremos firmes en continuar nuestros esfuerzos durante los pr\u00f3ximos diez a\u00f1os y m\u00e1s all\u00e1\u201d.<\/p>\n<p>En julio de 2023, despu\u00e9s de una pausa de tres a\u00f1os, la l\u00ednea a\u00e9rea reanud\u00f3 vuelos internacionales desde la Terminal 2 del Aeropuerto de Haneda. Adem\u00e1s de ofrecer una de las salas para vuelos de salida internacional m\u00e1s grandes de Jap\u00f3n, los pasajeros ahora pueden pasar hacia y desde vuelos nacionales dentro de la misma terminal.<\/p>\n<p>Asimismo, comenz\u00f3 a operar su tercer <em>Airbus A380 \u201cFlying Honu<\/em>\u201d en la ruta Narita-Honolulu el 20 de octubre de 2023 y, desde el 6 de diciembre pasado, ha realizado dos vuelos diarios utilizando el <em>Airbus A380 \u201cFlying Honu\u201d <\/em>que opera entre Narita y Honolulu.<\/p>\n<p>El compromiso de la l\u00ednea a\u00e9rea es proporcionar un ambiente c\u00f3modo durante el vuelo y se refleja en los servicios de limpieza de cabina que son de alta calidad. Esta dedicaci\u00f3n fue reconocida en junio de 2023, cuando obtuvo el premio a la \u201cAerol\u00ednea m\u00e1s limpia del Mundo\u201d en los <em>World\u2019s Airline Awards<\/em> de <em>SKYTRAX<\/em>.<\/p>\n<p>Como parte de la Promesa Futura, ANA est\u00e1 promoviendo la \u201cuniversalizaci\u00f3n de la comida\u201d a bordo para satisfacer las preferencias diet\u00e9ticas de cada pasajero. Esto incluye renovaci\u00f3n de comidas veganas, vegetarianas y sin gluten, as\u00ed como la expansi\u00f3n de art\u00edculos sobre pedido.<\/p>\n<p>La aerol\u00ednea contin\u00faa su compromiso priorizando la seguridad de sus clientes y empleados, y ofrece servicios y productos de la m\u00e1s alta calidad.<\/p>\n<p>\u2730\u2730\u2730\u2730\u2730<strong> Miguel Torruco<\/strong>, secretario de Turismo federal anunci\u00f3 que, por unanimidad, el Comit\u00e9 de Selecci\u00f3n design\u00f3 a la ciudad de Tijuana, Baja California como sede de la 49 versi\u00f3n del Tianguis Tur\u00edstico 2025 luego de evaluar y analizar las propuestas presentadas por Nuevo Le\u00f3n, Puebla y Baja California.<\/p>\n<p>&nbsp;<\/p>\n<blockquote>\n<p style=\"text-align: right;\">\u201c<strong>El<\/strong> <strong>\u00e1ngel de la fama tiene sus alas hechas de papel&#8230; peri\u00f3dico\u201d.<br \/>\n<\/strong><\/p>\n<\/blockquote>\n<p>&nbsp;<\/p>\n<p><em><span class=\"Apple-converted-space\"><a href=\"mailto:victoriagprado@gmail.com\" target=\"_blank\" rel=\"noopener noreferrer\">victoriagprado@gmail.com<\/a><br \/>\nX: <a href=\"https:\/\/twitter.com\/victoriagprado\" target=\"_blank\" rel=\"noopener noreferrer\">@victoriagprado<\/a><\/span><\/em><\/p>\n","protected":false},"excerpt":{"rendered":"<p>Con la intenci\u00f3n de agradecer el apoyo brindado, como cada a\u00f1o, a socios comerciales, clientes y prensa, <strong>Gonzalo del Pe\u00f3n<\/strong>, <em>Group President, Global Commercial, Inclusive Collection, part of World of Hyatt<\/em> presidi\u00f3 reuni\u00f3n en las instalaciones de la Bolsa de Valores (BMV) en la Ciudad de M\u00e9xico.<\/p>\n","protected":false},"author":3,"featured_media":606983,"comment_status":"open","ping_status":"open","sticky":false,"template":"","format":"standard","meta":{"_monsterinsights_skip_tracking":false,"_monsterinsights_sitenote_active":false,"_monsterinsights_sitenote_note":"","_monsterinsights_sitenote_category":0,"footnotes":""},"categories":[11],"tags":[107,43674,43681,106],"class_list":["post-606937","post","type-post","status-publish","format-standard","has-post-thumbnail","hentry","category-turismo","tag-de-cinco-estrellas","tag-opinion","tag-turismo","tag-victoria-gonzalez-prado"],"_links":{"self":[{"href":"https:\/\/www.diarioimagen.net\/index.php?rest_route=\/wp\/v2\/posts\/606937","targetHints":{"allow":["GET"]}}],"collection":[{"href":"https:\/\/www.diarioimagen.net\/index.php?rest_route=\/wp\/v2\/posts"}],"about":[{"href":"https:\/\/www.diarioimagen.net\/index.php?rest_route=\/wp\/v2\/types\/post"}],"author":[{"embeddable":true,"href":"https:\/\/www.diarioimagen.net\/index.php?rest_route=\/wp\/v2\/users\/3"}],"replies":[{"embeddable":true,"href":"https:\/\/www.diarioimagen.net\/index.php?rest_route=%2Fwp%2Fv2%2Fcomments&post=606937"}],"version-history":[{"count":0,"href":"https:\/\/www.diarioimagen.net\/index.php?rest_route=\/wp\/v2\/posts\/606937\/revisions"}],"wp:featuredmedia":[{"embeddable":true,"href":"https:\/\/www.diarioimagen.net\/index.php?rest_route=\/wp\/v2\/media\/606983"}],"wp:attachment":[{"href":"https:\/\/www.diarioimagen.net\/index.php?rest_route=%2Fwp%2Fv2%2Fmedia&parent=606937"}],"wp:term":[{"taxonomy":"category","embeddable":true,"href":"https:\/\/www.diarioimagen.net\/index.php?rest_route=%2Fwp%2Fv2%2Fcategories&post=606937"},{"taxonomy":"post_tag","embeddable":true,"href":"https:\/\/www.diarioimagen.net\/index.php?rest_route=%2Fwp%2Fv2%2Ftags&post=606937"}],"curies":[{"name":"wp","href":"https:\/\/api.w.org\/{rel}","templated":true}]}}