{"id":607022,"date":"2024-01-17T00:12:35","date_gmt":"2024-01-17T06:12:35","guid":{"rendered":"https:\/\/www.diarioimagen.net\/?p=607022"},"modified":"2024-01-17T01:39:54","modified_gmt":"2024-01-17T07:39:54","slug":"ahora-si-hay-tiro-claudia-y-xochitl-con-las-mismas-posibilidades-de-llegar","status":"publish","type":"post","link":"https:\/\/www.diarioimagen.net\/?p=607022","title":{"rendered":"\u00a1Ahora s\u00ed hay tiro!&#8230; Claudia y X\u00f3chitl con las mismas posibilidades de llegar"},"content":{"rendered":"<h2>Tras la puerta del poder<\/h2>\n<h5>Roberto Vizca\u00edno<\/h5>\n<p>&nbsp;<\/p>\n<p>Luego de que la hidalguense atiborr\u00f3 la Arena CDMX con m\u00e1s de 22 mil simpatizantes, y de que ella arrastra el fracaso de ni siquiera poder llenar una tercera parte del Estadio Azul, <strong>Claudia Sheinbaum<\/strong> no pod\u00eda seguir ignorando a <strong>X\u00f3chitl G\u00e1lvez<\/strong>.<\/p>\n<p>Menos con esa venenosa estocada lanzada por la candidata del Frente Opositor de que la candidata <strong>Sheinbaum<\/strong> ten\u00eda que \u201c<em>pedir permiso<\/em>\u201d a <strong>AMLO<\/strong> para poder debatir.<\/p>\n<p>La imagen igual jug\u00f3 y juega un papel importante. Mientras <strong>Claudia<\/strong> aparece esmirriada, rostro duro, sonrisa forzada, discurso fr\u00edo que no motiva ni los m\u00e1s animosos esquimales de la 4T, la hidalguense <strong>G\u00e1lvez<\/strong> aparece llenita, sonriente, ojos encendidos, sonrosada y ocurrente, fresca, dicharachera, y siempre rodeada por muchos entusiastas seguidores, pero igualmente c\u00e1ustica, demoledora.<\/p>\n<p>Si no me cree, busque su discurso del domingo. Es directo y devastador para <strong>AMLO<\/strong> y <strong>Claudia<\/strong>, y los intentos transexenales de ambos.<\/p>\n<p>La verdad es que <strong>X\u00f3chitl<\/strong> no s\u00f3lo \u201c<strong><em>despabil\u00f3<\/em><\/strong>\u201d el domingo pasado a una parsimoniosa, aburrida, repetitiva y vac\u00eda de propuestas candidata presidencial de <strong>AMLO-Morena<\/strong> y c\u00eda, sino que irrumpi\u00f3 en el asombro de cr\u00edticos y sesudos analistas pol\u00edticos de caf\u00e9 y diarios en la WEB que la hac\u00edan perdida y sin futuro en esta contienda presidencial.<\/p>\n<p>De repente estos observadores igual despertaron como la <strong>Sheinbaum<\/strong> y calificaron a la hidalguense con un 8, un 10 por su capacidad de convocatoria y por su discurso fluido y lleno de propuestas, y se\u00f1alamientos ocurrentes como v\u00e1lidos, y cr\u00edticas certeras al r\u00e9gimen por terminar.<\/p>\n<p>S\u00f3lo les falt\u00f3 decir:<\/p>\n<p style=\"text-align: center;\">\u201c\u00a1<strong>Ahora s\u00ed hay tiro<\/strong>!\u201d<\/p>\n<p>Para eso estamos nosotros que lo adelantamos hace meses mientras que otros la daban por derrotada y desechada sin haber siquiera iniciado nada.<\/p>\n<p>Hoy no s\u00f3lo <strong><em>hay tiro<\/em><\/strong>, sino que la senadora <strong>G\u00e1lvez<\/strong> se apunta no s\u00f3lo como una firme y muy posible primera presidenta de M\u00e9xico, sino por surgir del Senado, del Poder Legislativo, abriendo un nuevo camino en el ascenso institucional al Poder en M\u00e9xico.<\/p>\n<p>La perspectiva para <strong>Sheinbaum<\/strong> no es para nada buena en esta contienda. Ya <strong>X\u00f3chitl<\/strong> apunt\u00f3 los temas de la campa\u00f1a y los debates: su responsabilidad directa en el derrumbe del Colegio R\u00e9bsamen y los 26 muertos de ese percance, 19 de ellos ni\u00f1os; y la negligencia en la ca\u00edda de la L\u00ednea 12 del Metro, con otros 27 muertos.<\/p>\n<p>Y por pedir continuidad de un gobierno que ha provocado la destrucci\u00f3n de instituciones esenciales, que ha intentado destruir otras como el INE, la Suprema Corte, el Tribunal Electoral, el INAI, y muchos m\u00e1s.<\/p>\n<p>Por pretender seguir adelante con proyectos absurdos e irrealizables como el de las pensiones al 100% y que el Gobierno siguiente absorba la mayor parte de ese costo financiero cuando no tiene ingresos para garantizar esa erogaci\u00f3n.<\/p>\n<p>O buscar la continuidad de una pol\u00edtica de seguridad p\u00fablica que ha generado ya 170 mil muertos y la expansi\u00f3n de carteles y crimen organizado que ya llega al absurdo de cobrar derecho de piso a productores de chiles, jitomates y cebollas.<\/p>\n<p>Ni <strong>Claudia<\/strong> ni su creador, el presidente <strong>L\u00f3pez Obrador<\/strong> podr\u00e1n eludir ese debate. Ni el del fracaso del sistema de salud, ni el del desabasto de medicamentos esenciales, ni el del desastre que ha significado persistir en obras como Dos Bocas, ni sobre la devastaci\u00f3n de la selva provocada por el Tren Maya, y\u2026<\/p>\n<p>En todo esto contar\u00e1 el agotamiento, hartazgo de sectores muy importantes de la poblaci\u00f3n respecto del gobierno de <strong>L\u00f3pez Obrador<\/strong>. Los primeros, las clases medias e ilustradas integradas por acad\u00e9micos, profesionistas, comerciantes, industriales medios, aspiracionistas todos. Las mujeres.<\/p>\n<p>Marzo, abril y mayo ser\u00e1n 3 meses muy intensos. Y en medio el choque de dos candidatas absolutamente dis\u00edmbolas, opuestas en pr\u00e1cticamente todo lo esencial. En origen e intenci\u00f3n.<\/p>\n<p>\u00bfSigue usted pensando que <strong>X\u00f3chitl<\/strong> es un mito? \u00bfQu\u00e9 no tiene posibilidad alguna? \u00bfNeta?<\/p>\n<p style=\"text-align: center;\"><strong>El Senado homenajea a periodistas<\/strong><\/p>\n<p>El chiapaneco <strong>Eduardo Ram\u00edrez<\/strong>, presidente de la Junta de Coordinaci\u00f3n Pol\u00edtica del Senado \u2014y precandidato a gobernador en Chiapas por Morena\u2014, encabez\u00f3 la tarde de ayer un acto de reconocimiento a periodistas por la celebraci\u00f3n del 20 Aniversario de la Academia Nacional de Periodistas de Radio y Televisi\u00f3n, la ANPERT, presidida en forma sobresaliente por el periodista y conductor <strong>Miguel \u00c1ngel L\u00f3pez Far\u00edas.<\/strong><\/p>\n<p><strong>Al evento<\/strong>, <strong>realizado en el Sal\u00f3n de Plenos de la Permanente<\/strong>, acudi\u00f3 un centenar de periodistas de esta organizaci\u00f3n que ha sido dirigida en este entretiempo por los periodistas <strong>Carlos Ramos Padilla<\/strong>, <strong>Vladimir Galeana<\/strong>, <strong>Leopoldo Mend\u00edvil<\/strong> y <strong>Enrique Lazcano.<\/strong><\/p>\n<p>Reconocida como un puente de di\u00e1logo abierto y plural, inteligente y profesional entre sus integrantes y personajes esenciales de la vida nacional, la ANPERT suma a reconocidos talentos de la comunicaci\u00f3n y la informaci\u00f3n como: <strong>Mois\u00e9s S\u00e1nchez Lim\u00f3n<\/strong>, <strong>Marta Eugenia D\u00e1vila<\/strong>, <strong>Jos\u00e9 <em>Pepe<\/em> Negrete<\/strong>, <strong>Ram\u00f3n Fuster<\/strong>, <strong>Salvador <em>Chava<\/em> Mart\u00ednez<\/strong>, <strong>Eloy Caloca <\/strong>(hoy bajo tratamiento m\u00e9dico), <strong>Judith \u00c1lamo y Gonzalo \u00c1lvarez del Villar; Judith S\u00e1nchez <\/strong>(nuevo valor en este oficio), <strong>Judith D\u00edaz<\/strong>, <strong>Adriana P\u00e1ramo<\/strong>, <strong>Ale del R\u00edo<\/strong>, <strong>Alejandro \u00c1lvarez<\/strong>, <strong>Adriana Garc\u00eda<\/strong>, <strong>Arturo Carlos Aguilar Franco<\/strong>, <strong>Carlos Bonilla<\/strong>, <strong>Carlos Javier<\/strong>, <strong>Chris Ponce<\/strong>, <strong>Claudia Luna Palencia<\/strong>, <strong>Daniel Camargo<\/strong>, <strong>Daniel Ib\u00e1\u00f1ez<\/strong>, <strong>Enrique Acu\u00f1a<\/strong>, <strong>Enrique Lazcano<\/strong>, <strong>Federico la Mont<\/strong>, <strong>Fernando Castro<\/strong>, <strong>Gisela Ram\u00edrez<\/strong>, <strong>Hugo Otilio Delgadillo<\/strong>, <strong>Ivonne Romero<\/strong>, <strong>Ivonne Velasco<\/strong>, <strong>Jes\u00fas Corona Osorio<\/strong>, <strong>Jorge Tinajero<\/strong>, <strong>Jos\u00e9 Eduardo Campos<\/strong>, <strong>Jos\u00e9 Luis Benavides<\/strong>, <strong>Jos\u00e9 Luis Camacho<\/strong>, <strong>Manuel Aparicio<\/strong>, <strong>Marco Espinoza<\/strong>, <strong>Mario Rosales<\/strong>, <strong>Miguel B\u00e1rcena<\/strong>, <strong>Paco Ram\u00edrez<\/strong>, <strong>Ramiro Pineda<\/strong>, <strong>Roberto Cienfuegos<\/strong>, <strong>Sa\u00fal Ram\u00edrez<\/strong>, <strong>Upa Ruiz y Viri Ruiz<\/strong>.<\/p>\n<p>A quienes me faltaron les pido disculpas, pero saben que son igualmente valiosos y apreciados en esta organizaci\u00f3n.<\/p>\n<p>Todos ellos celebraron junto a quien esto escribe estos primeros 20 a\u00f1os de la ANPERT, ayer festejada y reconocida en el Senado de la Rep\u00fablica.<\/p>\n<p><em><a href=\"mailto:rvizcainoa@gmail.com\" target=\"_blank\" rel=\"noopener noreferrer\">vizcainoa@gmail.com<\/a><a href=\"mailto:rvizcainoa@gmail.com\" target=\"_blank\" rel=\"noopener noreferrer\"><br \/>\n<\/a><a href=\"http:\/\/endirecto.mx\" target=\"_blank\" rel=\"noopener noreferrer\">www.endirecto.mx<\/a><a href=\"mailto:rvizcainoa@gmail.com\" target=\"_blank\" rel=\"noopener noreferrer\"><br \/>\n<\/a><a href=\"https:\/\/twitter.com\/_rvizcaino\" target=\"_blank\" rel=\"noopener noreferrer\">@_RVizcaino<\/a><a href=\"mailto:rvizcainoa@gmail.com\" target=\"_blank\" rel=\"noopener noreferrer\"><br \/>\n<\/a><a href=\"https:\/\/www.facebook.com\/rvizcainoa\" target=\"_blank\" rel=\"noopener noreferrer\">facebook.com\/rvizcainoa<\/a><\/em><\/p>\n","protected":false},"excerpt":{"rendered":"<p><span style=\"color: #005497;\"><strong>Roberto Vizca\u00edno<\/strong><\/span><\/p>\n","protected":false},"author":3,"featured_media":0,"comment_status":"open","ping_status":"open","sticky":false,"template":"","format":"standard","meta":{"_monsterinsights_skip_tracking":false,"_monsterinsights_sitenote_active":false,"_monsterinsights_sitenote_note":"","_monsterinsights_sitenote_category":0,"footnotes":""},"categories":[136],"tags":[43674,93,94],"class_list":["post-607022","post","type-post","status-publish","format-standard","hentry","category-roberto-vizcaino-opinion","tag-opinion","tag-roberto-vizcaino","tag-tras-la-puerta-del-poder"],"_links":{"self":[{"href":"https:\/\/www.diarioimagen.net\/index.php?rest_route=\/wp\/v2\/posts\/607022","targetHints":{"allow":["GET"]}}],"collection":[{"href":"https:\/\/www.diarioimagen.net\/index.php?rest_route=\/wp\/v2\/posts"}],"about":[{"href":"https:\/\/www.diarioimagen.net\/index.php?rest_route=\/wp\/v2\/types\/post"}],"author":[{"embeddable":true,"href":"https:\/\/www.diarioimagen.net\/index.php?rest_route=\/wp\/v2\/users\/3"}],"replies":[{"embeddable":true,"href":"https:\/\/www.diarioimagen.net\/index.php?rest_route=%2Fwp%2Fv2%2Fcomments&post=607022"}],"version-history":[{"count":0,"href":"https:\/\/www.diarioimagen.net\/index.php?rest_route=\/wp\/v2\/posts\/607022\/revisions"}],"wp:attachment":[{"href":"https:\/\/www.diarioimagen.net\/index.php?rest_route=%2Fwp%2Fv2%2Fmedia&parent=607022"}],"wp:term":[{"taxonomy":"category","embeddable":true,"href":"https:\/\/www.diarioimagen.net\/index.php?rest_route=%2Fwp%2Fv2%2Fcategories&post=607022"},{"taxonomy":"post_tag","embeddable":true,"href":"https:\/\/www.diarioimagen.net\/index.php?rest_route=%2Fwp%2Fv2%2Ftags&post=607022"}],"curies":[{"name":"wp","href":"https:\/\/api.w.org\/{rel}","templated":true}]}}