{"id":607053,"date":"2024-01-18T00:04:39","date_gmt":"2024-01-18T06:04:39","guid":{"rendered":"https:\/\/www.diarioimagen.net\/?p=607053"},"modified":"2024-01-18T01:08:27","modified_gmt":"2024-01-18T07:08:27","slug":"fomenta-el-gem-cultura-de-la-paz-a-traves-de-la-muestra-itinerante-del-museo-memoria-y-tolerancia","status":"publish","type":"post","link":"https:\/\/www.diarioimagen.net\/?p=607053","title":{"rendered":"Fomenta el GEM cultura de la paz a trav\u00e9s de la muestra itinerante del Museo Memoria y Tolerancia"},"content":{"rendered":"<p>&nbsp;<\/p>\n<ul>\n<li><em><strong>Concluir\u00e1 en el Parque de la Ciencia \u201cFundadores\u201d<\/strong><\/em><\/li>\n<\/ul>\n<p>&nbsp;<\/p>\n<div id=\"attachment_607113\" style=\"width: 470px\" class=\"wp-caption aligncenter\"><a href=\"https:\/\/www.diarioimagen.net\/?attachment_id=607113\" rel=\"attachment wp-att-607113\"><img loading=\"lazy\" decoding=\"async\" aria-describedby=\"caption-attachment-607113\" class=\"size-full wp-image-607113\" src=\"https:\/\/www.diarioimagen.net\/wp-content\/uploads\/2024\/01\/fomenta-gem.jpg\" alt=\"\" width=\"460\" height=\"270\" \/><\/a><p id=\"caption-attachment-607113\" class=\"wp-caption-text\">La muestra, que lleva como t\u00edtulo \u201c15 ciudades por la paz. T\u00fanel de la paz\u201d, conclute el 31 de enero de 2024 en el Parque de la Ciencia \u201cFundadores\u201d, en la capital mexiquense.<\/p><\/div>\n<p>&nbsp;<\/p>\n<p><strong>Toluca, Estado de M\u00e9xico.\u2014<\/strong> Con el objetivo de fomentar la cultura de la paz entre las y los mexiquenses, el Gobierno del Estado de M\u00e9xico, a trav\u00e9s de la Secretar\u00eda de Cultura y Turismo, invita a recorrer la exposici\u00f3n itinerante del Museo Memoria y Tolerancia \u201c15 Ciudades por la paz. T\u00fanel de la paz\u201d, exhibida en el Parque de la Ciencia \u201cFundadores\u201d, de la ciudad de Toluca.<\/p>\n<p>El 31 de enero es el \u00faltimo d\u00eda de esta muestra que promueve herramientas para la construcci\u00f3n de la paz y la no violencia, as\u00ed como crear responsabilidad, conciencia y respeto en cada individuo.<\/p>\n<p>Durante el recorrido, las y los visitantes conocer\u00e1n temas como Comprendiendo la paz; Di\u00e1logo y herramientas para la paz; Gandhi y la no violencia; El desaf\u00edo para la paz en M\u00e9xico; Construyamos la paz en nuestra vida cotidiana; L\u00edderes por la paz y Medio ambiente. La instalaci\u00f3n itinerante destaca por su dise\u00f1o museogr\u00e1fico tecnol\u00f3gico y de vanguardia, el cual se conforma por muros y techumbres de f\u00e1cil traslado y montaje. Esta actividad es gratuita y est\u00e1 al alcance de las y los mexiquenses, como parte de las acciones que ha emprendido el Gobierno de la Maestra Delfina G\u00f3mez \u00c1lvarez de promover espacios libres de violencia, reconstruir el tejido social y ejercer los derechos en la construcci\u00f3n de la paz.<\/p>\n<p>El Museo Memoria y Tolerancia de la Ciudad de M\u00e9xico ha llevado a diversas ciudades esta exposici\u00f3n como herramienta masiva de concientizaci\u00f3n y sensibilizaci\u00f3n, que busca llegar en un a\u00f1o a 15 ciudades distintas e impactar a m\u00e1s de 100 mil personas. El Estado de M\u00e9xico se suma en esta etapa con Toluca como la primera de las 15 ciudades del pa\u00eds en las que se expondr\u00e1 el T\u00fanel de la paz.<\/p>\n","protected":false},"excerpt":{"rendered":"<p>Con el objetivo de fomentar la cultura de la paz entre las y los mexiquenses, el Gobierno del Estado de M\u00e9xico, a trav\u00e9s de la Secretar\u00eda de Cultura y Turismo, invita a recorrer la exposici\u00f3n itinerante del Museo Memoria y Tolerancia \u201c15 Ciudades por la paz. T\u00fanel de la paz\u201d, exhibida en el Parque de la Ciencia \u201cFundadores\u201d, de la ciudad de Toluca.<\/p>\n","protected":false},"author":3,"featured_media":607113,"comment_status":"open","ping_status":"open","sticky":false,"template":"","format":"standard","meta":{"_monsterinsights_skip_tracking":false,"_monsterinsights_sitenote_active":false,"_monsterinsights_sitenote_note":"","_monsterinsights_sitenote_category":0,"footnotes":""},"categories":[5],"tags":[43675,72658,452],"class_list":["post-607053","post","type-post","status-publish","format-standard","has-post-thumbnail","hentry","category-estado-de-mexico","tag-estado-de-mexico","tag-museo-memoria-y-tolerancia","tag-toluca"],"_links":{"self":[{"href":"https:\/\/www.diarioimagen.net\/index.php?rest_route=\/wp\/v2\/posts\/607053","targetHints":{"allow":["GET"]}}],"collection":[{"href":"https:\/\/www.diarioimagen.net\/index.php?rest_route=\/wp\/v2\/posts"}],"about":[{"href":"https:\/\/www.diarioimagen.net\/index.php?rest_route=\/wp\/v2\/types\/post"}],"author":[{"embeddable":true,"href":"https:\/\/www.diarioimagen.net\/index.php?rest_route=\/wp\/v2\/users\/3"}],"replies":[{"embeddable":true,"href":"https:\/\/www.diarioimagen.net\/index.php?rest_route=%2Fwp%2Fv2%2Fcomments&post=607053"}],"version-history":[{"count":0,"href":"https:\/\/www.diarioimagen.net\/index.php?rest_route=\/wp\/v2\/posts\/607053\/revisions"}],"wp:featuredmedia":[{"embeddable":true,"href":"https:\/\/www.diarioimagen.net\/index.php?rest_route=\/wp\/v2\/media\/607113"}],"wp:attachment":[{"href":"https:\/\/www.diarioimagen.net\/index.php?rest_route=%2Fwp%2Fv2%2Fmedia&parent=607053"}],"wp:term":[{"taxonomy":"category","embeddable":true,"href":"https:\/\/www.diarioimagen.net\/index.php?rest_route=%2Fwp%2Fv2%2Fcategories&post=607053"},{"taxonomy":"post_tag","embeddable":true,"href":"https:\/\/www.diarioimagen.net\/index.php?rest_route=%2Fwp%2Fv2%2Ftags&post=607053"}],"curies":[{"name":"wp","href":"https:\/\/api.w.org\/{rel}","templated":true}]}}