{"id":607057,"date":"2024-01-18T00:01:28","date_gmt":"2024-01-18T06:01:28","guid":{"rendered":"https:\/\/www.diarioimagen.net\/?p=607057"},"modified":"2024-01-18T01:10:17","modified_gmt":"2024-01-18T07:10:17","slug":"karla-fiesco-impulsa-el-futuro-de-cuautitlan-izcalli-con-entrega-de-arcotechos","status":"publish","type":"post","link":"https:\/\/www.diarioimagen.net\/?p=607057","title":{"rendered":"Karla Fiesco impulsa el futuro de Cuautitl\u00e1n Izcalli con entrega de arcotechos"},"content":{"rendered":"<p>&nbsp;<\/p>\n<ul>\n<li><em><strong>Beneficio a m\u00e1s de mil estudiantes<\/strong><\/em><\/li>\n<\/ul>\n<p>&nbsp;<\/p>\n<div id=\"attachment_607119\" style=\"width: 470px\" class=\"wp-caption aligncenter\"><a href=\"https:\/\/www.diarioimagen.net\/?attachment_id=607119\" rel=\"attachment wp-att-607119\"><img loading=\"lazy\" decoding=\"async\" aria-describedby=\"caption-attachment-607119\" class=\"size-full wp-image-607119\" src=\"https:\/\/www.diarioimagen.net\/wp-content\/uploads\/2024\/01\/karla-fiesco.jpg\" alt=\"\" width=\"460\" height=\"270\" \/><\/a><p id=\"caption-attachment-607119\" class=\"wp-caption-text\">La alcaldesa Karla Fiesco, en compa\u00f1\u00eda de directores de \u00e1rea y miembros de Cabildo, realizaron la inauguraci\u00f3n de la arcotechos en escuelas de Cuautitl\u00e1n Izcalli.<\/p><\/div>\n<p>&nbsp;<\/p>\n<p><strong>Cuautitl\u00e1n Izcalli, Estado de M\u00e9xico.\u2014<\/strong> Seguimos trabajando para poder recompensar al futuro de Izcalli, es por ello que el gobierno municipal dirigido por Karla Fiesco Garc\u00eda, en compa\u00f1\u00eda de directores de \u00e1rea y miembros de Cabildo, realizaron la inauguraci\u00f3n de los Arcotechos de las escuelas secundarias Jos\u00e9 Mariano Michelena, en El Rosario, General L\u00e1zaro C\u00e1rdenas del R\u00edo, en General\u00edsimo Jos\u00e9 Mar\u00eda Morelos y Pav\u00f3n y la primaria Ricardo Flores Mag\u00f3n, en La Piedad, mismos que beneficiaron a m\u00e1s de mil estudiantes.<\/p>\n<p>La alcaldesa mencion\u00f3 que \u201cestos arcotechos, son resultados de un trabajo en equipo que se hace ante peticiones, esto es un ejemplo de que las cosas que se trabajan en equipo dan grandes resultados y se debe tener presente cada d\u00eda y para nosotros todos ustedes los j\u00f3venes, son lo m\u00e1s valioso que tiene el municipio y seguimos trabajando y apostando en el futuro de Izcalli\u201d.<\/p>\n<p>En estas escuelas se llevaron a cabo trabajos con trazo y nivelaci\u00f3n de terreno, zapata aislada, columna circular, suministro y colocaci\u00f3n de cubierta autosoportante y suministro y colocaci\u00f3n de luminarias, as\u00ed como mantenimiento en los sanitarios en la escuela Jos\u00e9 Mariano Michelena.<\/p>\n<p>Dichas obras se llevaron a cabo con una fuente de financiamiento Faismunh de 4 millones 874 mil 668.2 pesos.<\/p>\n<p>Finalmente, se entregaron reconocimientos al Comit\u00e9 Ciudadano de Control y Vigilancia (Cocicovi) y al Comit\u00e9 de Participaci\u00f3n Social (Copaso), que estuvieron al pendiente de las obras.<\/p>\n","protected":false},"excerpt":{"rendered":"<p>Seguimos trabajando para poder recompensar al futuro de Izcalli, es por ello que el gobierno municipal dirigido por Karla Fiesco Garc\u00eda, en compa\u00f1\u00eda de directores de \u00e1rea y miembros de Cabildo, realizaron la inauguraci\u00f3n de los Arcotechos de las escuelas secundarias Jos\u00e9 Mariano Michelena, en El Rosario, General L\u00e1zaro C\u00e1rdenas del R\u00edo, en General\u00edsimo Jos\u00e9 Mar\u00eda Morelos y Pav\u00f3n y la primaria Ricardo Flores Mag\u00f3n, en La Piedad, mismos que beneficiaron a m\u00e1s de mil estudiantes.<\/p>\n","protected":false},"author":3,"featured_media":607119,"comment_status":"open","ping_status":"open","sticky":false,"template":"","format":"standard","meta":{"_monsterinsights_skip_tracking":false,"_monsterinsights_sitenote_active":false,"_monsterinsights_sitenote_note":"","_monsterinsights_sitenote_category":0,"footnotes":""},"categories":[5],"tags":[78840,971,43675,93011],"class_list":["post-607057","post","type-post","status-publish","format-standard","has-post-thumbnail","hentry","category-estado-de-mexico","tag-arcotechos","tag-cuautitlan-izcalli","tag-estado-de-mexico","tag-karla-fiesco-garcia"],"_links":{"self":[{"href":"https:\/\/www.diarioimagen.net\/index.php?rest_route=\/wp\/v2\/posts\/607057","targetHints":{"allow":["GET"]}}],"collection":[{"href":"https:\/\/www.diarioimagen.net\/index.php?rest_route=\/wp\/v2\/posts"}],"about":[{"href":"https:\/\/www.diarioimagen.net\/index.php?rest_route=\/wp\/v2\/types\/post"}],"author":[{"embeddable":true,"href":"https:\/\/www.diarioimagen.net\/index.php?rest_route=\/wp\/v2\/users\/3"}],"replies":[{"embeddable":true,"href":"https:\/\/www.diarioimagen.net\/index.php?rest_route=%2Fwp%2Fv2%2Fcomments&post=607057"}],"version-history":[{"count":0,"href":"https:\/\/www.diarioimagen.net\/index.php?rest_route=\/wp\/v2\/posts\/607057\/revisions"}],"wp:featuredmedia":[{"embeddable":true,"href":"https:\/\/www.diarioimagen.net\/index.php?rest_route=\/wp\/v2\/media\/607119"}],"wp:attachment":[{"href":"https:\/\/www.diarioimagen.net\/index.php?rest_route=%2Fwp%2Fv2%2Fmedia&parent=607057"}],"wp:term":[{"taxonomy":"category","embeddable":true,"href":"https:\/\/www.diarioimagen.net\/index.php?rest_route=%2Fwp%2Fv2%2Fcategories&post=607057"},{"taxonomy":"post_tag","embeddable":true,"href":"https:\/\/www.diarioimagen.net\/index.php?rest_route=%2Fwp%2Fv2%2Ftags&post=607057"}],"curies":[{"name":"wp","href":"https:\/\/api.w.org\/{rel}","templated":true}]}}